{"id":71351,"date":"2018-06-26T19:27:34","date_gmt":"2018-06-26T17:27:34","guid":{"rendered":"http:\/\/www.tucomarca.com\/wordpress\/segunda\/el-cotif-celebra-els-seus-35-anys-provant-el-var-que-arriba-aquesta-temporada-a-espanya\/"},"modified":"2018-07-30T03:54:39","modified_gmt":"2018-07-30T01:54:39","slug":"el-cotif-celebra-els-seus-35-anys-provant-el-var-que-arriba-aquesta-temporada-a-espanya","status":"publish","type":"post","link":"https:\/\/www.tucomarca.com\/wordpress\/segunda\/ca\/el-cotif-celebra-els-seus-35-anys-provant-el-var-que-arriba-aquesta-temporada-a-espanya\/","title":{"rendered":"El Cotif celebra els seus 35 anys provant el VAR que arriba aquesta temporada a Espanya"},"content":{"rendered":"<p>La trenta-cinquena edici\u00f3 del Cotif arrancar\u00e0 el 28 de juliol en l&#8217;estadi Els Arcs de l&#8217;Alc\u00fadia amb una important novetat, com \u00e9s la utilitzaci\u00f3 del VAR en tots els partits del torneig. Una bona forma de celebrar els 35 anys d&#8217;aquesta competici\u00f3 pionera que &#8220;impulsa el futbol base i femen\u00ed i porta el nom de l&#8217;Alc\u00fadia i Val\u00e8ncia per tot el m\u00f3n&#8221;, segons ha destacat la responsable d&#8217;Esports de la Diputaci\u00f3, Isabel Garc\u00eda.<\/p>\n<p>Una altra novetat, en la l\u00ednia de les pol\u00edtiques d&#8217;Igualtat per les quals ha apostat la Diputaci\u00f3, \u00e9s el cartell de l&#8217;esdeveniment, que mostra la primera imatge femenina en la hist\u00f2ria del Cotif. La protagonista \u00e9s Nuria Escoms, una jove futbolista del Llevant UD que juga en la Selecci\u00f3 Valenciana Sub-12. Nuria, com altres xiquetes i xiquets valencians que somien amb el futbol, &#8220;tenen en el Cotif el seu pa\u00eds del mai de la vida&#8221;, com ha definit el torneig l&#8217;alcalde de l&#8217;Alc\u00fadia, Andreu Salom.<\/p>\n<p>La corporaci\u00f3 provincial mant\u00e9 la seua implicaci\u00f3 amb aquest esdeveniment esportiu al qual aporta 50.000 euros per a l&#8217;organitzaci\u00f3 i en el qual ha invertit altres partides amb les quals s&#8217;ha pogut ampliar en 1.500 persones l&#8217;aforament de l&#8217;estadi Els Arcs. Un Cotif que en aquesta ocasi\u00f3 &#8220;torna a ser referent amb l&#8217;\u00fas del VAR que tan de moda est\u00e0 aquests dies amb la celebraci\u00f3 del Mundial, i que a partir d&#8217;agost arribar\u00e0 a les grans competicions de futbol nacionals&#8221;, ha apuntat la diputada d&#8217;Esports.<\/p>\n<p>Abans que el VAR arribe a la Supercopa i posteriorment a la Lliga, el videoarbitraje s&#8217;estrenar\u00e0 a Espanya en el Cotif, la qual cosa ha atret la presentaci\u00f3 del torneig, en el pati dels Scala de la Diputaci\u00f3, al president del Val\u00e8ncia CF, Anil Murthy, el president d&#8217;honor del Llevant UD, Franscisco Fenollosa, l&#8217;ex portera del Val\u00e8ncia CF Andr\u00e9s Palop, el conseller i ambaixador del Val\u00e8ncia CF, Juan Cruz Sol, el col\u00b7legiat de Benidorm Juan Mart\u00ednez Munuera, i la directora del Llevant Femen\u00ed, Maider Castillo, entre altres personalitats del m\u00f3n del futbol.<\/p>\n<p>El president del Val\u00e8ncia CF, Anil Murthy, ha felicitat als responsables del Cotif pel 35 aniversari del torneig i ha valorat la import\u00e0ncia del futbol base, pel qual aposta decididament el club des de la seua escola a Paterna. Tamb\u00e9 s&#8217;ha pronunciat el president del Val\u00e8ncia CF sobre l&#8217;arribada del VAR al futbol espanyol: &#8220;hem d&#8217;acostumar-nos a aquesta novetat; el futbol canvia i cal canviar amb el futbol&#8221;.<\/p>\n<p><strong>El cartell<\/strong><\/p>\n<p>Si alguna cosa no canvia, \u00e9s el nivell dels participants del Cotif, que portar\u00e0 de nou el nom de l&#8217;Alc\u00fadia, de la Ribera i de Val\u00e8ncia de tornada per l&#8217;univers futbol\u00edstic. En el quadre mascul\u00ed, el prestigi\u00f3s torneig de futbol sub-20 comptar\u00e0 amb 10 seleccions, entre elles la Valenciana, que es mesurar\u00e0 als combinats nacionals de R\u00fassia, Argentina, el Marroc, Costa Rica, Uruguai, Maurit\u00e0nia, \u00cdndia, Vene\u00e7uela i Qatar.<\/p>\n<p>En paraules d&#8217;Eliseu G\u00f3mez, president del torneig, &#8220;el Cotif \u00e9s el Mundial dels valencians&#8221;, del qual ha destacat que &#8220;despr\u00e9s de 35 anys tots volen jugar a l&#8217;Alc\u00fadia&#8221;. Quant a les novetats, G\u00f3mez ha avan\u00e7at la construcci\u00f3 d&#8217;un nou camp per al futbol base, una altra ampliaci\u00f3 de l&#8217;aforament despr\u00e9s de la realitzada amb ajuda de la Diputaci\u00f3 i la publicaci\u00f3 d&#8217;un llibre d&#8217;extraordinari amb prop de 400 p\u00e0gines que arreplega la hist\u00f2ria d&#8217;aquests 35 anys de Cotif.<\/p>\n<p>M\u00e9s de tres d\u00e8cades de futbol sub-20 als Arcs, la gespa del qual han trepitjat estels mundials com Kaka, Dani Alves, Isco, Shevchenko, Sergio Busquets, Iker Casillas i James Rodr\u00edguez, llavors promeses. Tamb\u00e9 exvalencianistes com David Albelda, Mendieta, Paco Alc\u00e0sser, Jordi Alba i Andr\u00e9s Palop, el porter natural de l&#8217;Alc\u00fadia per al qual el Cotif va ser &#8220;la rampa d&#8217;eixida cap al m\u00f3n professional&#8221;.<\/p>\n<p>En el campionat femen\u00ed, que el Cotif est\u00e0 disposat a potenciar temporada a temporada, destaca la pres\u00e8ncia del Llevant UD i el Madrid, que s&#8217;enfrontaran a les seleccions nacionals del Marroc i \u00cdndia i a la Fundaci\u00f3 Albacete. I no faltar\u00e0 el futbol promeses, que inclou les categories de prebenjamines, benjamins i alevins. La pilota rodar\u00e0 als Arcs, un any m\u00e9s, entre el 28 de juliol i el 8 d&#8217;agost.<\/p>\n","protected":false},"excerpt":{"rendered":"<div class=\"mh-excerpt\">La trenta-cinquena edici\u00f3 del Cotif arrancar\u00e0 el 28 de juliol en l&#8217;estadi Els Arcs de l&#8217;Alc\u00fadia amb una important novetat, com \u00e9s la utilitzaci\u00f3 del VAR en tots els partits del torneig. Una bona forma <a class=\"mh-excerpt-more\" href=\"https:\/\/www.tucomarca.com\/wordpress\/segunda\/ca\/el-cotif-celebra-els-seus-35-anys-provant-el-var-que-arriba-aquesta-temporada-a-espanya\/\" title=\"El Cotif celebra els seus 35 anys provant el VAR que arriba aquesta temporada a Espanya\">[+] <\/a><\/div>\n","protected":false},"author":1,"featured_media":71352,"comment_status":"open","ping_status":"open","sticky":false,"template":"","format":"standard","meta":{"footnotes":""},"categories":[11015,11003,10898,10894,10904,10896,11062],"tags":[10379,44,10463,3640],"class_list":{"0":"post-71351","1":"post","2":"type-post","3":"status-publish","4":"format-standard","5":"has-post-thumbnail","7":"category-canal-futbol","8":"category-sports","9":"category-ventana-ca","10":"category-la-comarca-ca","11":"category-sin-categorizar-ca","12":"category-seccion-ca","13":"category-videos","14":"tag-deportes","15":"tag-futbol","16":"tag-lalcudia","17":"tag-la-ribera-alta"},"_links":{"self":[{"href":"https:\/\/www.tucomarca.com\/wordpress\/segunda\/ca\/wp-json\/wp\/v2\/posts\/71351","targetHints":{"allow":["GET"]}}],"collection":[{"href":"https:\/\/www.tucomarca.com\/wordpress\/segunda\/ca\/wp-json\/wp\/v2\/posts"}],"about":[{"href":"https:\/\/www.tucomarca.com\/wordpress\/segunda\/ca\/wp-json\/wp\/v2\/types\/post"}],"author":[{"embeddable":true,"href":"https:\/\/www.tucomarca.com\/wordpress\/segunda\/ca\/wp-json\/wp\/v2\/users\/1"}],"replies":[{"embeddable":true,"href":"https:\/\/www.tucomarca.com\/wordpress\/segunda\/ca\/wp-json\/wp\/v2\/comments?post=71351"}],"version-history":[{"count":0,"href":"https:\/\/www.tucomarca.com\/wordpress\/segunda\/ca\/wp-json\/wp\/v2\/posts\/71351\/revisions"}],"wp:featuredmedia":[{"embeddable":true,"href":"https:\/\/www.tucomarca.com\/wordpress\/segunda\/ca\/wp-json\/wp\/v2\/media\/71352"}],"wp:attachment":[{"href":"https:\/\/www.tucomarca.com\/wordpress\/segunda\/ca\/wp-json\/wp\/v2\/media?parent=71351"}],"wp:term":[{"taxonomy":"category","embeddable":true,"href":"https:\/\/www.tucomarca.com\/wordpress\/segunda\/ca\/wp-json\/wp\/v2\/categories?post=71351"},{"taxonomy":"post_tag","embeddable":true,"href":"https:\/\/www.tucomarca.com\/wordpress\/segunda\/ca\/wp-json\/wp\/v2\/tags?post=71351"}],"curies":[{"name":"wp","href":"https:\/\/api.w.org\/{rel}","templated":true}]}}