{"id":71386,"date":"2018-06-13T10:22:33","date_gmt":"2018-06-13T08:22:33","guid":{"rendered":"http:\/\/www.tucomarca.com\/wordpress\/segunda\/les-arts-volant-visitara-14-municipios-y-6-barrios-de-valencia-en-su-segunda-edicion-con-bastia-i-bastiana\/"},"modified":"2018-07-30T05:15:41","modified_gmt":"2018-07-30T03:15:41","slug":"les-arts-volant-visitara-14-municipios-y-6-barrios-de-valencia-en-su-segunda-edicion-con-bastia-i-bastiana","status":"publish","type":"post","link":"https:\/\/www.tucomarca.com\/wordpress\/segunda\/ca\/les-arts-volant-visitara-14-municipios-y-6-barrios-de-valencia-en-su-segunda-edicion-con-bastia-i-bastiana\/","title":{"rendered":"\u2018Les Arts Volant\u2019 visitar\u00e1 14 municipis y 6 barris de Val\u00e8ncia en la seua segona edici\u00f3 con \u201cBasti\u00e0 i Bastiana\u201d"},"content":{"rendered":"<figure id=\"attachment_71387\" aria-describedby=\"caption-attachment-71387\" style=\"width: 493px\" class=\"wp-caption alignleft\"><img loading=\"lazy\" decoding=\"async\" class=\" wp-image-69938\" src=\"http:\/\/www.tucomarca.com\/wordpress\/segunda\/wp-content\/uploads\/2018\/06\/LesArtsVolant-1-1024x683.jpg\" alt=\"\u2018Les Arts Volant\u2019 visitar\u00e1 14 municipis y 6 barris de Val\u00e8ncia en la seua segona edici\u00f3 con \u201cBasti\u00e0 i Bastiana\u201d\" width=\"493\" height=\"329\" srcset=\"https:\/\/www.tucomarca.com\/wordpress\/segunda\/wp-content\/uploads\/2018\/06\/LesArtsVolant-1-1024x683.jpg 1024w, https:\/\/www.tucomarca.com\/wordpress\/segunda\/wp-content\/uploads\/2018\/06\/LesArtsVolant-1-300x200.jpg 300w, https:\/\/www.tucomarca.com\/wordpress\/segunda\/wp-content\/uploads\/2018\/06\/LesArtsVolant-1-768x512.jpg 768w\" sizes=\"auto, (max-width: 493px) 100vw, 493px\" \/><figcaption id=\"caption-attachment-71387\" class=\"wp-caption-text\">\u2018Les Arts Volant\u2019 visitar\u00e1 14 municipis y 6 barris de Val\u00e8ncia en la seua segona edici\u00f3 con \u201cBasti\u00e0 i Bastiana\u201d<\/figcaption><\/figure>\n<p>\u2018Les Arts Volant\u2019, proyecto impulsado por el \u00c1rea de Cultura de la Diputaci\u00f3n de Val\u00e8ncia, visitar\u00e1 en su\u00a0 segunda edici\u00f3n 14 municipios de la provincia y seis barrios de la ciudad de Val\u00e8ncia. Lo har\u00e1 con la \u00f3pera en valenciano <em>Basti\u00e0 i Bastiana<\/em>, de Wolfgang Amadeus Mozart, seg\u00fan han anunciado sus responsables a los medios de comunicaci\u00f3n esta ma\u00f1ana.<\/p>\n<p>La rueda de prensa de presentaci\u00f3n de esta segunda edici\u00f3n de \u2018Les Arts Volant\u2019 ha contado con la participaci\u00f3n del secretario auton\u00f3mico de Cultura y Deporte, Albert Girona; la vicepresidenta de la Diputaci\u00f3 de Val\u00e8ncia, Maria Josep Amig\u00f3; la presidenta del Patronato de Les Arts, Susana Lloret; el diputado de Cultura, Xavier Rius; y la concejala de Cultura del Ayuntamiento de Val\u00e8ncia, Gl\u00f2ria Tello.<\/p>\n<p>\u2018Les Arts Volant\u2019 inici\u00f3 su andadura hace poco m\u00e1s de un a\u00f1o, fruto de un acuerdo entre el Palau de les Arts, dependiente de la Conselleria de Educaci\u00f3n, Innovaci\u00f3n, Cultura y Deporte, con el \u00c1rea de Cultura de la Diputaci\u00f3 de Val\u00e8ncia, que permiti\u00f3 construir un escenario de \u00f3pera port\u00e1til, capaz de plegarse sobre s\u00ed mismo y trasladarse en un cami\u00f3n, que hace las veces de transporte y de soporte esc\u00e9nico.<\/p>\n<p>La propuesta, pionera en el Estado, adapta la primera \u00f3pera de Mozart, <em>Basti\u00e0 i Bastiana<\/em>, que interpretan en valenciano los cantantes del Centre Pl\u00e1cido Domingo, acompa\u00f1ados al piano por A\u00efda Bousselma y Husan Park. El montaje, realizado por el equipo de profesionales de Les Arts, es una producci\u00f3n de Davide Livermore, con vestuario de Jos\u00e9 Mar\u00eda Adame e iluminaci\u00f3n de Antonio Castro.<\/p>\n<p>La Diputaci\u00f3n de Val\u00e8ncia ha preparado un convenio de colaboraci\u00f3n con Les Arts que se renueva porsegundo a\u00f1o con un importe de 250.000 euros. Gracias a esteconvenio los ciudadanos de la provincia de Val\u00e8ncia podr\u00e1n disfrutar de la gira de \u2018Les Arts Volant 2018\u2019, pero tambi\u00e9n se acuerdan cesiones de espacios para actividades propias de la Diputaci\u00f3 o compartidas entre ambas instituciones, como el concierto de piano de Fatima Dsuzova y la Orquesta de la Comunitat Valenciana del pasadomes defebrero.<\/p>\n<p>Adem\u00e1s, a finales de a\u00f1o se volver\u00e1 a ofrecer la oportunidada grupos de vecinosde diversos municipiosde la provincia de Val\u00e8ncia, de asistira una selecci\u00f3n de ensayos generales de diferentes producciones oper\u00edsticas.<\/p>\n<p><strong>Colaboraci\u00f3n y sinton\u00eda institucional<\/strong><\/p>\n<p>La sinton\u00eda entre las distintas administraciones p\u00fablicas, especialmente en el \u00e1mbito cultural, se hace evidente en un proyecto tan colaborativo como \u2018Les Arts Volant\u2019, donde Generalitat, Diputaci\u00f3 y Ayuntamiento han trabajado conjuntamente.<\/p>\n<p>As\u00ed lo ha destacado Albert Girona, para quien la continuidad de este proyecto es el \u201cmejor ejemplo de un compromiso com\u00fan:\u00a0 hacer cultura y hacer a la gente part\u00edcipe de ella, una l\u00ednea de trabajo fundamental en la nueva etapa que la Generalitat ha puesto en marcha en Les Arts\u201d.<\/p>\n<p>En este sentido, la presidenta del Patronato de Les Arts, Susana Lloret, ha hecho hincapi\u00e9 en la importancia del proyecto, pues \u201cdentro de esta apuesta por acercar la \u00f3pera a todos, independientemente de su edad, origen o formaci\u00f3n, \u2018Les Arts Volant\u2019 rompe una importante barrera, la distancia, y que estemos presentando una segunda temporada quiere decir que se est\u00e1 trabajando en el buen camino\u201d.<\/p>\n<p>Por su parte, la vicepresidenta de la Diputaci\u00f3, Maria Josep Amig\u00f3 ha apreciado el \u201cdinamismo de este proyecto. La iniciativa de adaptar una \u00f3pera a formato port\u00e1til y acercarla a todos los rincones nos permite contribuir a descentralizar y afianzar los lazos de la cultura con el territorio. Objetivosb\u00e1sicosde la instituci\u00f3nque \u2018Les Arts Volant\u2019 cumplen perfectamente\u201d.<\/p>\n<p>Adem\u00e1s, insist\u00eda Amig\u00f3, \u201cLa colaboraci\u00f3n entre Les Arts y la Diputaci\u00f3 no se hab\u00eda producido hasta la presente legislatura. Era, a todas luces, una anomal\u00eda que hab\u00eda que subsanar de manera urgente\u201d. Para las instituciones p\u00fablicas, continuaba Amig\u00f3, \u201cno tiene ning\u00fan sentido promover un arte tan complejo como la \u00f3pera y hacerlo exclusivo o elitista. Si conseguimos que la \u00f3pera sea accesible, desplaz\u00e1ndola a nuestras localidades, entonces no cabe duda que estamos sembrando una semilla de futuro para este arte tan excepcional\u201d.<\/p>\n<p>El diputado del \u00c0rea de Cultura de la Diputaci\u00f3 de Val\u00e8ncia, Xavier Rius, tras anunciarque la gira de 2017 permiti\u00f3 a unas 8.000 personas asistir a las diversas representaciones, ha afirmado, desde un punto de vista m\u00e1s emotivo y personal, que \u201cpara muchos de los asistentes \u00e9ste ha sido su bautismo oper\u00edstico, y sin salir de su municipio. Conf\u00edo mucho en que el proyecto de \u2018Les Arts Volant\u2019 va a fortalecer el trabajo que realiza una instituci\u00f3n como Les Arts, pero tambi\u00e9n va a conseguirnuevos y entusiastas adeptos\u201d.<\/p>\n<p>En relaci\u00f3n con las primeras reuniones de las que surgi\u00f3 el proyecto, Rius reconoc\u00eda que \u201chicimos una apuesta arriesgada por un producto poco convencional y nunca puesto en pr\u00e1ctica. Ahora, un a\u00f1o despu\u00e9s, y tras haber estado en varias representaciones, creo que esta obra \u2018sobre ruedas\u2019 que se acerca atodoslos rincones de nuestra geograf\u00edafue un gran acierto\u201d.<\/p>\n<p>Rius ha insistido en la calidad de la obra y del equipo de cantantes que la llevan a cabo. Y ha querido recordar algunas actuaciones pasadas como\u201cla de Castielfabib, un pueblo tan peque\u00f1o, donde puedo asegurar que hab\u00eda m\u00e1s p\u00fablico venido de fuera que vecinos empadronados; o la inauguraci\u00f3n de la gira en C\u00e0rcer, bajo una persistente lluvia, con una emocionante actuaci\u00f3ntantode los actores ylasactrices, como de la pianista, con un adjunto sosteni\u00e9ndole un paraguas en directo; o actuacionesen otros municipios donde la primera fila estaba tomada por ni\u00f1os de menos de cinco a\u00f1os que manten\u00edan un silencio y atenci\u00f3n pasmosos\u201d.<\/p>\n<p>Por su parte, el Ayuntamiento de Val\u00e8ncia mantiene tambi\u00e9n su apuesta por \u2018Les Arts Volant\u2019 por segundo a\u00f1o consecutivo, como as\u00ed ha se\u00f1alado la concejala de Cultura, Gl\u00f2ria Tello. Tello ha enmarcado el proyecto de \u00f3pera itinerante en la ruta iniciada hace ya tres a\u00f1os por el \u00e1rea municipal para \u201cdemocratizar la cultura, dignificarla i hacerla llegar a toda la ciudadan\u00eda, defendiendo el derecho individual de acceso y disfrute en igualdad de condiciones\u201d.<\/p>\n<p><strong>La edici\u00f3n de 2018<\/strong><\/p>\n<p>El cartel de la gira es una readaptaci\u00f3n sobre la gr\u00e1fica creada en la edici\u00f3n pasada por el dise\u00f1ador Eusebio L\u00f3pez. La imagen recoge la esencia conceptual de la obra: una historia de encuentros y desencuentros en un bosque frondoso y lleno de misterios.<\/p>\n<p>Esta nueva edici\u00f3n de \u2018Les Arts Volant\u2019 recalar\u00e1 en 14 localidades de diferentes comarcas. En el mes de junio visitar\u00e1 Alc\u00e0sser (23), Ademuz (29) y Llutxent (30). Mientras que en julio llegar\u00e1 hasta los municipios de Meliana (1), Potries (5), Benifair\u00f3 de Valldigna (6), Chiva (7), Poliny\u00e0 del X\u00faquer (8), Camporrobles (11), Montesa (12), Rafelguaraf (19), L\u2019Olleria (20) y Carlet (23).<\/p>\n<p>Adem\u00e1s, seis actuaciones en la ciudad de Val\u00e8ncia en los meses de septiembre y octubre, y con la financiaci\u00f3n del Ayuntamiento, cerrar\u00e1n la temporada.<\/p>\n","protected":false},"excerpt":{"rendered":"<div class=\"mh-excerpt\">\u2018Les Arts Volant\u2019, proyecto impulsado por el \u00c1rea de Cultura de la Diputaci\u00f3n de Val\u00e8ncia, visitar\u00e1 en su\u00a0 segunda edici\u00f3n 14 municipios de la provincia y seis barrios de la ciudad de Val\u00e8ncia. Lo har\u00e1 <a class=\"mh-excerpt-more\" href=\"https:\/\/www.tucomarca.com\/wordpress\/segunda\/ca\/les-arts-volant-visitara-14-municipios-y-6-barrios-de-valencia-en-su-segunda-edicion-con-bastia-i-bastiana\/\" title=\"\u2018Les Arts Volant\u2019 visitar\u00e1 14 municipis y 6 barris de Val\u00e8ncia en la seua segona edici\u00f3 con \u201cBasti\u00e0 i Bastiana\u201d\">[+] <\/a><\/div>\n","protected":false},"author":1,"featured_media":71387,"comment_status":"open","ping_status":"open","sticky":false,"template":"","format":"standard","meta":{"footnotes":""},"categories":[10890,10926,11031,10990,10904,10912,10902,10909,11062,10975],"tags":[11097,10914,11077,10910],"class_list":{"0":"post-71386","1":"post","2":"type-post","3":"status-publish","4":"format-standard","5":"has-post-thumbnail","7":"category-ademus","8":"category-ademus-ca","9":"category-camporrobles-ca","10":"category-carlet-ca","11":"category-sin-categorizar-ca","12":"category-la-hoya-ca","13":"category-la-ribera-ca","14":"category-requena-utiel-ca","15":"category-videos","16":"category-chiva-ca","17":"tag-ademuz-ca","18":"tag-la-hoya-de-bunol-chiva-ca","19":"tag-la-ribera-alta-ca","20":"tag-requena-utiel-ca"},"_links":{"self":[{"href":"https:\/\/www.tucomarca.com\/wordpress\/segunda\/ca\/wp-json\/wp\/v2\/posts\/71386","targetHints":{"allow":["GET"]}}],"collection":[{"href":"https:\/\/www.tucomarca.com\/wordpress\/segunda\/ca\/wp-json\/wp\/v2\/posts"}],"about":[{"href":"https:\/\/www.tucomarca.com\/wordpress\/segunda\/ca\/wp-json\/wp\/v2\/types\/post"}],"author":[{"embeddable":true,"href":"https:\/\/www.tucomarca.com\/wordpress\/segunda\/ca\/wp-json\/wp\/v2\/users\/1"}],"replies":[{"embeddable":true,"href":"https:\/\/www.tucomarca.com\/wordpress\/segunda\/ca\/wp-json\/wp\/v2\/comments?post=71386"}],"version-history":[{"count":0,"href":"https:\/\/www.tucomarca.com\/wordpress\/segunda\/ca\/wp-json\/wp\/v2\/posts\/71386\/revisions"}],"wp:featuredmedia":[{"embeddable":true,"href":"https:\/\/www.tucomarca.com\/wordpress\/segunda\/ca\/wp-json\/wp\/v2\/media\/71387"}],"wp:attachment":[{"href":"https:\/\/www.tucomarca.com\/wordpress\/segunda\/ca\/wp-json\/wp\/v2\/media?parent=71386"}],"wp:term":[{"taxonomy":"category","embeddable":true,"href":"https:\/\/www.tucomarca.com\/wordpress\/segunda\/ca\/wp-json\/wp\/v2\/categories?post=71386"},{"taxonomy":"post_tag","embeddable":true,"href":"https:\/\/www.tucomarca.com\/wordpress\/segunda\/ca\/wp-json\/wp\/v2\/tags?post=71386"}],"curies":[{"name":"wp","href":"https:\/\/api.w.org\/{rel}","templated":true}]}}