{"id":71522,"date":"2018-06-13T10:28:50","date_gmt":"2018-06-13T08:28:50","guid":{"rendered":"http:\/\/www.tucomarca.com\/wordpress\/segunda\/turis-assessora-al-veinat-sobre-el-cooperativisme-a-traves-de-la-ribera-impulsa\/"},"modified":"2018-07-30T20:44:55","modified_gmt":"2018-07-30T18:44:55","slug":"turis-assessora-al-veinat-sobre-el-cooperativisme-a-traves-de-la-ribera-impulsa","status":"publish","type":"post","link":"https:\/\/www.tucomarca.com\/wordpress\/segunda\/ca\/turis-assessora-al-veinat-sobre-el-cooperativisme-a-traves-de-la-ribera-impulsa\/","title":{"rendered":"Tur\u00eds assessora al ve\u00efnat sobre el cooperativisme a trav\u00e9s de La Ribera Impulsa"},"content":{"rendered":"<figure id=\"attachment_69988\" aria-describedby=\"caption-attachment-69988\" style=\"width: 421px\" class=\"wp-caption alignleft\"><img loading=\"lazy\" decoding=\"async\" class=\" wp-image-69988\" src=\"http:\/\/www.tucomarca.com\/wordpress\/segunda\/wp-content\/uploads\/2018\/06\/Turiscooperativismo-1024x683.jpg\" alt=\"Charla desarrollada en Tur\u00eds.\" width=\"421\" height=\"281\" srcset=\"https:\/\/www.tucomarca.com\/wordpress\/segunda\/wp-content\/uploads\/2018\/06\/Turiscooperativismo-1024x683.jpg 1024w, https:\/\/www.tucomarca.com\/wordpress\/segunda\/wp-content\/uploads\/2018\/06\/Turiscooperativismo-300x200.jpg 300w, https:\/\/www.tucomarca.com\/wordpress\/segunda\/wp-content\/uploads\/2018\/06\/Turiscooperativismo-768x512.jpg 768w\" sizes=\"auto, (max-width: 421px) 100vw, 421px\" \/><figcaption id=\"caption-attachment-69988\" class=\"wp-caption-text\">Charla desarrollada en Tur\u00eds.<\/figcaption><\/figure>\n<p>El sal\u00f3 de plens de l\u2019ajuntament de Tur\u00eds ha acollit una xarrada oferida per FEVECTA emmarcada dins de les Jornades Formatives d\u2019Economia Social. El tema era &#8220;Vas a emprendre? I perqu\u00e8 no una cooperativa?&#8221;, i s\u2019ha oferit en diferents punts d\u00b4atenci\u00f3 de la Ribera Impulsa entre els quals est\u00e0 la localitat tuisana.<\/p>\n<p>Unes 20 persones van mostrar molt d&#8217;inter\u00e9s en qu\u00e9 \u00e9s una cooperativa, tr\u00e0mits per a la seua constituci\u00f3 i gesti\u00f3 i subvencions. Tot a\u00e7\u00f2 acompanyat d\u2019exemples pr\u00e0ctics.<\/p>\n<p>Ribera Impulsa \u00e9s un programa que s\u2019ofereix a trav\u00e9s de la Mancomunitat de La Ribera al qual s\u2019ha adherit l\u2019Ajuntament de Tur\u00eds i, entre altres objectius, hi ha una secci\u00f3 d\u2019assessorament empresarial que resulta de gran inter\u00e9s per al p\u00fablic.<\/p>\n<p>L\u2019alcalde, Eugenio Forta\u00f1a, comenta que \u201cno hi ha major satisfacci\u00f3 el poder oferir recursos i serveis al ve\u00efnat i que la gent responga, perqu\u00e8 la finalitat \u00e9s poder ajudar-los. En este cas, assessorant i donant informaci\u00f3 que els puga servir per a desenvolupar-se en el m\u00f3n laboral\u201d.<\/p>\n","protected":false},"excerpt":{"rendered":"<div class=\"mh-excerpt\">El sal\u00f3 de plens de l\u2019ajuntament de Tur\u00eds ha acollit una xarrada oferida per FEVECTA emmarcada dins de les Jornades Formatives d\u2019Economia Social. El tema era &#8220;Vas a emprendre? I perqu\u00e8 no una cooperativa?&#8221;, i <a class=\"mh-excerpt-more\" href=\"https:\/\/www.tucomarca.com\/wordpress\/segunda\/ca\/turis-assessora-al-veinat-sobre-el-cooperativisme-a-traves-de-la-ribera-impulsa\/\" title=\"Tur\u00eds assessora al ve\u00efnat sobre el cooperativisme a trav\u00e9s de La Ribera Impulsa\">[+] <\/a><\/div>\n","protected":false},"author":1,"featured_media":71523,"comment_status":"open","ping_status":"open","sticky":false,"template":"","format":"standard","meta":{"footnotes":""},"categories":[10948,10894,10902,10896,11047],"tags":[11077,11093],"class_list":{"0":"post-71522","1":"post","2":"type-post","3":"status-publish","4":"format-standard","5":"has-post-thumbnail","7":"category-infraestructuras-ca","8":"category-la-comarca-ca","9":"category-la-ribera-ca","10":"category-seccion-ca","11":"category-turis-ca","12":"tag-la-ribera-alta-ca","13":"tag-turis-ca"},"_links":{"self":[{"href":"https:\/\/www.tucomarca.com\/wordpress\/segunda\/ca\/wp-json\/wp\/v2\/posts\/71522","targetHints":{"allow":["GET"]}}],"collection":[{"href":"https:\/\/www.tucomarca.com\/wordpress\/segunda\/ca\/wp-json\/wp\/v2\/posts"}],"about":[{"href":"https:\/\/www.tucomarca.com\/wordpress\/segunda\/ca\/wp-json\/wp\/v2\/types\/post"}],"author":[{"embeddable":true,"href":"https:\/\/www.tucomarca.com\/wordpress\/segunda\/ca\/wp-json\/wp\/v2\/users\/1"}],"replies":[{"embeddable":true,"href":"https:\/\/www.tucomarca.com\/wordpress\/segunda\/ca\/wp-json\/wp\/v2\/comments?post=71522"}],"version-history":[{"count":0,"href":"https:\/\/www.tucomarca.com\/wordpress\/segunda\/ca\/wp-json\/wp\/v2\/posts\/71522\/revisions"}],"wp:featuredmedia":[{"embeddable":true,"href":"https:\/\/www.tucomarca.com\/wordpress\/segunda\/ca\/wp-json\/wp\/v2\/media\/71523"}],"wp:attachment":[{"href":"https:\/\/www.tucomarca.com\/wordpress\/segunda\/ca\/wp-json\/wp\/v2\/media?parent=71522"}],"wp:term":[{"taxonomy":"category","embeddable":true,"href":"https:\/\/www.tucomarca.com\/wordpress\/segunda\/ca\/wp-json\/wp\/v2\/categories?post=71522"},{"taxonomy":"post_tag","embeddable":true,"href":"https:\/\/www.tucomarca.com\/wordpress\/segunda\/ca\/wp-json\/wp\/v2\/tags?post=71522"}],"curies":[{"name":"wp","href":"https:\/\/api.w.org\/{rel}","templated":true}]}}