{"id":71525,"date":"2018-06-12T19:44:27","date_gmt":"2018-06-12T17:44:27","guid":{"rendered":"http:\/\/www.tucomarca.com\/wordpress\/segunda\/la-diputacio-augmenta-un-25-les-ajudes-a-la-gestio-forestal-sostenible-fins-als-2-milions-deuros\/"},"modified":"2018-07-30T20:47:10","modified_gmt":"2018-07-30T18:47:10","slug":"la-diputacio-augmenta-un-25-les-ajudes-a-la-gestio-forestal-sostenible-fins-als-2-milions-deuros","status":"publish","type":"post","link":"https:\/\/www.tucomarca.com\/wordpress\/segunda\/ca\/la-diputacio-augmenta-un-25-les-ajudes-a-la-gestio-forestal-sostenible-fins-als-2-milions-deuros\/","title":{"rendered":"La Diputaci\u00f3 augmenta un 25% les ajudes a la gesti\u00f3 forestal sostenible fins als 2 milions d\u2019euros"},"content":{"rendered":"<figure id=\"attachment_69900\" aria-describedby=\"caption-attachment-69900\" style=\"width: 488px\" class=\"wp-caption alignleft\"><img loading=\"lazy\" decoding=\"async\" class=\" wp-image-69900\" src=\"http:\/\/www.tucomarca.com\/wordpress\/segunda\/wp-content\/uploads\/2018\/06\/AmigoBortForestal-1024x659.jpg\" alt=\"La nova convocat\u00f2ria d\u2019ajudes forestals compta amb mig mili\u00f3 d\u2019euros m\u00e9s per a la conservaci\u00f3 del patrimoni forestal i la prevenci\u00f3 d\u2019incendis.\" width=\"488\" height=\"314\" srcset=\"https:\/\/www.tucomarca.com\/wordpress\/segunda\/wp-content\/uploads\/2018\/06\/AmigoBortForestal-1024x659.jpg 1024w, https:\/\/www.tucomarca.com\/wordpress\/segunda\/wp-content\/uploads\/2018\/06\/AmigoBortForestal-300x193.jpg 300w, https:\/\/www.tucomarca.com\/wordpress\/segunda\/wp-content\/uploads\/2018\/06\/AmigoBortForestal-768x494.jpg 768w\" sizes=\"auto, (max-width: 488px) 100vw, 488px\" \/><figcaption id=\"caption-attachment-69900\" class=\"wp-caption-text\">La nova convocat\u00f2ria d\u2019ajudes forestals compta amb mig mili\u00f3 d\u2019euros m\u00e9s per a la conservaci\u00f3 del patrimoni forestal i la prevenci\u00f3 d\u2019incendis.<\/figcaption><\/figure>\n<p>La segona convocat\u00f2ria d\u2019ajudes per a la gesti\u00f3 forestal sostenible i la prevenci\u00f3 d\u2019incendis comptar\u00e0 enguany amb un pressupost de 2 milions d\u2019euros, un 25% m\u00e9s que al 2017. Aquest programa de subvencions que desenvolupa l\u2019\u00e0rea de Medi Ambient de la Diputaci\u00f3 t\u00e9 com objectiu afavorir la inversi\u00f3 municipal en la conservaci\u00f3 i millora del patrimoni bosc\u00f3s de les comarques valencianes.<\/p>\n<p>La nova l\u00ednia d\u2019inversions, destinades a tots els municipis amb massa forestal de les comarques valencianes, ha estat presentada per la vicepresidenta de la Diputaci\u00f3, Maria Josep Amig\u00f3, i el diputat de Medi Ambient, Josep Bort. La vicepresidenta ha subratllat que \u201cdurant molts anys, les nostres muntanyes han patit un abandonament molt gran en quant a les pol\u00edtiques de prevenci\u00f3 d\u2019incendis\u201d, i ha destacat \u201cel comprom\u00eds amb la conservaci\u00f3 i l\u2019aprofitament del medi ambient que tenim a la Diputaci\u00f3 des de la nova corporaci\u00f3 del 2015, perqu\u00e8 pensem que paga la pena i hem treballat de valent per canviar aquesta situaci\u00f3\u201d.<\/p>\n<p>\u201cLa Diputaci\u00f3 t\u00e9 encomanada la prestaci\u00f3 dels serveis de prevenci\u00f3 i extinci\u00f3 d\u2019incendis en els municipis de menys de 20.000 habitants que no ho facen. Per aix\u00f2, durant aquesta legislatura hem comen\u00e7at a desenvolupar pol\u00edtiques de gesti\u00f3 forestal sostenible i de prevenci\u00f3 estrat\u00e8gica d\u2019incendis forestals amb mesures concretes. I, encara que semble mentida, aquest tipus d\u2019actuacions no s\u2019havien fet mai a la Diputaci\u00f3\u201d, ha remarcat la vicepresidenta.<\/p>\n<p>Maria Josep Amig\u00f3 ha assenyalat tamb\u00e9 algunes de les mesures adoptades en aquests anys com la planificaci\u00f3 de treballs de prevenci\u00f3 de les brigades i l\u2019establiment de mecanismes de control i avaluaci\u00f3; el trasllat de la Direcci\u00f3 Operativa de les brigades forestals al Consorci Provincial de Bombers de Val\u00e8ncia; la coordinaci\u00f3 dels treballs de prevenci\u00f3 entre les brigades de la Diputaci\u00f3 i les brigades d\u2019emerg\u00e8ncies; aix\u00ed com la creaci\u00f3 de la Unitat T\u00e8cnica Forestal i la constituci\u00f3 de la Comissi\u00f3 de Treball de Municipis Forestals dintre de la Xarxa de Municipis Valencians Cap a la Sostenibilitat.<\/p>\n<p>El diputat de Medi Ambient, Josep Bort, ha explicat que \u201cnecessit\u00e0vem fer una aposta ferma pel desenvolupament de pol\u00edtiques forestals valentes, i no podem deixar-ho tot en mans de les administracions supramunicipals, perqu\u00e8 les administracions, quan m\u00e9s properes estan, s\u00f3n m\u00e9s capaces d\u2019actuar i de con\u00e8ixer el seu territori, i per aix\u00f2 destinem les ajudes directament als municipis\u201d.<\/p>\n<p>A m\u00e9s, el diputat Bort tamb\u00e9 ha insistit en la idea que s\u2019ha de canviar la manera de mirar la natura, i ha afirmat que \u201cla natura no \u00e9s un museu, les nostres muntanyes i els nostres boscos no s\u00f3n un museu. S\u00f3n ecosistemes vius, i hem de veure\u2019ls tamb\u00e9 com una possibilitat de constituir un recurs econ\u00f2mic. D\u2019igual manera que eixe recurs serveix per enriquir el nostre patrimoni, serveix tamb\u00e9 per a treballar en garantir les oportunitats de les persones que viuen als nostres pobles d\u2019interior\u201d.<\/p>\n<p><strong>Ajudes per fer els boscos sostenibles i prevenir incendis<\/strong><\/p>\n<p>La nova convocat\u00f2ria per a la concessi\u00f3 de subvencions a la gesti\u00f3 forestal sostenible presenta dues l\u00ednies d\u2019ajudes independents i compatibles, cadascuna de les quals est\u00e0 dotada d\u2019un pressupost d\u20191 mili\u00f3 d\u2019euros i subdividida en dos apartats diferenciats per a treballs i inversions.<\/p>\n<p>Per una banda, es convocaran ajudes per a la realitzaci\u00f3 de treballs i inversions encaminades a la conservaci\u00f3, millora i aprofitament forestal. Es tracta de subvencions adre\u00e7ades a municipis forestals amb un cens inferior als 20.000 habitants i amb m\u00e9s de 25 hect\u00e0rees de superf\u00edcie forestal de titularitat municipal. La previsi\u00f3 \u00e9s que se\u2019n puguen beneficiar un total de 78 localitats, les quals rebran una quantitat fixa de 5.000 euros i altra variable en funci\u00f3 de criteris objectius, com ara la poblaci\u00f3, la planificaci\u00f3 forestal, les actuacions previstes en espais protegits o la superf\u00edcie forestal de titularitat p\u00fablica acreditada.<\/p>\n<p>El cr\u00e8dit m\u00e0xim previst per al subapartat de \u2018treballs\u2019 de conservaci\u00f3, millora i aprofitament forestal \u00e9s de 600.000 euros. En quant a les inversions, el m\u00e0xim previst \u00e9s de 400.000 euros. Entre les actuacions que es contemplen en aquesta l\u00ednia d\u2019ajudes es troba l\u2019adequaci\u00f3 d\u2019elements de la xarxa vi\u00e0ria forestal \u2013sendes, camins i pistes forestals\u2013; la retirada i eliminaci\u00f3 d\u2019esp\u00e8cies invasores; la recollida de residus; el manteniment de poblacions forestals; la creaci\u00f3 de punts de reserva d&#8217;aigua per abeuradors i usos complementaris a la gesti\u00f3 forestal sostenible; o les inversions en \u00e0rees recreatives, h\u00e0bitats d\u2019inter\u00e8s, sendes i miradors, entre d\u2019altres intervencions.<\/p>\n<p>D\u2019altra banda, en quant a les actuacions i inversions de prevenci\u00f3 d\u2019incendis forestals subvencionables, aquesta l\u00ednia est\u00e0 destinada a les iniciatives dels municipis valencians que disposen d\u2019un Pla Local de Prevenci\u00f3 d\u2019Incendis Forestals. En aquest cas, la previsi\u00f3 \u00e9s que les ajudes puguen sufragar actuacions en un total de 32 municipis de la demarcaci\u00f3 de Val\u00e8ncia, 3 m\u00e9s que a l\u2019any anterior. Aquestes localitats percebran una assignaci\u00f3 fixa de 25.000 euros per localitat, mentre que la resta de disponibilitat pressupost\u00e0ria s\u2019assignar\u00e0 en funci\u00f3 de la poblaci\u00f3 i la superf\u00edcie forestal de titularitat p\u00fablica acreditada.<\/p>\n<p>El cr\u00e8dit m\u00e0xim previst per al subapartat de \u2018treballs\u2019 de prevenci\u00f3 d\u2019incendis forestals \u00e9s de 600.000 euros, i el de les inversions, de 400.000. Entre les actuacions que contempla aquesta l\u00ednia d\u2019ajudes es troba el manteniment d\u2019infraestructures de prevenci\u00f3 d\u2019incendis forestals, punts de reserva d\u2019aigua per a l\u2019extinci\u00f3 forestal i l\u00ednies de defensa contra incendis \u2013\u00e0rees de tallafocs, faixes auxiliars o interf\u00edcie urbana-forestal\u2013; habilitar vies forestals; o l\u2019adquisici\u00f3 d\u2019eines, maquin\u00e0ria i complements forestals per a la realitzaci\u00f3 de tasques de prevenci\u00f3 d\u2019incendis.<\/p>\n","protected":false},"excerpt":{"rendered":"<div class=\"mh-excerpt\">La segona convocat\u00f2ria d\u2019ajudes per a la gesti\u00f3 forestal sostenible i la prevenci\u00f3 d\u2019incendis comptar\u00e0 enguany amb un pressupost de 2 milions d\u2019euros, un 25% m\u00e9s que al 2017. Aquest programa de subvencions que desenvolupa <a class=\"mh-excerpt-more\" href=\"https:\/\/www.tucomarca.com\/wordpress\/segunda\/ca\/la-diputacio-augmenta-un-25-les-ajudes-a-la-gestio-forestal-sostenible-fins-als-2-milions-deuros\/\" title=\"La Diputaci\u00f3 augmenta un 25% les ajudes a la gesti\u00f3 forestal sostenible fins als 2 milions d\u2019euros\">[+] <\/a><\/div>\n","protected":false},"author":1,"featured_media":71526,"comment_status":"open","ping_status":"open","sticky":false,"template":"","format":"standard","meta":{"footnotes":""},"categories":[10890,10926,10923,10924,10925,10898,10948,10894,10960,10903,10947,10896,10961,10962],"tags":[11079],"class_list":{"0":"post-71525","1":"post","2":"type-post","3":"status-publish","4":"format-standard","5":"has-post-thumbnail","7":"category-ademus","8":"category-ademus-ca","9":"category-cases-altes","10":"category-cases-baixes","11":"category-castielfabib-ca","12":"category-ventana-ca","13":"category-infraestructuras-ca","14":"category-la-comarca-ca","15":"category-la-puebla-de-san-miguel-ca","16":"category-medio-ambiente-la-comarca-ca","17":"category-politica","18":"category-seccion-ca","19":"category-torrebaja-ca","20":"category-vallanca-ca","21":"tag-diputacion-ca"},"_links":{"self":[{"href":"https:\/\/www.tucomarca.com\/wordpress\/segunda\/ca\/wp-json\/wp\/v2\/posts\/71525","targetHints":{"allow":["GET"]}}],"collection":[{"href":"https:\/\/www.tucomarca.com\/wordpress\/segunda\/ca\/wp-json\/wp\/v2\/posts"}],"about":[{"href":"https:\/\/www.tucomarca.com\/wordpress\/segunda\/ca\/wp-json\/wp\/v2\/types\/post"}],"author":[{"embeddable":true,"href":"https:\/\/www.tucomarca.com\/wordpress\/segunda\/ca\/wp-json\/wp\/v2\/users\/1"}],"replies":[{"embeddable":true,"href":"https:\/\/www.tucomarca.com\/wordpress\/segunda\/ca\/wp-json\/wp\/v2\/comments?post=71525"}],"version-history":[{"count":0,"href":"https:\/\/www.tucomarca.com\/wordpress\/segunda\/ca\/wp-json\/wp\/v2\/posts\/71525\/revisions"}],"wp:featuredmedia":[{"embeddable":true,"href":"https:\/\/www.tucomarca.com\/wordpress\/segunda\/ca\/wp-json\/wp\/v2\/media\/71526"}],"wp:attachment":[{"href":"https:\/\/www.tucomarca.com\/wordpress\/segunda\/ca\/wp-json\/wp\/v2\/media?parent=71525"}],"wp:term":[{"taxonomy":"category","embeddable":true,"href":"https:\/\/www.tucomarca.com\/wordpress\/segunda\/ca\/wp-json\/wp\/v2\/categories?post=71525"},{"taxonomy":"post_tag","embeddable":true,"href":"https:\/\/www.tucomarca.com\/wordpress\/segunda\/ca\/wp-json\/wp\/v2\/tags?post=71525"}],"curies":[{"name":"wp","href":"https:\/\/api.w.org\/{rel}","templated":true}]}}