{"id":71530,"date":"2018-05-30T20:50:29","date_gmt":"2018-05-30T18:50:29","guid":{"rendered":"http:\/\/www.tucomarca.com\/wordpress\/segunda\/vilamarxant-estara-present-a-la-fira-de-les-comarques-este-cap-de-setmana\/"},"modified":"2018-07-30T20:58:24","modified_gmt":"2018-07-30T18:58:24","slug":"vilamarxant-estara-present-a-la-fira-de-les-comarques-este-cap-de-setmana","status":"publish","type":"post","link":"https:\/\/www.tucomarca.com\/wordpress\/segunda\/ca\/vilamarxant-estara-present-a-la-fira-de-les-comarques-este-cap-de-setmana\/","title":{"rendered":"Vilamarxant estar\u00e0 present a la Fira de les Comarques este cap de setmana"},"content":{"rendered":"<figure id=\"attachment_68614\" aria-describedby=\"caption-attachment-68614\" style=\"width: 527px\" class=\"wp-caption alignleft\"><img loading=\"lazy\" decoding=\"async\" class=\" wp-image-68614\" src=\"http:\/\/www.tucomarca.com\/wordpress\/segunda\/wp-content\/uploads\/2018\/05\/IMG_4217.jpg\" alt=\"Vilamarxant exhibir\u00e0 la seua oferta tur\u00edstica, natural, patrimonial i cultural este cap de setmana en l\u2019aparador de la Fira de les Comarques 2018.\" width=\"527\" height=\"351\" srcset=\"https:\/\/www.tucomarca.com\/wordpress\/segunda\/wp-content\/uploads\/2018\/05\/IMG_4217.jpg 5184w, https:\/\/www.tucomarca.com\/wordpress\/segunda\/wp-content\/uploads\/2018\/05\/IMG_4217-300x200.jpg 300w, https:\/\/www.tucomarca.com\/wordpress\/segunda\/wp-content\/uploads\/2018\/05\/IMG_4217-768x512.jpg 768w, https:\/\/www.tucomarca.com\/wordpress\/segunda\/wp-content\/uploads\/2018\/05\/IMG_4217-1024x683.jpg 1024w\" sizes=\"auto, (max-width: 527px) 100vw, 527px\" \/><figcaption id=\"caption-attachment-68614\" class=\"wp-caption-text\">Vilamarxant exhibir\u00e0 la seua oferta tur\u00edstica, natural, patrimonial i cultural este cap de setmana en l\u2019aparador de la Fira de les Comarques 2018.<\/figcaption><\/figure>\n<p><strong>Este gran aparador amb l\u2019oferta tur\u00edstica de la prov\u00edncia de Val\u00e8ncia estar\u00e0 a la Pla\u00e7a de Bous de divendres 4 a diumenge 6 de maig. El diumenge actuar\u00e0 el Grup de Danses i Pastorets de Vilamarxant.<\/strong><\/p>\n<p>Vilamarxant exhibir\u00e0 la seua oferta tur\u00edstica, natural, patrimonial i cultural este cap de setmana en l\u2019aparador de la Fira de les Comarques 2018. Este certamen, organitzat pel Patronat de Turisme de Val\u00e8ncia, s\u2019ubicar\u00e0 als exteriors de la Pla\u00e7a de Bous del cap i casal on el municipi tindr\u00e0 una caseta pr\u00f2pia.<\/p>\n<p>All\u00ed, la Regidoria de Turisme informar\u00e0 sobre els atractius del poble on destaquen els valors naturals, culturals i patrimonials. Per aix\u00f2, les i els visitants podran saber-ne m\u00e9s sobre indrets com ara el Parc Natural del T\u00faria o el Paratge Natural Municipal \u201cLes Rodanes\u201d on poden descobrir-se espais per gaudir de la natura, de l\u2019esport a l\u2019aire lliure o simplement passar una jornada relaxada, divertida i amb amics i amigues o fam\u00edlia.<\/p>\n<p>Entre els llocs m\u00e9s destacats, s\u2019informar\u00e0 tota aquella persona que s\u2019aprope a la caseta sobre la Senda Adaptada, l\u2019Arbor\u00e8tum, la zona de les Trinxeres de la Guerra Civil, la Bassa Barreta, la Pedrera del Rei o el Centre de visitants del Parc Natural del T\u00faria, a m\u00e9s de la gran varietat de flora i fauna que podem trobar en estos espais, en molts casos, esp\u00e8cies \u00faniques i end\u00e8miques del nostre entorn.<\/p>\n<p>Tamb\u00e9 hi haur\u00e0 fullets sobre el patrimoni del municipi, espais com \u201cla Cisterna\u201d, el Castell, l\u2019esgl\u00e9sia de Santa Caterina o el Llavador, amb la hist\u00f2ria corresponent de cada indret.<\/p>\n<p>A m\u00e9s, les nostres tradicions estaran a l\u2019abast dels assistents a la fira ja que el diumenge dia 6, a les 11 h, actuar\u00e0 el Grup de Danses i Pastorets al recinte interior de la Pla\u00e7a de Bous.<\/p>\n<p>Tots estos valors estaran resumits al v\u00eddeo de promoci\u00f3 tur\u00edstica que la Regidoria de Turisme va presentar el passat m\u00e9s de novembre, amb un recull d\u2019espais i costums pr\u00f2pies del municipi.<\/p>\n<p>En total, en este certamen participen 47 municipis de 12 mancomunitats i m\u00e9s de 30 associacions i empreses tur\u00edstiques que donaran a con\u00e9ixer totes les propostes per viure l\u2019oci al territori valenci\u00e0.<\/p>\n<p>El Patronat de Turisme proporcionar\u00e0 un \u201cPassaport de la Fira de les Comarques\u201d amb molts premis, entre els quals hi haur\u00e0 una visita guiada pel Parc Natural del T\u00faria i pel Paratge Natural Municipal \u201cLes Rodanes\u201d de Vilamarxant.<\/p>\n<p>L\u2019horari per visitar la Fira \u00e9s el seg\u00fcent:<\/p>\n<ul>\n<li>Divendres, 4 de maig: de 18 a 22 h.<\/li>\n<li>Dissabte, 5 de maig: d&#8217;11 a 14 h i de 16 a 22 h.<\/li>\n<li>Diumenge, 6 de maig: d&#8217;11 a 14 h i de 16 a 20 h.<\/li>\n<\/ul>\n<p><b>Activitats a l\u2019interior de la Pla\u00e7a<\/b><\/p>\n<p>A l\u2019interior de la Pla\u00e7a de Bous, el visitant trobar\u00e0 el certamen \u201cDel Tros al Plat&#8221; impulsat pel Patronat de Turisme, la Generalitat, l\u2019Ajuntament de Val\u00e8ncia i MercaVal\u00e8ncia, entre d\u2019altres.<\/p>\n<p>Hi haur\u00e0 demostracions i\u00a0<i>showcookings<\/i>\u00a0en directe per transmetre al p\u00fablic la filosofia de la gastronomia aut\u00f2ctona.<\/p>\n<p>Durant tota la jornada tamb\u00e9 hi haur\u00e0 m\u00fasica en directe, actuacions de folklore, exhibicions d\u2019artesania i activitats de dinamitzaci\u00f3 cultural. Tampoc faltar\u00e0 el circuit multiaventura infantil amb tirolines i altres activitats; i un espai de ludoteca amb tallers i activitats per als m\u00e9s menuts.<\/p>\n","protected":false},"excerpt":{"rendered":"<div class=\"mh-excerpt\">Este gran aparador amb l\u2019oferta tur\u00edstica de la prov\u00edncia de Val\u00e8ncia estar\u00e0 a la Pla\u00e7a de Bous de divendres 4 a diumenge 6 de maig. El diumenge actuar\u00e0 el Grup de Danses i Pastorets de <a class=\"mh-excerpt-more\" href=\"https:\/\/www.tucomarca.com\/wordpress\/segunda\/ca\/vilamarxant-estara-present-a-la-fira-de-les-comarques-este-cap-de-setmana\/\" title=\"Vilamarxant estar\u00e0 present a la Fira de les Comarques este cap de setmana\">[+] <\/a><\/div>\n","protected":false},"author":2,"featured_media":0,"comment_status":"open","ping_status":"open","sticky":false,"template":"","format":"standard","meta":{"footnotes":""},"categories":[10889],"tags":[],"class_list":{"0":"post-71530","1":"post","2":"type-post","3":"status-publish","4":"format-standard","6":"category-alzira-cat"},"_links":{"self":[{"href":"https:\/\/www.tucomarca.com\/wordpress\/segunda\/ca\/wp-json\/wp\/v2\/posts\/71530","targetHints":{"allow":["GET"]}}],"collection":[{"href":"https:\/\/www.tucomarca.com\/wordpress\/segunda\/ca\/wp-json\/wp\/v2\/posts"}],"about":[{"href":"https:\/\/www.tucomarca.com\/wordpress\/segunda\/ca\/wp-json\/wp\/v2\/types\/post"}],"author":[{"embeddable":true,"href":"https:\/\/www.tucomarca.com\/wordpress\/segunda\/ca\/wp-json\/wp\/v2\/users\/2"}],"replies":[{"embeddable":true,"href":"https:\/\/www.tucomarca.com\/wordpress\/segunda\/ca\/wp-json\/wp\/v2\/comments?post=71530"}],"version-history":[{"count":0,"href":"https:\/\/www.tucomarca.com\/wordpress\/segunda\/ca\/wp-json\/wp\/v2\/posts\/71530\/revisions"}],"wp:attachment":[{"href":"https:\/\/www.tucomarca.com\/wordpress\/segunda\/ca\/wp-json\/wp\/v2\/media?parent=71530"}],"wp:term":[{"taxonomy":"category","embeddable":true,"href":"https:\/\/www.tucomarca.com\/wordpress\/segunda\/ca\/wp-json\/wp\/v2\/categories?post=71530"},{"taxonomy":"post_tag","embeddable":true,"href":"https:\/\/www.tucomarca.com\/wordpress\/segunda\/ca\/wp-json\/wp\/v2\/tags?post=71530"}],"curies":[{"name":"wp","href":"https:\/\/api.w.org\/{rel}","templated":true}]}}