{"id":71641,"date":"2018-08-03T11:32:54","date_gmt":"2018-08-03T09:32:54","guid":{"rendered":"http:\/\/www.tucomarca.com\/wordpress\/segunda\/?p=71641"},"modified":"2018-08-03T11:34:10","modified_gmt":"2018-08-03T09:34:10","slug":"diputacio-i-ajuntaments-promouen-visites-guiades-per-tal-de-mostrar-el-patrimoni-arqueologic-valencia","status":"publish","type":"post","link":"https:\/\/www.tucomarca.com\/wordpress\/segunda\/ca\/diputacio-i-ajuntaments-promouen-visites-guiades-per-tal-de-mostrar-el-patrimoni-arqueologic-valencia\/","title":{"rendered":"Diputaci\u00f3 i ajuntaments promouen visites guiades per tal de mostrar el patrimoni arqueol\u00f2gic valenci\u00e0"},"content":{"rendered":"<figure id=\"attachment_71639\" aria-describedby=\"caption-attachment-71639\" style=\"width: 414px\" class=\"wp-caption alignleft\"><img loading=\"lazy\" decoding=\"async\" class=\" wp-image-71638\" src=\"http:\/\/www.tucomarca.com\/wordpress\/segunda\/wp-content\/uploads\/2018\/07\/Visites-guiades-jaciments_02.jpg\" alt=\"El Museu de Prehist\u00f2ria de Val\u00e8ncia, que dep\u00e8n de l\u2019\u00c0rea de Cultura de la Diputaci\u00f3, en col\u00b7laboraci\u00f3 amb diversos ajuntaments valencians, donen a con\u00e8ixer el patrimoni arqueol\u00f2gic de municipis com Tavernes de la Valldigna, Ademuz, Camporrobles, Caudete de las Fuentes, G\u00e0tova, Olocau, Montcada, Moixent o Ll\u00edria.\" width=\"414\" height=\"293\" srcset=\"https:\/\/www.tucomarca.com\/wordpress\/segunda\/wp-content\/uploads\/2018\/07\/Visites-guiades-jaciments_02.jpg 1599w, https:\/\/www.tucomarca.com\/wordpress\/segunda\/wp-content\/uploads\/2018\/07\/Visites-guiades-jaciments_02-300x212.jpg 300w, https:\/\/www.tucomarca.com\/wordpress\/segunda\/wp-content\/uploads\/2018\/07\/Visites-guiades-jaciments_02-768x543.jpg 768w, https:\/\/www.tucomarca.com\/wordpress\/segunda\/wp-content\/uploads\/2018\/07\/Visites-guiades-jaciments_02-1024x724.jpg 1024w\" sizes=\"auto, (max-width: 414px) 100vw, 414px\" \/><figcaption id=\"caption-attachment-71639\" class=\"wp-caption-text\">El Museu de Prehist\u00f2ria de Val\u00e8ncia, que dep\u00e8n de l\u2019\u00c0rea de Cultura de la Diputaci\u00f3, en col\u00b7laboraci\u00f3 amb diversos ajuntaments valencians, donen a con\u00e8ixer el patrimoni arqueol\u00f2gic de municipis com Tavernes de la Valldigna, Ademuz, Camporrobles, Caudete de las Fuentes, G\u00e0tova, Olocau, Montcada, Moixent o Ll\u00edria.<\/figcaption><\/figure>\n<p>El Museu de Prehist\u00f2ria de Val\u00e8ncia, que dep\u00e8n de l\u2019\u00c0rea de Cultura de la Diputaci\u00f3, en col\u00b7laboraci\u00f3 amb els ajuntaments d\u2019Ademuz, Camporrobles, Caudete de las Fuentes, G\u00e0tova, Olocau, Montcada, Moixent i Tavernes de la Valldigna, proposen per a aquest estiu un horari especial de visita i nombroses activitats orientades a la difusi\u00f3 del patrimoni arqueol\u00f2gic valenci\u00e0. Des de visites guiades a tallers did\u00e0ctics, passant per les visites als centres d\u2019interpretaci\u00f3, activitats que permetran als ve\u00efns i ve\u00efnes, aix\u00ed com als visitants i turistes, apropar-se a una part fonamental de la nostra hist\u00f2ria i cultura.<\/p>\n<p>L\u2019\u00c0rea de Cultura i el Museu de Prehist\u00f2ria de Val\u00e8ncia han dissenyat una estimulant campanya: <em>Agafa el teu barret i vine a con\u00e8ixer els jaciments valencians,<\/em> on es presenta tota l\u2019oferta de visites guiades als jaciments. Segons el diputat de cultura, Xavier Rius, \u201cl\u2019estiu i el per\u00edode de vacances s\u00f3n un moment idoni per a visitar <em>in situ <\/em>els jaciments arqueol\u00f2gics i les tasques d\u2019excavaci\u00f3 i investigaci\u00f3 que es fan al seu voltant\u201d. Rius tamb\u00e9 celebra que \u201cel poble valenci\u00e0 dispose d\u2019un llegat hist\u00f2ric tan ample i d\u2019una her\u00e8ncia cultural de tanta rellev\u00e0ncia, on el paper actiu del Museu de Prehist\u00f2ria de la Diputaci\u00f3 resulta fonamental\u201d, aix\u00ed qu\u00e8, per a Rius \u201ccal seguir treballant en la l\u00ednia de la difusi\u00f3 dels jaciments perqu\u00e8 la gent comprenga i visibilitze el gran treball d\u2019investigaci\u00f3 que fan els nostres equips d\u2019arqueologia.\u201d<\/p>\n<p><strong>La Cova del Bolomor, importants restes del Paleol\u00edtic valenci\u00e0<\/strong><\/p>\n<p>La <strong>Cova del Bolomor<\/strong> de Tavernes de la Valldigna \u00e9s un jaciment paleol\u00edtic \u00fanic al m\u00f3n. A Aquest jaciment excavat a terres valencianes es documenta l\u2019ocupaci\u00f3 humana al llarg de m\u00e9s de 200.000 anys i en ell s\u2019han descobert les proves m\u00e9s antigues de la pres\u00e8ncia de foc a Europa. S\u2019han recuperat m\u00e9s de cinquanta mil peces l\u00edtiques treballades, a m\u00e9s, els prop de mig mili\u00f3 d\u2019ossos constitueixen una de les m\u00e0ximes col\u00b7leccions f\u00f2ssils aportada per l\u2019esser hum\u00e0 durant el Plistoc\u00e8 mitj\u00e0 a Espanya. Tots fets que contribueixen al coneixement del Paleol\u00edtic antic al Mediterrani i Europa.<\/p>\n<p>Aquest jaciment ofereix visites guiades els dies 20 de juliol, i 4 i 18 d\u2019agost. A m\u00e9s, La Cova del Bolomor permetr\u00e0 als visitants gaudir de la incre\u00efble experi\u00e8ncia \u201cUna nit en un campament neardental\u201d, que consta d\u2019una visita nocturna i teatralitzada, i que tindr\u00e0 lloc els dies 21 i 28 de juliol, aix\u00ed com l\u201911 d\u2019agost. L\u20191 i el 2 de setembre es celebrar\u00e0 una jornada, per a que tothom puga con\u00e8ixer com es treballa en les excavacions finan\u00e7ades pel Museu de Prehist\u00f2ria de Val\u00e8ncia.<\/p>\n<p>Per a m\u00e9s informaci\u00f3: 962 885 264 o 645 977 022 o al correu electr\u00f2nic <a href=\"mailto:visites@bolomor.com\">visites@bolomor.com<\/a>.<\/p>\n<p><strong>La Bastida de les Alcusses, la llar del guerrer de Moixent<\/strong><\/p>\n<p>Els jaciments que foment part de la Ruta dels Ibers de Val\u00e8ncia tamb\u00e9 ofereixen visites guiades que ens permetran con\u00e8ixer el ric patrimoni de l\u2019\u00e8poca ib\u00e8rica, una cultura singular que es desenvolup\u00e0 en el nostre territori entre els segles VI i II a.C.<\/p>\n<p>El poblat de la <strong>Bastida de les Alcusses<\/strong> de Moixent ens ha perm\u00e9s recuperar cer\u00e0miques ib\u00e8riques i gregues, ploms escrits en llengua ib\u00e8rica, instruments agr\u00edcoles i el c\u00e8lebre guerrer de Moixent. De l\u2019assentament destaca el seu sistema defensiu format per una muralla que arriba als 4 metres d\u2019ampl\u00e0ria amb diverses torres adossades i quatre portes d\u2019acc\u00e9s. A m\u00e9s, el jaciment compta amb una reconstrucci\u00f3 d\u2019una casa ib\u00e8rica, plafons i maquetes interpretatives i itineraris senderistes i miradors.<\/p>\n<p>Les visites guiades a aquest jaciment es realitzaran de dimarts a dissabte de 10 a 14 hores i de 18 a 20 hores i els diumenges nom\u00e9s amb horari de mat\u00ed. Excepte des de l\u201911 al 15 d\u2019agost i del 21 al 24 d\u2019agost, que l\u2019horari ser\u00e0 de dimecres a dissabte, nom\u00e9s pel mat\u00ed. A m\u00e9s, els dies 22 i 23 de setembre, el jaciment celebrar\u00e0 les seues ja tradicionals jornades de portes obertes que, baix el nom \u201cViu un cap de setmana amb els ibers\u201d, versaran en aquesta edici\u00f3 al voltant de l\u2019alimentaci\u00f3 en l\u2019\u00e8poca ib\u00e8rica.<\/p>\n<p>Per a m\u00e9s informaci\u00f3: 687 836 717 o 687 836 545.<\/p>\n<p><strong>El Mol\u00f3n de Camporrobles, un jaciment amb restes ib\u00e8riques i isl\u00e0miques<\/strong><\/p>\n<p>Del jaciment del Mol\u00f3n, a Camporrobles, es pot destacar el complex sistema defensiu que protegeix la part oriental del recinte del qual es conserven diversos panys de muralla, restes d\u2019una torrassa, la porta principal i diversos antemurals i tamb\u00e9 un fossat tallat en la roca. Es conserven aix\u00ed mateix algunes estances obertes a un espai central on hi ha una gran cisterna. Al jaciment hi ha tamb\u00e9 restes d\u2019\u00e8poca isl\u00e0mica dels segles VIII al X d.C, per\u00edode del qual destaquen les restes d\u2019una mesquita i un albacar.<\/p>\n<p>Aquest conjunt arqueol\u00f2gic de l\u2019\u00e8poca ib\u00e8rica i el seu centre d\u2019interpretaci\u00f3 ofereixen visites guiades els dissabtes de 9 a 13 hores i de 16 a 20 hores, i els diumenges nom\u00e9s en horari de mat\u00ed. Durant la Setmana Cultural del municipi, que tindr\u00e0 lloc del 23 al 29 de juliol, i durant les festes d\u2019agost, del 13 al 19 d\u2019agost, es realitzaran visites guiades tots els dies, per a ve\u00efns i visitants. A m\u00e9s, les visites es poden concertar qualsevol dia.<\/p>\n<p>Per a m\u00e9s informaci\u00f3: 962 181 006 o 637 593 568.<\/p>\n<p><strong>Los Villares: l\u2019antiga ciutat ib\u00e8rica de Kelin<\/strong><\/p>\n<p>El jaciment de Los Villares, a Caudete de las Fuentes, identificat com l\u2019antiga ciutat ib\u00e8rica de Kelin, t\u00e9 una extensi\u00f3 aproximada de deu hect\u00e0rees, encara que sols s\u2019ha excavat i consolidat parcialment. Va aconseguir el seu m\u00e0xim esplendor entorn els segles IV-III a.C., i arrib\u00e0 a convertir-se en capital d\u2019un ampli territori iber. La llarga ocupaci\u00f3 permet veure l\u2019evoluci\u00f3 de l\u2019estructuraci\u00f3 interna i l\u2019arquitectura.<\/p>\n<p>La ciutat ib\u00e8rica de <strong>Kelin<\/strong> ofereix un \u201cEstiu en Kelin\u201d, amb visites guiades de dijous a diumenge tant a la renovada col\u00b7lecci\u00f3 museogr\u00e0fica com al jaciment. A m\u00e9s, el 21 de juliol es celebrar\u00e0 \u201cUna nit d\u2019estiu en Kelin\u201d, amb sopar de pa-i-porta i activitats al voltant de l\u2019arqueologia i l\u2019astronomia.<\/p>\n<p>Per a m\u00e9s informaci\u00f3: 962 319 002.<\/p>\n<p><strong>El Puntal dels Llops: Una fortalesa de defensa i vigil\u00e0ncia<\/strong><\/p>\n<p>El <strong>Puntal dels Llops<\/strong> d\u2019Olocau gaudir\u00e0 d\u2019un horari especial d\u2019estiu per les visites guiades, de 9:30 a 13:30 hores, de dimecres a diumenge. Fortalesa per a la defensa i vigil\u00e0ncia del territori edet\u00e0, ocupada entre els segles V i II a.C. Va ser la resid\u00e8ncia d\u2019un arist\u00f2crata, membre de l\u2019elit guerrera eq\u00fcestre d\u2019Edeta, la seua fam\u00edlia i la gent de depenia d\u2019ella. Destaca la seua impressionant muralla, la torre de guaita i un conjunt d\u2019habitacions obertes a un carrer central que recorre longitudinalment l\u2019assentament.<\/p>\n<p>Per a m\u00e9s informaci\u00f3 672 794 404 o <a href=\"mailto:puntal.llops@olocau.es\">puntal.llops@olocau.es<\/a>.<\/p>\n<p><strong>Tallers did\u00e0ctics a l\u2019assentament ib\u00e8ric del Torrej\u00f3n de G\u00e0tova<\/strong><\/p>\n<p>L\u2019assentament ib\u00e8ric del <strong>Torrej\u00f3n de G\u00e0tova<\/strong>, una gran torre rectangular que va ser utilitzada entre els segles IV i el II a.C, ofereix visites guiades, amb reserva pr\u00e8via, tots els matins de juliol i agost. A m\u00e9s, emmarcat en la Setmana Cultural de G\u00e0tova, del 6 al 12 d\u2019agost, es realitzaran tallers did\u00e0ctics relacionats amb el m\u00f3n iber, que complementaran la informaci\u00f3 de les visites guiades al jaciment.<\/p>\n<p>Per a m\u00e9s informaci\u00f3: 964 126 001 o <a href=\"mailto:ayuntamientogatova@gmail.com\">ayuntamientogatova@gmail.com<\/a>.<\/p>\n<p><strong>La Celadilla, un poblat que fou destru\u00eft al 350 a.C<\/strong><\/p>\n<p>A Ademuz, al poblat ib\u00e8ric de la <strong>Celadilla<\/strong>, s\u2019oferiran visites guiades tots els dilluns i dimarts a les 18:30 hores i qualsevol dia concertant una cita pr\u00e8via. La Celadilla va ser un assentament iber que, per les investigacions i excavacions, va ser una xicoteta aldea que va ser destru\u00efda en un incendi al voltant de l\u2019any 350 a.C.<\/p>\n<p>Per a m\u00e9s informaci\u00f3: 978 782 267 o 673 505 131, o al correu electr\u00f2nic <a href=\"mailto:touristinfo_ademuz@gva.es\">touristinfo_ademuz@gva.es<\/a>.<\/p>\n<p><strong>Llir\u00eda ofereix visites al Tossal de Sant Miquel i al Castellonet de Bernab\u00e9<\/strong><\/p>\n<p>Ll\u00edria oferir\u00e0 visites guiades, amb concertaci\u00f3 pr\u00e8via, als jaciments de Tossal de Sant Miquel i Castellet de Bernab\u00e9.<\/p>\n<p>El <strong>Tossal de Sant Miquel<\/strong> \u00e9s una gran ciutat habitada entre els segles V i II abans de la nostra era, identificada amb l\u2019antiga Edeta. Va ser el lloc de resid\u00e8ncia d\u2019una elit aristocr\u00e0tica i guerrera que controlava un ampli territori en que es disseminaven aldees i caserius dedicats a l\u2019explotaci\u00f3 dels recursos agr\u00edcoles i ramaders. La zona visitable permet apreciar el tra\u00e7at urban\u00edstic de la ciutat, amb carrers disposats al llarg de terrasses escalonades i cases de dos pisos. Edeta \u00e9s coneguda sobretot per la seua col\u00b7lecci\u00f3 de vasos decorats en els quals apareixen representades les elits de la societat edetana realitzant activitats col\u00b7lectives idealitzades en ocasi\u00f3 de festivitats, celebracions i ritus de pas, i pels textos escrits que acompanyaven aquestes decoracions que constitueixen el major arxiu epigr\u00e0fic ib\u00e8ric conegut.<\/p>\n<p>El <strong>Castellet de Bernab\u00e9<\/strong> \u00e9s un caseriu murallat destinat a l\u2019explotaci\u00f3 agr\u00e0ria i ramadera, ocupat entre els segles V i III a.C. Va ser la resid\u00e8ncia d\u2019una fam\u00edlia de l\u2019elit edetana, que convivia amb un grup de persones al seu servei. Un cam\u00ed enllosat recorre la muralla fins a una porta que d\u00f3na pas a un carrer central des del qual s\u2019accedeix a tots els departaments. Restes carbonitzades d\u2019ordi, oliva, ra\u00efm, figa, poma o bellota, testimonien les principals esp\u00e8cies cultivades.<\/p>\n<p>Per a m\u00e9s informaci\u00f3: 962 791 522 o <a href=\"mailto:turisme@lliria.es\">turisme@lliria.es<\/a>.<\/p>\n<p><strong>T\u00f2s Pelat: una important ciutat entre Edeta i Arse<\/strong><\/p>\n<p>Per \u00faltim, el jaciment ib\u00e8ric de <strong>T\u00f2s Pelat<\/strong> de Montcada ofereix visites guiades els dissabtes 28 de juliol i 25 d\u2019agost. Gr\u00e0cies a la seua posici\u00f3, entre les grans ciutats d\u2019Edeta i Arse va exercir un paper d\u2019intermediaci\u00f3 comercial entre ambdues. S\u2019ha excavat la part frontal d\u2019una gran muralla que el delimitava amb torres, i un sector de grans habitatges i part d\u2019un carrer. La muralla i les cases es van construir amb les t\u00e8cniques tradicionalment ib\u00e8riques, amb s\u00f2col de pedres de ma\u00e7oneria i murs fets amb atovons.<\/p>\n<p>Per a m\u00e9s informaci\u00f3: <a href=\"mailto:museu@moncada.es\">museu@moncada.es<\/a>.<\/p>\n<p>Les activitats en tots el jaciments s\u00f3n gratu\u00eftes, a excepci\u00f3 d\u2019Ademuz, Tavernes de la Valldigna i Ll\u00edria. Per a participar de les activitats i reservar les visites guiades s\u2019ha de contactar amb els correus i tel\u00e8fons que estan a disposici\u00f3 de tots i totes a la p\u00e0gina web del Museu de Prehist\u00f2ria de Val\u00e8ncia.<\/p>\n","protected":false},"excerpt":{"rendered":"<div class=\"mh-excerpt\">El Museu de Prehist\u00f2ria de Val\u00e8ncia, que dep\u00e8n de l\u2019\u00c0rea de Cultura de la Diputaci\u00f3, en col\u00b7laboraci\u00f3 amb els ajuntaments d\u2019Ademuz, Camporrobles, Caudete de las Fuentes, G\u00e0tova, Olocau, Montcada, Moixent i Tavernes de la Valldigna, <a class=\"mh-excerpt-more\" href=\"https:\/\/www.tucomarca.com\/wordpress\/segunda\/ca\/diputacio-i-ajuntaments-promouen-visites-guiades-per-tal-de-mostrar-el-patrimoni-arqueologic-valencia\/\" title=\"Diputaci\u00f3 i ajuntaments promouen visites guiades per tal de mostrar el patrimoni arqueol\u00f2gic valenci\u00e0\">[+] <\/a><\/div>\n","protected":false},"author":1,"featured_media":71639,"comment_status":"open","ping_status":"open","sticky":false,"template":"","format":"standard","meta":{"footnotes":""},"categories":[10890,10926,11019,10892,11031,11032,10898,10929,10948,10894,10904,11007,10935,10947,10909,10896],"tags":[10899,11098,10390,10432,11127,10437,10910],"class_list":{"0":"post-71641","1":"post","2":"type-post","3":"status-publish","4":"format-standard","5":"has-post-thumbnail","7":"category-ademus","8":"category-ademus-ca","9":"category-agenda-ca","10":"category-camp-de-turia-ca","11":"category-camporrobles-ca","12":"category-caudete-ca","13":"category-ventana-ca","14":"category-gatova-ca","15":"category-infraestructuras-ca","16":"category-la-comarca-ca","17":"category-sin-categorizar-ca","18":"category-ocio-y-cultura-ca","19":"category-olocau-ca","20":"category-politica","21":"category-requena-utiel-ca","22":"category-seccion-ca","23":"tag-camp-de-turia-ca","24":"tag-camporrobles-ca","25":"tag-caudete","26":"tag-gatova","27":"tag-moixent","28":"tag-olocau","29":"tag-requena-utiel-ca"},"_links":{"self":[{"href":"https:\/\/www.tucomarca.com\/wordpress\/segunda\/ca\/wp-json\/wp\/v2\/posts\/71641","targetHints":{"allow":["GET"]}}],"collection":[{"href":"https:\/\/www.tucomarca.com\/wordpress\/segunda\/ca\/wp-json\/wp\/v2\/posts"}],"about":[{"href":"https:\/\/www.tucomarca.com\/wordpress\/segunda\/ca\/wp-json\/wp\/v2\/types\/post"}],"author":[{"embeddable":true,"href":"https:\/\/www.tucomarca.com\/wordpress\/segunda\/ca\/wp-json\/wp\/v2\/users\/1"}],"replies":[{"embeddable":true,"href":"https:\/\/www.tucomarca.com\/wordpress\/segunda\/ca\/wp-json\/wp\/v2\/comments?post=71641"}],"version-history":[{"count":0,"href":"https:\/\/www.tucomarca.com\/wordpress\/segunda\/ca\/wp-json\/wp\/v2\/posts\/71641\/revisions"}],"wp:featuredmedia":[{"embeddable":true,"href":"https:\/\/www.tucomarca.com\/wordpress\/segunda\/ca\/wp-json\/wp\/v2\/media\/71639"}],"wp:attachment":[{"href":"https:\/\/www.tucomarca.com\/wordpress\/segunda\/ca\/wp-json\/wp\/v2\/media?parent=71641"}],"wp:term":[{"taxonomy":"category","embeddable":true,"href":"https:\/\/www.tucomarca.com\/wordpress\/segunda\/ca\/wp-json\/wp\/v2\/categories?post=71641"},{"taxonomy":"post_tag","embeddable":true,"href":"https:\/\/www.tucomarca.com\/wordpress\/segunda\/ca\/wp-json\/wp\/v2\/tags?post=71641"}],"curies":[{"name":"wp","href":"https:\/\/api.w.org\/{rel}","templated":true}]}}