{"id":71653,"date":"2018-08-01T01:34:57","date_gmt":"2018-07-31T23:34:57","guid":{"rendered":"http:\/\/www.tucomarca.com\/wordpress\/segunda\/?p=71653"},"modified":"2018-08-01T01:34:57","modified_gmt":"2018-07-31T23:34:57","slug":"proteccio-civil-i-emergencies-alerten-per-altes-temperatures-en-la-peninsula-durant-els-proxims-dies","status":"publish","type":"post","link":"https:\/\/www.tucomarca.com\/wordpress\/segunda\/ca\/proteccio-civil-i-emergencies-alerten-per-altes-temperatures-en-la-peninsula-durant-els-proxims-dies\/","title":{"rendered":"Protecci\u00f3 Civil i Emerg\u00e8ncies alerten per altes temperatures en la pen\u00ednsula durant els pr\u00f2xims dies"},"content":{"rendered":"<p>Protecci\u00f3 Civil i Emerg\u00e8ncies del Ministeri de l&#8217;Interior, d&#8217;acord amb les prediccions de l&#8217;Ag\u00e8ncia Estatal de Meteorologia (AEMET) , alerta per altes temperatures en tota la pen\u00ednsula, excepte zones costaneres, durant els pr\u00f2xims dies, especialment a Extremadura, Andalusia, castella-la Manxa, Madrid, Castella i Lle\u00f3, La Rioja, Navarra, Arag\u00f3 i zones de Gal\u00edcia.<\/p>\n<p>Els registres se situaran entorn dels 40\u00baC que incl\u00fas podrien superar-se a Extremadura i en zones d&#8217;Andalusia, castella-la Manxa, Madrid i Arag\u00f3, a m\u00e9s de la prov\u00edncia d&#8217;Orense.<\/p>\n<p>L&#8217;onada de calor s&#8217;iniciar\u00e0 dem\u00e0 dimecres 1 d&#8217;agost i es preveu que perdure fins a dilluns que ve, dia 6<\/p>\n<p>\u00c9s important recordar que les altes temperatures faciliten la propagaci\u00f3 d&#8217;incendis forestals, per la qual cosa es recomana extremar les precaucions en les activitats en el camp i atendre les normes de la Comunitat Aut\u00f2noma.<\/p>\n<p>Recomanacions Davant d&#8217;altes temperatures, \u00e9s important seguir les indicacions del Ministeri de Sanitat. Entre elles:<\/p>\n<ul>\n<li>Limite l&#8217;exposici\u00f3 al sol.<\/li>\n<li>Mantinga&#8217;s en lloc ben ventilat.<\/li>\n<li>Ingerisca menjars lleugeres i regulars, riques en aigua i sals minerals, com a fruites i hortalisses.<\/li>\n<li>Bega sovint aigua o l\u00edquids. Vista&#8217;s amb roba de colors clars, cobrint la major superf\u00edcie de pell possible i el cap.<\/li>\n<li>Evite exercicis f\u00edsics prolongats en les hores centrals del dia.<\/li>\n<li>Interesse&#8217;s per les persones majors i malaltes, i aquelles que visquen soles o a\u00efllades.<\/li>\n<\/ul>\n<p>Per a previndre incendis forestals:<\/p>\n<ul>\n<li>Preste especial atenci\u00f3 a les normes de la Comunitat Aut\u00f2noma sobre prevenci\u00f3 d&#8217;incendis i per\u00edodes autoritzats per a realitzar cremes de restolls.<\/li>\n<li>Evite tirar cigarrets, fems i, especialment, botelles de vidre que fan efecte lupa amb el sol. Les neglig\u00e8ncies provoquen gran part d&#8217;incendis forestals.<\/li>\n<li>Es prohibix encendre focs o fogueres en la muntanya i terrenys pr\u00f2xims. Acampe nom\u00e9s en zones autoritzades, ja que estes compten amb mesures de protecci\u00f3 enfront d&#8217;un possible incendi i \u00e9s m\u00e9s f\u00e0cil l&#8217;evacuaci\u00f3.<\/li>\n<li>Avise al 112 immediatament, si descobrix el foc en el seu inicio,. En cas de veure&#8217;s sorpr\u00e9s per un incendi, evite penetrar en la muntanya o bosc.<\/li>\n<li>Vaja sempre per zones de gran visibilitat i lliures de combustible. En cas d&#8217;emerg\u00e8ncia per incendi forestal, atenga sempre les indicacions de les autoritats competents.<\/li>\n<li>Tinga en compte que les altes temperatures afavorixen el risc d&#8217;incendis forestal Extreme les precaucions.<\/li>\n<\/ul>\n","protected":false},"excerpt":{"rendered":"<div class=\"mh-excerpt\">Protecci\u00f3 Civil i Emerg\u00e8ncies del Ministeri de l&#8217;Interior, d&#8217;acord amb les prediccions de l&#8217;Ag\u00e8ncia Estatal de Meteorologia (AEMET) , alerta per altes temperatures en tota la pen\u00ednsula, excepte zones costaneres, durant els pr\u00f2xims dies, especialment <a class=\"mh-excerpt-more\" href=\"https:\/\/www.tucomarca.com\/wordpress\/segunda\/ca\/proteccio-civil-i-emergencies-alerten-per-altes-temperatures-en-la-peninsula-durant-els-proxims-dies\/\" title=\"Protecci\u00f3 Civil i Emerg\u00e8ncies alerten per altes temperatures en la pen\u00ednsula durant els pr\u00f2xims dies\">[+] <\/a><\/div>\n","protected":false},"author":1,"featured_media":71049,"comment_status":"open","ping_status":"open","sticky":false,"template":"","format":"standard","meta":{"footnotes":""},"categories":[10898,10894,10904,10903,10896,10897],"tags":[11123],"class_list":{"0":"post-71653","1":"post","2":"type-post","3":"status-publish","4":"format-standard","5":"has-post-thumbnail","7":"category-ventana-ca","8":"category-la-comarca-ca","9":"category-sin-categorizar-ca","10":"category-medio-ambiente-la-comarca-ca","11":"category-seccion-ca","12":"category-sucesos-la-comarca-ca","13":"tag-altes-temperatures"},"_links":{"self":[{"href":"https:\/\/www.tucomarca.com\/wordpress\/segunda\/ca\/wp-json\/wp\/v2\/posts\/71653","targetHints":{"allow":["GET"]}}],"collection":[{"href":"https:\/\/www.tucomarca.com\/wordpress\/segunda\/ca\/wp-json\/wp\/v2\/posts"}],"about":[{"href":"https:\/\/www.tucomarca.com\/wordpress\/segunda\/ca\/wp-json\/wp\/v2\/types\/post"}],"author":[{"embeddable":true,"href":"https:\/\/www.tucomarca.com\/wordpress\/segunda\/ca\/wp-json\/wp\/v2\/users\/1"}],"replies":[{"embeddable":true,"href":"https:\/\/www.tucomarca.com\/wordpress\/segunda\/ca\/wp-json\/wp\/v2\/comments?post=71653"}],"version-history":[{"count":0,"href":"https:\/\/www.tucomarca.com\/wordpress\/segunda\/ca\/wp-json\/wp\/v2\/posts\/71653\/revisions"}],"wp:featuredmedia":[{"embeddable":true,"href":"https:\/\/www.tucomarca.com\/wordpress\/segunda\/ca\/wp-json\/wp\/v2\/media\/71049"}],"wp:attachment":[{"href":"https:\/\/www.tucomarca.com\/wordpress\/segunda\/ca\/wp-json\/wp\/v2\/media?parent=71653"}],"wp:term":[{"taxonomy":"category","embeddable":true,"href":"https:\/\/www.tucomarca.com\/wordpress\/segunda\/ca\/wp-json\/wp\/v2\/categories?post=71653"},{"taxonomy":"post_tag","embeddable":true,"href":"https:\/\/www.tucomarca.com\/wordpress\/segunda\/ca\/wp-json\/wp\/v2\/tags?post=71653"}],"curies":[{"name":"wp","href":"https:\/\/api.w.org\/{rel}","templated":true}]}}