{"id":71657,"date":"2018-08-02T22:09:55","date_gmt":"2018-08-02T20:09:55","guid":{"rendered":"http:\/\/www.tucomarca.com\/wordpress\/segunda\/?p=71657"},"modified":"2018-08-02T22:23:14","modified_gmt":"2018-08-02T20:23:14","slug":"la-diputacion-de-valencia-se-suma-a-un-nuevo-proyecto-europeo-centrado-en-la-rehabilitacion-de-barrancos-para-luchar-contra-los-efectos-del-cambio-climatico","status":"publish","type":"post","link":"https:\/\/www.tucomarca.com\/wordpress\/segunda\/ca\/la-diputacion-de-valencia-se-suma-a-un-nuevo-proyecto-europeo-centrado-en-la-rehabilitacion-de-barrancos-para-luchar-contra-los-efectos-del-cambio-climatico\/","title":{"rendered":"La Diputaci\u00f3 de Val\u00e8ncia se suma a un nou projecte europeu centrat en la rehabilitaci\u00f3 de barrancs per a lluitar contra els efectes del canvi clim\u00e0tic"},"content":{"rendered":"<figure id=\"attachment_71658\" aria-describedby=\"caption-attachment-71658\" style=\"width: 397px\" class=\"wp-caption alignleft\"><img loading=\"lazy\" decoding=\"async\" class=\" wp-image-71658\" src=\"http:\/\/www.tucomarca.com\/wordpress\/segunda\/wp-content\/uploads\/2018\/08\/IMG_2424.jpg\" alt=\"El \u00e1rea de Proyectos Europeos conforma un consorcio junto a la UPV, Sustainable Towns SL (Barrio la Pinada), Projar y Kveloce.\" width=\"397\" height=\"264\" srcset=\"https:\/\/www.tucomarca.com\/wordpress\/segunda\/wp-content\/uploads\/2018\/08\/IMG_2424.jpg 6000w, https:\/\/www.tucomarca.com\/wordpress\/segunda\/wp-content\/uploads\/2018\/08\/IMG_2424-300x200.jpg 300w, https:\/\/www.tucomarca.com\/wordpress\/segunda\/wp-content\/uploads\/2018\/08\/IMG_2424-768x512.jpg 768w, https:\/\/www.tucomarca.com\/wordpress\/segunda\/wp-content\/uploads\/2018\/08\/IMG_2424-1024x683.jpg 1024w\" sizes=\"auto, (max-width: 397px) 100vw, 397px\" \/><figcaption id=\"caption-attachment-71658\" class=\"wp-caption-text\">El \u00e1rea de Proyectos Europeos conforma un consorcio junto a la UPV, Sustainable Towns SL (Barrio la Pinada), Projar y Kveloce.<\/figcaption><\/figure>\n<p>La Diputaci\u00f3 de Val\u00e8ncia, a trav\u00e9s de l&#8217;\u00e0rea de Projectes Europeus que dirigix el diputat provincial Bartolom\u00e9 Nofuentes, s&#8217;ha submergit en un nou projecte europeu amb l&#8217;objectiu de lluitar contra els efectes que el canvi clim\u00e0tic est\u00e0 produint. Per a aix\u00f2, ha constitu\u00eft un consorci format per la pr\u00f2pia instituci\u00f3 valenciana, la Universitat Polit\u00e8cnica de Val\u00e8ncia, Projar, Sustainable Towns (Barri la Pinnada) i Kveloce. Es tracta d&#8217;una iniciativa que t\u00e9 com a objectiu la rehabilitaci\u00f3 i estabilitzaci\u00f3 del s\u00f2l dels barrancs que estan patint una gran erosi\u00f3 causada per la sequera i les pluges extremes concentrades en tan sols dos per\u00edodes, la qual cosa suposa un perill tant per a la ciutadania com per al mig pel risc d&#8217;inundacions.<\/p>\n<p>En concret, el projecte es va a desenrotllar en el barranc de l&#8217;Endol\u00e7a, en el terme municipal de Paterna, creant al llarg d&#8217;un quil\u00f2metre una infraestructura verda per a pal\u00b7liar els problemes estructurals que s&#8217;han detectat en este \u00e0rea. Aix\u00ed, es duran a terme diferents t\u00e8cniques innovadores i sostenibles, permetent que es dissenye una guia de bones pr\u00e0ctiques en qu\u00e8 cada actuaci\u00f3 estar\u00e0 degudament analitzada, la qual cosa posteriorment servir\u00e0 de model per a futures intervencions en altres barrancs.<\/p>\n<p>Una iniciativa que el diputat de Projectes Europeus ha aplaudit, assegurant que &#8220;se tracta d&#8217;un treball que t\u00e9 com motor aspectes primordials en les nostres pol\u00edtiques, com ho s\u00f3n la sostenibilitat i el respecte al mig ambiente.\u00a0Adem\u00e1s, a trav\u00e9s d&#8217;este projecte, s&#8217;est\u00e0 posant remei a un problema a qu\u00e8 moltes localitats valencianes s&#8217;han d&#8217;enfrontar, aconseguint una soluci\u00f3 local a un problema generat a nivell global&#8221;;, hi ha assenyalat Nofuentes. Per la seua banda, l&#8217;alcalde de Paterna, Juan Antonio Sagredo l&#8217;ha qualificat de&#8221;gran noticia&#8221;\u00a0i ha assegurat que &amp;#34;este projecte ajudar\u00e0 a aconseguir la Paterna sostenible en la que estem trabajando&#8221;.<\/p>\n<p>&#8220;Estamos molt agra\u00efts al consorci recolzat per la Diputaci\u00f3 de Val\u00e8ncia, en el que treballarem bra\u00e7 a bra\u00e7 per esta hist\u00f2rica infraestructura, que necessitava una actualitzaci\u00f3 d&#8217;este calado&#8221;;, ha concl\u00f2s l&#8217;edil. El projecte, que compta amb un pressupost de de quatre milions d&#8217;euros i una duraci\u00f3 de quatre anys, opta a presentar-se al programa de finan\u00e7ament europeu Life al setembre.<\/p>\n<p>&nbsp;<\/p>\n","protected":false},"excerpt":{"rendered":"<div class=\"mh-excerpt\">La Diputaci\u00f3 de Val\u00e8ncia, a trav\u00e9s de l&#8217;\u00e0rea de Projectes Europeus que dirigix el diputat provincial Bartolom\u00e9 Nofuentes, s&#8217;ha submergit en un nou projecte europeu amb l&#8217;objectiu de lluitar contra els efectes que el canvi <a class=\"mh-excerpt-more\" href=\"https:\/\/www.tucomarca.com\/wordpress\/segunda\/ca\/la-diputacion-de-valencia-se-suma-a-un-nuevo-proyecto-europeo-centrado-en-la-rehabilitacion-de-barrancos-para-luchar-contra-los-efectos-del-cambio-climatico\/\" title=\"La Diputaci\u00f3 de Val\u00e8ncia se suma a un nou projecte europeu centrat en la rehabilitaci\u00f3 de barrancs per a lluitar contra els efectes del canvi clim\u00e0tic\">[+] <\/a><\/div>\n","protected":false},"author":1,"featured_media":71658,"comment_status":"open","ping_status":"open","sticky":false,"template":"","format":"standard","meta":{"footnotes":""},"categories":[10905,10898,10948,10894,10904,10903,10947,10896],"tags":[11079],"class_list":{"0":"post-71657","1":"post","2":"type-post","3":"status-publish","4":"format-standard","5":"has-post-thumbnail","7":"category-agricultura-la-comarca-ca","8":"category-ventana-ca","9":"category-infraestructuras-ca","10":"category-la-comarca-ca","11":"category-sin-categorizar-ca","12":"category-medio-ambiente-la-comarca-ca","13":"category-politica","14":"category-seccion-ca","15":"tag-diputacion-ca"},"_links":{"self":[{"href":"https:\/\/www.tucomarca.com\/wordpress\/segunda\/ca\/wp-json\/wp\/v2\/posts\/71657","targetHints":{"allow":["GET"]}}],"collection":[{"href":"https:\/\/www.tucomarca.com\/wordpress\/segunda\/ca\/wp-json\/wp\/v2\/posts"}],"about":[{"href":"https:\/\/www.tucomarca.com\/wordpress\/segunda\/ca\/wp-json\/wp\/v2\/types\/post"}],"author":[{"embeddable":true,"href":"https:\/\/www.tucomarca.com\/wordpress\/segunda\/ca\/wp-json\/wp\/v2\/users\/1"}],"replies":[{"embeddable":true,"href":"https:\/\/www.tucomarca.com\/wordpress\/segunda\/ca\/wp-json\/wp\/v2\/comments?post=71657"}],"version-history":[{"count":0,"href":"https:\/\/www.tucomarca.com\/wordpress\/segunda\/ca\/wp-json\/wp\/v2\/posts\/71657\/revisions"}],"wp:featuredmedia":[{"embeddable":true,"href":"https:\/\/www.tucomarca.com\/wordpress\/segunda\/ca\/wp-json\/wp\/v2\/media\/71658"}],"wp:attachment":[{"href":"https:\/\/www.tucomarca.com\/wordpress\/segunda\/ca\/wp-json\/wp\/v2\/media?parent=71657"}],"wp:term":[{"taxonomy":"category","embeddable":true,"href":"https:\/\/www.tucomarca.com\/wordpress\/segunda\/ca\/wp-json\/wp\/v2\/categories?post=71657"},{"taxonomy":"post_tag","embeddable":true,"href":"https:\/\/www.tucomarca.com\/wordpress\/segunda\/ca\/wp-json\/wp\/v2\/tags?post=71657"}],"curies":[{"name":"wp","href":"https:\/\/api.w.org\/{rel}","templated":true}]}}