{"id":71718,"date":"2018-08-02T22:07:08","date_gmt":"2018-08-02T20:07:08","guid":{"rendered":"http:\/\/www.tucomarca.com\/wordpress\/segunda\/?p=71718"},"modified":"2018-08-02T22:07:08","modified_gmt":"2018-08-02T20:07:08","slug":"emergencies-posa-en-marxa-una-aplicacio-mobil-per-a-informar-del-risc-dincendis-i-altres-avisos-vigents-en-la-comunitat-valenciana","status":"publish","type":"post","link":"https:\/\/www.tucomarca.com\/wordpress\/segunda\/ca\/emergencies-posa-en-marxa-una-aplicacio-mobil-per-a-informar-del-risc-dincendis-i-altres-avisos-vigents-en-la-comunitat-valenciana\/","title":{"rendered":"Emerg\u00e8ncies posa en marxa una aplicaci\u00f3 m\u00f2bil per a informar del risc d&#8217;incendis i altres avisos vigents en la Comunitat Valenciana"},"content":{"rendered":"<p>L&#8217;equip de desenrotllament corporatiu del Centre de Coordinaci\u00f3 d&#8217;Emerg\u00e8ncies ha creat una aplicaci\u00f3 m\u00f2bil que permet als seus usuaris con\u00e9ixer els avisos vigents en la Comunitat Valenciana actualitzats a l&#8217;instant. El director de l&#8217;Ag\u00e8ncia de Seguretat i Resposta a les Emerg\u00e8ncies, Jos\u00e9 Mar\u00eda \u00c1ngel, ha explicat que la nova aplicaci\u00f3, ja disponible per al sistema Android en la seua primera versi\u00f3, &#8220;es l&#8217;\u00fanica plataforma oficial que permet con\u00e9ixer actualitzades les preemerg\u00e8ncies i emerg\u00e8ncies que estiguen actives en qualsevol zona del territori de la Comunitat Valenciana&#8221;.<\/p>\n<p>A trav\u00e9s de l&#8217;app GVA112 Avisos, el Centre de Coordinaci\u00f3 d&#8217;Emerg\u00e8ncies informa di\u00e0riament del nivell de Previfoc, risc d&#8217;incendis forestals, i permet als usuaris que tinguen instal\u00b7lada l&#8217;aplicaci\u00f3 personalitzar en el m\u00f2bil les notificacions sobre alertes de les preemerg\u00e8ncies o emerg\u00e8ncies que s&#8217;activen, dels riscos d&#8217;inundacions, per temporal mar\u00edtim, pluges, tempestats, vents o altres riscos. \u00c1ngel tamb\u00e9 ha destacat que la nova aplicaci\u00f3 &amp;#34;apenas consumix dades m\u00f3viles&amp;#34; i que, en la pr\u00f2xima versi\u00f3, &amp;#34;permitir\u00e1 la localitzaci\u00f3 del terminal per a efectuar les notificacions selectives dels avisos&amp;#34;. A m\u00e9s, els t\u00e8cnics del Centre de Coordinaci\u00f3 d&#8217;Emerg\u00e8ncies estan ultimant els detalls de la nova versi\u00f3 de l&#8217;aplicaci\u00f3 per a la seua utilitzaci\u00f3 en dispositius amb el sistema Ios.<\/p>\n","protected":false},"excerpt":{"rendered":"<div class=\"mh-excerpt\">L&#8217;equip de desenrotllament corporatiu del Centre de Coordinaci\u00f3 d&#8217;Emerg\u00e8ncies ha creat una aplicaci\u00f3 m\u00f2bil que permet als seus usuaris con\u00e9ixer els avisos vigents en la Comunitat Valenciana actualitzats a l&#8217;instant. El director de l&#8217;Ag\u00e8ncia de <a class=\"mh-excerpt-more\" href=\"https:\/\/www.tucomarca.com\/wordpress\/segunda\/ca\/emergencies-posa-en-marxa-una-aplicacio-mobil-per-a-informar-del-risc-dincendis-i-altres-avisos-vigents-en-la-comunitat-valenciana\/\" title=\"Emerg\u00e8ncies posa en marxa una aplicaci\u00f3 m\u00f2bil per a informar del risc d&#8217;incendis i altres avisos vigents en la Comunitat Valenciana\">[+] <\/a><\/div>\n","protected":false},"author":1,"featured_media":71740,"comment_status":"open","ping_status":"open","sticky":false,"template":"","format":"standard","meta":{"footnotes":""},"categories":[10905,10898,10948,10894,10904,10903,10895,10896,10897],"tags":[2142],"class_list":{"0":"post-71718","1":"post","2":"type-post","3":"status-publish","4":"format-standard","5":"has-post-thumbnail","7":"category-agricultura-la-comarca-ca","8":"category-ventana-ca","9":"category-infraestructuras-ca","10":"category-la-comarca-ca","11":"category-sin-categorizar-ca","12":"category-medio-ambiente-la-comarca-ca","13":"category-premsavalenciana-ca","14":"category-seccion-ca","15":"category-sucesos-la-comarca-ca","16":"tag-la-comunitat"},"_links":{"self":[{"href":"https:\/\/www.tucomarca.com\/wordpress\/segunda\/ca\/wp-json\/wp\/v2\/posts\/71718","targetHints":{"allow":["GET"]}}],"collection":[{"href":"https:\/\/www.tucomarca.com\/wordpress\/segunda\/ca\/wp-json\/wp\/v2\/posts"}],"about":[{"href":"https:\/\/www.tucomarca.com\/wordpress\/segunda\/ca\/wp-json\/wp\/v2\/types\/post"}],"author":[{"embeddable":true,"href":"https:\/\/www.tucomarca.com\/wordpress\/segunda\/ca\/wp-json\/wp\/v2\/users\/1"}],"replies":[{"embeddable":true,"href":"https:\/\/www.tucomarca.com\/wordpress\/segunda\/ca\/wp-json\/wp\/v2\/comments?post=71718"}],"version-history":[{"count":0,"href":"https:\/\/www.tucomarca.com\/wordpress\/segunda\/ca\/wp-json\/wp\/v2\/posts\/71718\/revisions"}],"wp:featuredmedia":[{"embeddable":true,"href":"https:\/\/www.tucomarca.com\/wordpress\/segunda\/ca\/wp-json\/wp\/v2\/media\/71740"}],"wp:attachment":[{"href":"https:\/\/www.tucomarca.com\/wordpress\/segunda\/ca\/wp-json\/wp\/v2\/media?parent=71718"}],"wp:term":[{"taxonomy":"category","embeddable":true,"href":"https:\/\/www.tucomarca.com\/wordpress\/segunda\/ca\/wp-json\/wp\/v2\/categories?post=71718"},{"taxonomy":"post_tag","embeddable":true,"href":"https:\/\/www.tucomarca.com\/wordpress\/segunda\/ca\/wp-json\/wp\/v2\/tags?post=71718"}],"curies":[{"name":"wp","href":"https:\/\/api.w.org\/{rel}","templated":true}]}}