{"id":71811,"date":"2018-08-06T22:31:27","date_gmt":"2018-08-06T20:31:27","guid":{"rendered":"http:\/\/www.tucomarca.com\/wordpress\/segunda\/?p=71811"},"modified":"2018-08-06T22:47:17","modified_gmt":"2018-08-06T20:47:17","slug":"el-departament-arnau-de-vilanova-lliria-amplia-la-seua-plantilla-de-medicina-de-familia-i-pediatria","status":"publish","type":"post","link":"https:\/\/www.tucomarca.com\/wordpress\/segunda\/ca\/el-departament-arnau-de-vilanova-lliria-amplia-la-seua-plantilla-de-medicina-de-familia-i-pediatria\/","title":{"rendered":"El Departament Arnau de Vilanova-Ll\u00edria amplia la seua plantilla de Medicina de Fam\u00edlia i Pediatria"},"content":{"rendered":"<p>El Departament Arnau de Vilanova ha ampliat, des d&#8217;este mes d&#8217;agost, el seu servici d&#8217;Atenci\u00f3 Prim\u00e0ria amb cinc professionals metges de Fam\u00edlia incorporats als centres de salut de La Coma, Valterna-La Canal, La Pobla de Vallbona, Godella-Rocafort i Sant Antoni Benag\u00e9ber-L&#8217;Eliana. A ells cal sumar una de pediatre, en el de Valterna-Campamento. Amb estes incorporacions en els esmentats centres de salut es van a millorar 38 quotes de metges de fam\u00edlia que superaven els 1.850 pacients per facultatiu i de 2 pediatres amb quotes que oscil\u00b7laven entre els 1.300 i 1500 xiquets i xiquetes. Especialment sensible era la situaci\u00f3 ara esmenada dels ve\u00efns de La Coma (Paterna) , on les dos metgesses de Fam\u00edlia del centre de salut atenien a 2.200 pacients cada una. Des de gener d&#8217;enguany s&#8217;havia refor\u00e7at l&#8217;atenci\u00f3 de Medicina familiar, fins a arribar a la creaci\u00f3 a partir de l&#8217;1 d&#8217;agost, d&#8217;una pla\u00e7a per a un nou facultatiu o facultativa.<\/p>\n<p>En total, es millora l&#8217;atenci\u00f3 de m\u00e9s de 60.000 ciutadans de la zona b\u00e0sica de Paterna, 19.000 de la de L&amp;#39;Eliana, 18.000 de la Pobla de Vallbona i 16.000 de Godella. En 2017 el Departament Arnau de Vilanova-Ll\u00edra ja va ampliar dos places de personal metge de Fam\u00edlia, una en la Pobla de Vallbona i una altra a B\u00e9tera. L&#8217;ampliaci\u00f3 de plantilla de metges de fam\u00edlia \u00e9s la ratificaci\u00f3 de l&#8217;aposta de Conselleria de Sanitat Universal i Salut P\u00fablica per l&#8217;Atenci\u00f3 Prim\u00e0ria. Un model d&#8217;atenci\u00f3 on el pacient constitu\u00efx el centre sobre el qual ha d&#8217;orientar-se la intervenci\u00f3 del personal sanitari i en el que es treballa per a afegir bona salut als anys i millorar la qualitat de vida del pacient i el seu entorn.<\/p>\n<p>&nbsp;<\/p>\n","protected":false},"excerpt":{"rendered":"<div class=\"mh-excerpt\">El Departament Arnau de Vilanova ha ampliat, des d&#8217;este mes d&#8217;agost, el seu servici d&#8217;Atenci\u00f3 Prim\u00e0ria amb cinc professionals metges de Fam\u00edlia incorporats als centres de salut de La Coma, Valterna-La Canal, La Pobla de <a class=\"mh-excerpt-more\" href=\"https:\/\/www.tucomarca.com\/wordpress\/segunda\/ca\/el-departament-arnau-de-vilanova-lliria-amplia-la-seua-plantilla-de-medicina-de-familia-i-pediatria\/\" title=\"El Departament Arnau de Vilanova-Ll\u00edria amplia la seua plantilla de Medicina de Fam\u00edlia i Pediatria\">[+] <\/a><\/div>\n","protected":false},"author":1,"featured_media":71846,"comment_status":"open","ping_status":"open","sticky":false,"template":"","format":"standard","meta":{"footnotes":""},"categories":[10892,11010,10898,10894,10904,10915,10928,10893,10947,10934,10896],"tags":[10768,10433],"class_list":{"0":"post-71811","1":"post","2":"type-post","3":"status-publish","4":"format-standard","5":"has-post-thumbnail","7":"category-camp-de-turia-ca","8":"category-canal-salud","9":"category-ventana-ca","10":"category-la-comarca-ca","11":"category-sin-categorizar-ca","12":"category-la-pobla-ca","13":"category-lliria-ca","14":"category-leliana-ca","15":"category-politica","16":"category-san-antonio-de-benageber-ca","17":"category-seccion-ca","18":"tag-arnau-de-vilanova","19":"tag-leliana"},"_links":{"self":[{"href":"https:\/\/www.tucomarca.com\/wordpress\/segunda\/ca\/wp-json\/wp\/v2\/posts\/71811","targetHints":{"allow":["GET"]}}],"collection":[{"href":"https:\/\/www.tucomarca.com\/wordpress\/segunda\/ca\/wp-json\/wp\/v2\/posts"}],"about":[{"href":"https:\/\/www.tucomarca.com\/wordpress\/segunda\/ca\/wp-json\/wp\/v2\/types\/post"}],"author":[{"embeddable":true,"href":"https:\/\/www.tucomarca.com\/wordpress\/segunda\/ca\/wp-json\/wp\/v2\/users\/1"}],"replies":[{"embeddable":true,"href":"https:\/\/www.tucomarca.com\/wordpress\/segunda\/ca\/wp-json\/wp\/v2\/comments?post=71811"}],"version-history":[{"count":0,"href":"https:\/\/www.tucomarca.com\/wordpress\/segunda\/ca\/wp-json\/wp\/v2\/posts\/71811\/revisions"}],"wp:featuredmedia":[{"embeddable":true,"href":"https:\/\/www.tucomarca.com\/wordpress\/segunda\/ca\/wp-json\/wp\/v2\/media\/71846"}],"wp:attachment":[{"href":"https:\/\/www.tucomarca.com\/wordpress\/segunda\/ca\/wp-json\/wp\/v2\/media?parent=71811"}],"wp:term":[{"taxonomy":"category","embeddable":true,"href":"https:\/\/www.tucomarca.com\/wordpress\/segunda\/ca\/wp-json\/wp\/v2\/categories?post=71811"},{"taxonomy":"post_tag","embeddable":true,"href":"https:\/\/www.tucomarca.com\/wordpress\/segunda\/ca\/wp-json\/wp\/v2\/tags?post=71811"}],"curies":[{"name":"wp","href":"https:\/\/api.w.org\/{rel}","templated":true}]}}