{"id":71823,"date":"2018-08-08T08:45:24","date_gmt":"2018-08-08T06:45:24","guid":{"rendered":"http:\/\/www.tucomarca.com\/wordpress\/segunda\/?p=71823"},"modified":"2018-08-08T08:45:24","modified_gmt":"2018-08-08T06:45:24","slug":"el-negre-dalta-gamma-los-escribanos-rep-la-seua-primera-medalla-dor","status":"publish","type":"post","link":"https:\/\/www.tucomarca.com\/wordpress\/segunda\/ca\/el-negre-dalta-gamma-los-escribanos-rep-la-seua-primera-medalla-dor\/","title":{"rendered":"El negre d&#8217;alta gamma &#8220;Los Escribanos&#8221; rep la seua primera Medalla d&#8217;Or"},"content":{"rendered":"<figure id=\"attachment_71821\" aria-describedby=\"caption-attachment-71821\" style=\"width: 359px\" class=\"wp-caption alignleft\"><img loading=\"lazy\" decoding=\"async\" class=\" wp-image-71820\" src=\"http:\/\/www.tucomarca.com\/wordpress\/segunda\/wp-content\/uploads\/2018\/08\/Los-Escribanos-ok-web.jpg\" alt=\"El vino, elaborado por Bodega Vinos de la Vi\u00f1a, (La Font de la Figuera) y comercializado por Anecoop Bodegas, ha sido reconocido en el Gilbert &amp; Gaillard International Challenge de 2018 con Medalla de Oro. Es el primer galard\u00f3n que recibe el vino, tras su presentaci\u00f3n este mes de junio en el Monasterio de San Miguel de los Reyes de Valencia.\" width=\"359\" height=\"239\" srcset=\"https:\/\/www.tucomarca.com\/wordpress\/segunda\/wp-content\/uploads\/2018\/08\/Los-Escribanos-ok-web.jpg 4000w, https:\/\/www.tucomarca.com\/wordpress\/segunda\/wp-content\/uploads\/2018\/08\/Los-Escribanos-ok-web-300x200.jpg 300w, https:\/\/www.tucomarca.com\/wordpress\/segunda\/wp-content\/uploads\/2018\/08\/Los-Escribanos-ok-web-768x512.jpg 768w, https:\/\/www.tucomarca.com\/wordpress\/segunda\/wp-content\/uploads\/2018\/08\/Los-Escribanos-ok-web-1024x682.jpg 1024w\" sizes=\"auto, (max-width: 359px) 100vw, 359px\" \/><figcaption id=\"caption-attachment-71821\" class=\"wp-caption-text\">El vino, elaborado por Bodega Vinos de la Vi\u00f1a, (La Font de la Figuera) y comercializado por Anecoop Bodegas, ha sido reconocido en el Gilbert &amp; Gaillard International Challenge de 2018 con Medalla de Oro. Es el primer galard\u00f3n que recibe el vino, tras su presentaci\u00f3n este mes de junio en el Monasterio de San Miguel de los Reyes de Valencia.<\/figcaption><\/figure>\n<p>&#8220;Los Escribanos&#8221;,\u00a0reflectix l&#8217;\u00e0nima dels ceps vells (de fins a seixanta anys d&#8217;antiguitat) de dos de les varietats aut\u00f2ctones que m\u00e9s impregnen el car\u00e0cter de la Vall dels Alforins (Monastrell i Garnatxa Tintorera) , ubicades en parcel\u00b7les recuperades pel celler i triades pels seus excepcionals condicions naturals. Estes varietats aporten al vi tots els matisos i caracter\u00edstiques del terrer i, gr\u00e0cies a la saviesa de generacions de viticultors, doten a &#8220;Los Escribanos&#8221;\u00a0d&#8217;una personalitat que acredita el seu origen. S&#8217;elabora de manera tradicional, alternant antigues pr\u00e0ctiques amb t\u00e8cniques m\u00e9s noves, sempre amb l&#8217;objectiu de potenciar eixe car\u00e0cter mediterrani que caracteritza els vins de la zona. A finals de 2017 va ser valorat pel prestigi\u00f3s cr\u00edtic nord-americ\u00e0 Robert Parker amb 91 punts sobre 100.<\/p>\n<p>Gilbert &amp; Gaillard \u00e9s actualment un grup multim\u00e8dia dedicat per complet al vi, present en tots els sectors de comunicaci\u00f3. A m\u00e9s del seu Concurs Internacional, publiquen una Guia de Vins en 9 idiomes i editen una revista consagrada al vi a Fran\u00e7a i en m\u00e9s de 19 pa\u00efsos en tot el m\u00f3n. Sobre Celler Vins de La Vi\u00f1a.- Fundada en 1945, \u00e9s una empresa puntera en el m\u00f3n del vi i uns dels principals cellers de la DOP Val\u00e8ncia. El celler est\u00e0 a punt de complir 75 anys i \u00e9s el principal motor econ\u00f2mic de la Font de la Figuera i un dels m\u00e9s importants de la Vall dels Alforins. Est\u00e0 integrada per 300 socis viticultors i compta amb 2.500 Ha que produ\u00efxen anualment 12 milions de quilos de ra\u00efm. Els seus vins de m\u00e0xima expressi\u00f3, Venta del Port N\u00ba12 i Venta del Port N\u00daM. 18 han aconseguit nombrosos reconeixements en l&#8217;\u00e0mbit vin\u00edcola internacional.<\/p>\n<p>Sobre Anecoop Bodegas.- Anecoop va comen\u00e7ar la comercialitzaci\u00f3 de vi en 1986. L&#8217;oferta dels seus cellers s\u00f2cies, Celler Vins de La Vinya i Cellers Reymos, de la DOP Val\u00e8ncia i dels cellers col\u00b7laboradors, Cellers Sant Mart\u00ed i Projecte Unsi S. L., de la DO Navarra, i Cellers Marqu\u00e9s de Reinosa, amb DO La Rioja, fa de la diversitat una dels seus avantatges m\u00e9s competitius. Els nombrosos reconeixements internacionals obtinguts avalen el continu esfor\u00e7 que realitza Anecoop Cellers per adaptar la seua oferta vin\u00edcola als gustos del mercat. Actualment, exporta a 42 pa\u00efsos.<\/p>\n","protected":false},"excerpt":{"rendered":"<div class=\"mh-excerpt\">&#8220;Los Escribanos&#8221;,\u00a0reflectix l&#8217;\u00e0nima dels ceps vells (de fins a seixanta anys d&#8217;antiguitat) de dos de les varietats aut\u00f2ctones que m\u00e9s impregnen el car\u00e0cter de la Vall dels Alforins (Monastrell i Garnatxa Tintorera) , ubicades en <a class=\"mh-excerpt-more\" href=\"https:\/\/www.tucomarca.com\/wordpress\/segunda\/ca\/el-negre-dalta-gamma-los-escribanos-rep-la-seua-primera-medalla-dor\/\" title=\"El negre d&#8217;alta gamma &#8220;Los Escribanos&#8221; rep la seua primera Medalla d&#8217;Or\">[+] <\/a><\/div>\n","protected":false},"author":1,"featured_media":71821,"comment_status":"open","ping_status":"open","sticky":false,"template":"","format":"standard","meta":{"footnotes":""},"categories":[10905,11006,10894,10912,11007,10896,10974],"tags":[10743],"class_list":{"0":"post-71823","1":"post","2":"type-post","3":"status-publish","4":"format-standard","5":"has-post-thumbnail","7":"category-agricultura-la-comarca-ca","8":"category-canal-vinos","9":"category-la-comarca-ca","10":"category-la-hoya-ca","11":"category-ocio-y-cultura-ca","12":"category-seccion-ca","13":"category-cheste-ca","14":"tag-aneccop"},"_links":{"self":[{"href":"https:\/\/www.tucomarca.com\/wordpress\/segunda\/ca\/wp-json\/wp\/v2\/posts\/71823","targetHints":{"allow":["GET"]}}],"collection":[{"href":"https:\/\/www.tucomarca.com\/wordpress\/segunda\/ca\/wp-json\/wp\/v2\/posts"}],"about":[{"href":"https:\/\/www.tucomarca.com\/wordpress\/segunda\/ca\/wp-json\/wp\/v2\/types\/post"}],"author":[{"embeddable":true,"href":"https:\/\/www.tucomarca.com\/wordpress\/segunda\/ca\/wp-json\/wp\/v2\/users\/1"}],"replies":[{"embeddable":true,"href":"https:\/\/www.tucomarca.com\/wordpress\/segunda\/ca\/wp-json\/wp\/v2\/comments?post=71823"}],"version-history":[{"count":0,"href":"https:\/\/www.tucomarca.com\/wordpress\/segunda\/ca\/wp-json\/wp\/v2\/posts\/71823\/revisions"}],"wp:featuredmedia":[{"embeddable":true,"href":"https:\/\/www.tucomarca.com\/wordpress\/segunda\/ca\/wp-json\/wp\/v2\/media\/71821"}],"wp:attachment":[{"href":"https:\/\/www.tucomarca.com\/wordpress\/segunda\/ca\/wp-json\/wp\/v2\/media?parent=71823"}],"wp:term":[{"taxonomy":"category","embeddable":true,"href":"https:\/\/www.tucomarca.com\/wordpress\/segunda\/ca\/wp-json\/wp\/v2\/categories?post=71823"},{"taxonomy":"post_tag","embeddable":true,"href":"https:\/\/www.tucomarca.com\/wordpress\/segunda\/ca\/wp-json\/wp\/v2\/tags?post=71823"}],"curies":[{"name":"wp","href":"https:\/\/api.w.org\/{rel}","templated":true}]}}