{"id":71866,"date":"2018-08-08T08:40:36","date_gmt":"2018-08-08T06:40:36","guid":{"rendered":"http:\/\/www.tucomarca.com\/wordpress\/segunda\/?p=71866"},"modified":"2018-08-08T08:40:36","modified_gmt":"2018-08-08T06:40:36","slug":"fer-arreplega-de-medicaments-i-prestar-atencio-a-menjars-claus-per-a-evitar-contratemps-en-persones-amb-problemes-digestius","status":"publish","type":"post","link":"https:\/\/www.tucomarca.com\/wordpress\/segunda\/ca\/fer-arreplega-de-medicaments-i-prestar-atencio-a-menjars-claus-per-a-evitar-contratemps-en-persones-amb-problemes-digestius\/","title":{"rendered":"Fer arreplega de medicaments i prestar atenci\u00f3 a menjars, claus per a evitar contratemps en persones amb problemes digestius"},"content":{"rendered":"<figure id=\"attachment_71867\" aria-describedby=\"caption-attachment-71867\" style=\"width: 481px\" class=\"wp-caption alignleft\"><img loading=\"lazy\" decoding=\"async\" class=\" wp-image-71867\" src=\"http:\/\/www.tucomarca.com\/wordpress\/segunda\/wp-content\/uploads\/2018\/08\/stomach-3532098_1920.jpg\" alt=\"Planear las dietas, hacer acopio de medicamentos y repasar las recomendaciones de vacunaci\u00f3n de cada destino, claves para evitar contratiempos seg\u00fan los expertos del centro hospitalario.\" width=\"481\" height=\"203\" srcset=\"https:\/\/www.tucomarca.com\/wordpress\/segunda\/wp-content\/uploads\/2018\/08\/stomach-3532098_1920.jpg 1920w, https:\/\/www.tucomarca.com\/wordpress\/segunda\/wp-content\/uploads\/2018\/08\/stomach-3532098_1920-300x127.jpg 300w, https:\/\/www.tucomarca.com\/wordpress\/segunda\/wp-content\/uploads\/2018\/08\/stomach-3532098_1920-768x324.jpg 768w, https:\/\/www.tucomarca.com\/wordpress\/segunda\/wp-content\/uploads\/2018\/08\/stomach-3532098_1920-1024x433.jpg 1024w\" sizes=\"auto, (max-width: 481px) 100vw, 481px\" \/><figcaption id=\"caption-attachment-71867\" class=\"wp-caption-text\">Planear las dietas, hacer acopio de medicamentos y repasar las recomendaciones de vacunaci\u00f3n de cada destino, claves para evitar contratiempos seg\u00fan los expertos del centro hospitalario.<\/figcaption><\/figure>\n<p>Estem en el per\u00edode de vacacions de moltes persones que aprofiten per a realitzar un viatge i desconnectar de la rutina de la resta d&#8217;any. Viatjar no ha de ser un impediment per a persones amb Malaltia Inflamat\u00f2ria Intestinal a les que se li recomana seguir una s\u00e8rie de pautes relacionades amb la seua patologia i amb el viatge que realitzar\u00e0 com el dest\u00ed, el clima, l&#8217;alimentaci\u00f3 o la disponibilitat d&#8217;acc\u00e9s a la medicaci\u00f3. Estos consells estan orientats a persones que patixen Crohn i Colitis Ulcerosa, patologies intestinals que de vegades alteren el dia a dia de qui les patix. Aix\u00ed, el primer consell dels especialistes del centre passa per planejar b\u00e9 el viatge, sense deixar a l&#8217;atzar cap element, consultant amb l&#8217;especialista qualsevol dubte que ens pot sorgir. Cal planejar amb antelaci\u00f3 el tipus de menjar, vacunes, les dietes, el clima, la roba, el material higi\u00e8nic.<\/p>\n<p>\u00c9s fonamental no oblidar la medicaci\u00f3 i fer arreplega dels f\u00e0rmacs necessaris. &#8220;Aunque es viatge a un lloc conegut hem de ser cautelosos perqu\u00e8 potser les farm\u00e0cies no tinguen els f\u00e0rmacs necessaris, sobretot si es viatja a l&#8217;extranjero&#8221;,\u00a0advertix el doctor Joaqu\u00edn Hinojosa de l&#8217;Hospital de Manises. \u00c9s aconsellable portar un informe m\u00e8dic actualitzat, que incloga els noms gen\u00e8rics dels medicaments, per si es necessita comprar medicaments en el lloc de dest\u00ed.<\/p>\n<p>En cas de viatjar amb avi\u00f3, per a no tindre cap problema amb els controls de seguretat pels medicaments, \u00e9s necessari sol\u00b7licitar una nota respecte d&#8217;aix\u00f2 del metge, a m\u00e9s de portar els f\u00e0rmacs en la maleta que no es factura. De la mateixa manera, \u00e9s important repassar el calendari personal de vacunaci\u00f3 i con\u00e9ixer quines vacunes s\u00f3n les recomanades per a viatjar a Sud-am\u00e8rica, \u00c0sia o \u00c1frica i on les administren. En el cas de viatjar a pa\u00efsos estrangers, \u00e9s recomanable contractar un segur de viatge que cobrisca assist\u00e8ncia sanit\u00e0ria, i en concret, problemes relacionats amb EII. Per a saber que vacuna \u00e9s necess\u00e0ria depenent del pa\u00eds que es visite, podem comprovar-ho en la web del Ministeri de Sanitat, Consum i Benestar Social. Hi ha zones, com Gran Bretanya, on podem utilitzar noves aplicacions per a localitzar els banys p\u00fablics The Great British Public Toilet Map o webs on ens donen m\u00e9s informaci\u00f3 sobre viatjar amb EII com IBD Passport.<\/p>\n<p><strong>Planejar les dietes i beure aigua embotellada Finalment<\/strong><\/p>\n<p>sobre el consum d&#8217;aigua i aliments, els especialistes de Manises asseguren que \u00e9s important adoptar una actitud preventiva, com evitar prendre gla\u00e7ons de gel en les begudes, beure sempre aigua embotellada o evitar els aliments crus, etc. A m\u00e9s, \u00e9s preferible comptar amb un apartament o hotel amb cuina pr\u00f2pia, on poder preparar els plats habituals, per a no alterar al sistema intestinal. &amp;#34;Si es patix una malaltia inflamat\u00f2ria intestinal es pot seguir una vida normal, per\u00f2 \u00e9s important seguir unes pautes per a no patir un brot o un agreujament, per aix\u00f2 hem arreplegat estes recomanacions en el blog&amp;#34; asseguren des de la Unitat de Malaltia Inflamat\u00f2ria Intestinal del Servici de Digestiu de l&#8217;Hospital.Enfermedad Inflamatoria Intestinal (EII)<\/p>\n<p>EII \u00e9s una terminologia davall la qual s&#8217;engloben patologies com la Colitis Ulcerosa o la malaltia de Crohn que produ\u00efxen una inflamaci\u00f3 cr\u00f2nica de l&#8217;intest\u00ed. Les persones que les patixen patixen diarrees, restrenyiment, mal de cap, febra o cansament. Estes malalties afecten cada any a m\u00e9s de 15.000 valencians i cada vegada \u00e9s major el nombre de j\u00f3vens i adolescents que les patixen. Per a aprendre a conviure amb la malaltia, la Unitat d&#8217;EII de Manises organitza tamb\u00e9 una reuni\u00f3 anual de pacients on s&#8217;aborden aspectes quotidians del dia a dia. A m\u00e9s, l&#8217;Hospital de Manises ha creat una App per al control i seguiment dels pacients amb estes patologies que permet una interactuaci\u00f3 amb el professional sanitari i tindre un control sobre el dia a dia de la persona afectada per esta malaltia.<\/p>\n","protected":false},"excerpt":{"rendered":"<div class=\"mh-excerpt\">Estem en el per\u00edode de vacacions de moltes persones que aprofiten per a realitzar un viatge i desconnectar de la rutina de la resta d&#8217;any. Viatjar no ha de ser un impediment per a persones <a class=\"mh-excerpt-more\" href=\"https:\/\/www.tucomarca.com\/wordpress\/segunda\/ca\/fer-arreplega-de-medicaments-i-prestar-atencio-a-menjars-claus-per-a-evitar-contratemps-en-persones-amb-problemes-digestius\/\" title=\"Fer arreplega de medicaments i prestar atenci\u00f3 a menjars, claus per a evitar contratemps en persones amb problemes digestius\">[+] <\/a><\/div>\n","protected":false},"author":1,"featured_media":71867,"comment_status":"open","ping_status":"open","sticky":false,"template":"","format":"standard","meta":{"footnotes":""},"categories":[11010,10948,10894,10912,10896],"tags":[434],"class_list":{"0":"post-71866","1":"post","2":"type-post","3":"status-publish","4":"format-standard","5":"has-post-thumbnail","7":"category-canal-salud","8":"category-infraestructuras-ca","9":"category-la-comarca-ca","10":"category-la-hoya-ca","11":"category-seccion-ca","12":"tag-hospital-manises"},"_links":{"self":[{"href":"https:\/\/www.tucomarca.com\/wordpress\/segunda\/ca\/wp-json\/wp\/v2\/posts\/71866","targetHints":{"allow":["GET"]}}],"collection":[{"href":"https:\/\/www.tucomarca.com\/wordpress\/segunda\/ca\/wp-json\/wp\/v2\/posts"}],"about":[{"href":"https:\/\/www.tucomarca.com\/wordpress\/segunda\/ca\/wp-json\/wp\/v2\/types\/post"}],"author":[{"embeddable":true,"href":"https:\/\/www.tucomarca.com\/wordpress\/segunda\/ca\/wp-json\/wp\/v2\/users\/1"}],"replies":[{"embeddable":true,"href":"https:\/\/www.tucomarca.com\/wordpress\/segunda\/ca\/wp-json\/wp\/v2\/comments?post=71866"}],"version-history":[{"count":0,"href":"https:\/\/www.tucomarca.com\/wordpress\/segunda\/ca\/wp-json\/wp\/v2\/posts\/71866\/revisions"}],"wp:featuredmedia":[{"embeddable":true,"href":"https:\/\/www.tucomarca.com\/wordpress\/segunda\/ca\/wp-json\/wp\/v2\/media\/71867"}],"wp:attachment":[{"href":"https:\/\/www.tucomarca.com\/wordpress\/segunda\/ca\/wp-json\/wp\/v2\/media?parent=71866"}],"wp:term":[{"taxonomy":"category","embeddable":true,"href":"https:\/\/www.tucomarca.com\/wordpress\/segunda\/ca\/wp-json\/wp\/v2\/categories?post=71866"},{"taxonomy":"post_tag","embeddable":true,"href":"https:\/\/www.tucomarca.com\/wordpress\/segunda\/ca\/wp-json\/wp\/v2\/tags?post=71866"}],"curies":[{"name":"wp","href":"https:\/\/api.w.org\/{rel}","templated":true}]}}