{"id":71880,"date":"2018-08-08T10:37:20","date_gmt":"2018-08-08T08:37:20","guid":{"rendered":"http:\/\/www.tucomarca.com\/wordpress\/segunda\/?p=71880"},"modified":"2018-08-08T10:37:20","modified_gmt":"2018-08-08T08:37:20","slug":"loliverar-de-seca-afronta-una-altra-campanya-de-miseria-al-provocar-la-sequera-una-minva-del-50-en-la-cv","status":"publish","type":"post","link":"https:\/\/www.tucomarca.com\/wordpress\/segunda\/ca\/loliverar-de-seca-afronta-una-altra-campanya-de-miseria-al-provocar-la-sequera-una-minva-del-50-en-la-cv\/","title":{"rendered":"L&#8217;oliverar de sec\u00e0 afronta una altra campanya de mis\u00e8ria al provocar la sequera una minva del 50% en la CV"},"content":{"rendered":"<div class=\"page\" title=\"Page 1\">\n<div class=\"section\">\n<div class=\"layoutArea\">\n<div class=\"column\">\n<figure id=\"attachment_71878\" aria-describedby=\"caption-attachment-71878\" style=\"width: 336px\" class=\"wp-caption alignleft\"><img loading=\"lazy\" decoding=\"async\" class=\" wp-image-71877\" src=\"http:\/\/www.tucomarca.com\/wordpress\/segunda\/wp-content\/uploads\/2018\/08\/Olivos.jpg\" alt=\"AVA-ASAJA assenyala que nom\u00e9s el 18% dels oliverars valencians estan en regadiu, enfront del 29% a Espanya, i reclama un pla de reestructuraci\u00f3 de l'oliverar que facilite varietats aptes per a la mecanitzaci\u00f3, concentraci\u00f3 de parcel\u00b7les i reg de suport.\" width=\"336\" height=\"224\" srcset=\"https:\/\/www.tucomarca.com\/wordpress\/segunda\/wp-content\/uploads\/2018\/08\/Olivos.jpg 1000w, https:\/\/www.tucomarca.com\/wordpress\/segunda\/wp-content\/uploads\/2018\/08\/Olivos-300x200.jpg 300w, https:\/\/www.tucomarca.com\/wordpress\/segunda\/wp-content\/uploads\/2018\/08\/Olivos-768x512.jpg 768w\" sizes=\"auto, (max-width: 336px) 100vw, 336px\" \/><figcaption id=\"caption-attachment-71878\" class=\"wp-caption-text\">AVA-ASAJA assenyala que nom\u00e9s el 18% dels oliverars valencians estan en regadiu, enfront del 29% a Espanya, i reclama un pla de reestructuraci\u00f3 de l&#8217;oliverar que facilite varietats aptes per a la mecanitzaci\u00f3, concentraci\u00f3 de parcel\u00b7les i reg de suport.<\/figcaption><\/figure>\n<p>Les primeres estimacions de l&#8217;Associaci\u00f3 Valenciana d&#8217;Agricultors (AVA-ASAJA) apunten a un sever descens de la pr\u00f2xima producci\u00f3 en els oliverars valencians que se situaria en un 50% respecte a la mitjana dels \u00faltims exercicis, amb un volum global entorn de les 15.000 tones. La causa d&#8217;esta minva no \u00e9s una altra que el d\u00e8ficit de precipitacions que es va registrar durant la fase de quallat del cultiu -la segona mitat de la primavera- en algunes comarques valencianes. Mentres que en moltes regions d&#8217;Espanya la sequera remetia despr\u00e9s de m\u00faltiples temporals de pluja, en zones de la Foia de Bu\u00f1ol l&#8217;escassa pluviometria (fins a la tercera part d&#8217;un any hidrol\u00f2gic normal) va causar importants problemes de quallat que es traduiran en una disminuci\u00f3 del 70-80% de la producci\u00f3. Una altra comarca especialment castigada per la sequera \u00e9s la Canal de Navarr\u00e9s on la rebaixa de rendiments ascendix al 40-60%.L\u00f2gicament, la caiguda d&#8217;aforament s&#8217;accentua fonamentalment en les parcel\u00b7les de sec\u00e0, mentres que les que s\u00ed que tenen acc\u00e9s a l&#8217;aigua han pogut compensar el d\u00e8ficit h\u00eddric amb puntuals regs de socors. Per aix\u00f2 AVA-ASAJA advertix de que els olivicultors de sec\u00e0 afronten a la tardor una altra campanya seriosament amena\u00e7ada per l&#8217;escassetat d&#8217;oferta, tal com ja va succeir l&#8217;any passat a Utiel-Requena o els anteriors en determinades comarques valencianes a causa del cicle de sequera persistent en el sud-est espanyol.<\/p>\n<p>Segons dades del Ministeri d&#8217;Agricultura, l&#8217;oliverar valenci\u00e0 \u00fanicament compta amb un 18% de la seua superf\u00edcie en regadiu (17.149 hect\u00e0rees de les 94.368 totals) , una xifra menor en comparaci\u00f3 amb el que succe\u00efx en l&#8217;\u00e0mbit nacional: el 29,6% de l&#8217;oliverar espanyol ja es troba en regadiu (784.859 hect\u00e0rees de les 2.650.801 totals).<\/p>\n<p>AVA-ASAJA alerta que el sector ole\u00edcola valenci\u00e0 s&#8217;est\u00e0 quedant arrere en el proc\u00e9s de transformaci\u00f3 a regadiu que es produ\u00efx en altres regions d&#8217;Espanya amb vista a aconseguir una millor viabilitat econ\u00f2mica de les explotacions, perqu\u00e8 l&#8217;acc\u00e9s a l&#8217;aigua permet regular la collita i evitar aix\u00ed els canvis bruscos de rendiments d&#8217;any a any que solen derivar del car\u00e0cter any\u00edvol de l&#8217;oliverar. A m\u00e9s, l&#8217;entitat subratlla que una bona part de les explotacions valencianes estan envellides i s\u00f3n dif\u00edcils de mecanitzar, amb la qual cosa resulten menys productives i comporten majors costos.<\/p>\n<div class=\"page\" title=\"Page 2\">\n<div class=\"section\">\n<div class=\"layoutArea\">\n<div class=\"column\">\n<p>En este sentit, l&#8217;organitzaci\u00f3 que presidix Crist\u00f3bal Aguado reclama a la conselleria d&#8217;Agricultura la posada en marxa d&#8217;un pla de reestructuraci\u00f3 de l&#8217;oliverar que permeta facilitar l&#8217;acc\u00e9s al reg de suport, aix\u00ed com a concentrar les parcel\u00b7les per a guanyar grand\u00e0ria i introduir noves varietats que resulten aptes per a la mecanitzaci\u00f3 del cultiu.<\/p>\n<\/div>\n<\/div>\n<\/div>\n<\/div>\n<\/div>\n<\/div>\n<\/div>\n<\/div>\n","protected":false},"excerpt":{"rendered":"<div class=\"mh-excerpt\">Les primeres estimacions de l&#8217;Associaci\u00f3 Valenciana d&#8217;Agricultors (AVA-ASAJA) apunten a un sever descens de la pr\u00f2xima producci\u00f3 en els oliverars valencians que se situaria en un 50% respecte a la mitjana dels \u00faltims exercicis, amb <a class=\"mh-excerpt-more\" href=\"https:\/\/www.tucomarca.com\/wordpress\/segunda\/ca\/loliverar-de-seca-afronta-una-altra-campanya-de-miseria-al-provocar-la-sequera-una-minva-del-50-en-la-cv\/\" title=\"L&#8217;oliverar de sec\u00e0 afronta una altra campanya de mis\u00e8ria al provocar la sequera una minva del 50% en la CV\">[+] <\/a><\/div>\n","protected":false},"author":1,"featured_media":71878,"comment_status":"open","ping_status":"open","sticky":false,"template":"","format":"standard","meta":{"footnotes":""},"categories":[10905,10898,10963,10894,10904,10912,10903,10896],"tags":[85,1918,11108],"class_list":{"0":"post-71880","1":"post","2":"type-post","3":"status-publish","4":"format-standard","5":"has-post-thumbnail","7":"category-agricultura-la-comarca-ca","8":"category-ventana-ca","9":"category-la-canal-de-navarres-ca","10":"category-la-comarca-ca","11":"category-sin-categorizar-ca","12":"category-la-hoya-ca","13":"category-medio-ambiente-la-comarca-ca","14":"category-seccion-ca","15":"tag-agricultura","16":"tag-la-canal","17":"tag-la-foia-de-bunyol-xiva"},"_links":{"self":[{"href":"https:\/\/www.tucomarca.com\/wordpress\/segunda\/ca\/wp-json\/wp\/v2\/posts\/71880","targetHints":{"allow":["GET"]}}],"collection":[{"href":"https:\/\/www.tucomarca.com\/wordpress\/segunda\/ca\/wp-json\/wp\/v2\/posts"}],"about":[{"href":"https:\/\/www.tucomarca.com\/wordpress\/segunda\/ca\/wp-json\/wp\/v2\/types\/post"}],"author":[{"embeddable":true,"href":"https:\/\/www.tucomarca.com\/wordpress\/segunda\/ca\/wp-json\/wp\/v2\/users\/1"}],"replies":[{"embeddable":true,"href":"https:\/\/www.tucomarca.com\/wordpress\/segunda\/ca\/wp-json\/wp\/v2\/comments?post=71880"}],"version-history":[{"count":0,"href":"https:\/\/www.tucomarca.com\/wordpress\/segunda\/ca\/wp-json\/wp\/v2\/posts\/71880\/revisions"}],"wp:featuredmedia":[{"embeddable":true,"href":"https:\/\/www.tucomarca.com\/wordpress\/segunda\/ca\/wp-json\/wp\/v2\/media\/71878"}],"wp:attachment":[{"href":"https:\/\/www.tucomarca.com\/wordpress\/segunda\/ca\/wp-json\/wp\/v2\/media?parent=71880"}],"wp:term":[{"taxonomy":"category","embeddable":true,"href":"https:\/\/www.tucomarca.com\/wordpress\/segunda\/ca\/wp-json\/wp\/v2\/categories?post=71880"},{"taxonomy":"post_tag","embeddable":true,"href":"https:\/\/www.tucomarca.com\/wordpress\/segunda\/ca\/wp-json\/wp\/v2\/tags?post=71880"}],"curies":[{"name":"wp","href":"https:\/\/api.w.org\/{rel}","templated":true}]}}