{"id":72006,"date":"2018-08-10T17:19:36","date_gmt":"2018-08-10T15:19:36","guid":{"rendered":"http:\/\/www.tucomarca.com\/wordpress\/segunda\/?p=72006"},"modified":"2018-08-10T17:19:36","modified_gmt":"2018-08-10T15:19:36","slug":"la-localitat-celebra-este-cap-de-setmana-el-ii-trobada-de-bunyol-en-el-coneiximent","status":"publish","type":"post","link":"https:\/\/www.tucomarca.com\/wordpress\/segunda\/ca\/la-localitat-celebra-este-cap-de-setmana-el-ii-trobada-de-bunyol-en-el-coneiximent\/","title":{"rendered":"La localitat celebra este cap de setmana el II Trobada de Bunyol en el Coneiximent"},"content":{"rendered":"<div>\n<p><img loading=\"lazy\" decoding=\"async\" class=\"size-full wp-image-72014\" src=\"http:\/\/www.tucomarca.com\/wordpress\/segunda\/wp-content\/uploads\/2018\/08\/LogoColor_mail.jpg\" alt=\"\" width=\"400\" height=\"185\" srcset=\"https:\/\/www.tucomarca.com\/wordpress\/segunda\/wp-content\/uploads\/2018\/08\/LogoColor_mail.jpg 400w, https:\/\/www.tucomarca.com\/wordpress\/segunda\/wp-content\/uploads\/2018\/08\/LogoColor_mail-300x139.jpg 300w\" sizes=\"auto, (max-width: 400px) 100vw, 400px\" \/><\/p>\n<p>El II Trobada de Bunyol en el Coneixement se celebra este divendres 10 i dissabte 11 d&#8217;agost en l&#8217;Institut de Bunyol (IES La Foia de Bunyol).<\/p>\n<\/div>\n<div>En la p\u00e0gina web www.bu\u00f1olconocimiento.org tenen tota la informaci\u00f3 referent a l&#8217;esdeveniment, incloent els ponents i el programa.&#8221;<\/div>\n<div><img loading=\"lazy\" decoding=\"async\" class=\"alignnone size-full wp-image-72010\" src=\"http:\/\/www.tucomarca.com\/wordpress\/segunda\/wp-content\/uploads\/2018\/08\/programa2.jpg\" alt=\"\" width=\"656\" height=\"1556\" srcset=\"https:\/\/www.tucomarca.com\/wordpress\/segunda\/wp-content\/uploads\/2018\/08\/programa2.jpg 656w, https:\/\/www.tucomarca.com\/wordpress\/segunda\/wp-content\/uploads\/2018\/08\/programa2-126x300.jpg 126w, https:\/\/www.tucomarca.com\/wordpress\/segunda\/wp-content\/uploads\/2018\/08\/programa2-432x1024.jpg 432w\" sizes=\"auto, (max-width: 656px) 100vw, 656px\" \/> <img loading=\"lazy\" decoding=\"async\" class=\"alignnone size-full wp-image-72008\" src=\"http:\/\/www.tucomarca.com\/wordpress\/segunda\/wp-content\/uploads\/2018\/08\/programa1.jpg\" alt=\"\" width=\"656\" height=\"1556\" srcset=\"https:\/\/www.tucomarca.com\/wordpress\/segunda\/wp-content\/uploads\/2018\/08\/programa1.jpg 656w, https:\/\/www.tucomarca.com\/wordpress\/segunda\/wp-content\/uploads\/2018\/08\/programa1-126x300.jpg 126w, https:\/\/www.tucomarca.com\/wordpress\/segunda\/wp-content\/uploads\/2018\/08\/programa1-432x1024.jpg 432w\" sizes=\"auto, (max-width: 656px) 100vw, 656px\" \/><\/div>\n","protected":false},"excerpt":{"rendered":"<div class=\"mh-excerpt\">El II Trobada de Bunyol en el Coneixement se celebra este divendres 10 i dissabte 11 d&#8217;agost en l&#8217;Institut de Bunyol (IES La Foia de Bunyol). En la p\u00e0gina web www.bu\u00f1olconocimiento.org tenen tota la informaci\u00f3 <a class=\"mh-excerpt-more\" href=\"https:\/\/www.tucomarca.com\/wordpress\/segunda\/ca\/la-localitat-celebra-este-cap-de-setmana-el-ii-trobada-de-bunyol-en-el-coneiximent\/\" title=\"La localitat celebra este cap de setmana el II Trobada de Bunyol en el Coneiximent\">[+] <\/a><\/div>\n","protected":false},"author":1,"featured_media":72014,"comment_status":"open","ping_status":"open","sticky":false,"template":"","format":"standard","meta":{"footnotes":""},"categories":[11019,10973,10911,11010,10976,10977,10980,10894,10912,10978,10896,10979,10974,10975],"tags":[10594,10746],"class_list":{"0":"post-72006","1":"post","2":"type-post","3":"status-publish","4":"format-standard","5":"has-post-thumbnail","7":"category-agenda-ca","8":"category-alborache-ca","9":"category-bunol-ca","10":"category-canal-salud","11":"category-dos-aguas-ca","12":"category-godelleta-ca","13":"category-yatova-ca","14":"category-la-comarca-ca","15":"category-la-hoya-ca","16":"category-macastre-ca","17":"category-seccion-ca","18":"category-siete-aguas-ca","19":"category-cheste-ca","20":"category-chiva-ca","21":"tag-ateneo-de-bunol","22":"tag-ies-la-hoya-de-bunol"},"_links":{"self":[{"href":"https:\/\/www.tucomarca.com\/wordpress\/segunda\/ca\/wp-json\/wp\/v2\/posts\/72006","targetHints":{"allow":["GET"]}}],"collection":[{"href":"https:\/\/www.tucomarca.com\/wordpress\/segunda\/ca\/wp-json\/wp\/v2\/posts"}],"about":[{"href":"https:\/\/www.tucomarca.com\/wordpress\/segunda\/ca\/wp-json\/wp\/v2\/types\/post"}],"author":[{"embeddable":true,"href":"https:\/\/www.tucomarca.com\/wordpress\/segunda\/ca\/wp-json\/wp\/v2\/users\/1"}],"replies":[{"embeddable":true,"href":"https:\/\/www.tucomarca.com\/wordpress\/segunda\/ca\/wp-json\/wp\/v2\/comments?post=72006"}],"version-history":[{"count":0,"href":"https:\/\/www.tucomarca.com\/wordpress\/segunda\/ca\/wp-json\/wp\/v2\/posts\/72006\/revisions"}],"wp:featuredmedia":[{"embeddable":true,"href":"https:\/\/www.tucomarca.com\/wordpress\/segunda\/ca\/wp-json\/wp\/v2\/media\/72014"}],"wp:attachment":[{"href":"https:\/\/www.tucomarca.com\/wordpress\/segunda\/ca\/wp-json\/wp\/v2\/media?parent=72006"}],"wp:term":[{"taxonomy":"category","embeddable":true,"href":"https:\/\/www.tucomarca.com\/wordpress\/segunda\/ca\/wp-json\/wp\/v2\/categories?post=72006"},{"taxonomy":"post_tag","embeddable":true,"href":"https:\/\/www.tucomarca.com\/wordpress\/segunda\/ca\/wp-json\/wp\/v2\/tags?post=72006"}],"curies":[{"name":"wp","href":"https:\/\/api.w.org\/{rel}","templated":true}]}}