{"id":72125,"date":"2018-08-14T21:48:20","date_gmt":"2018-08-14T19:48:20","guid":{"rendered":"http:\/\/www.tucomarca.com\/wordpress\/segunda\/?p=72125"},"modified":"2018-08-14T21:52:40","modified_gmt":"2018-08-14T19:52:40","slug":"riba-roja-duplica-els-efectius-de-neteja-i-jardineria-en-el-casc-urba-a-les-11-urbanitzacions-i-els-poligons-industrials","status":"publish","type":"post","link":"https:\/\/www.tucomarca.com\/wordpress\/segunda\/ca\/riba-roja-duplica-els-efectius-de-neteja-i-jardineria-en-el-casc-urba-a-les-11-urbanitzacions-i-els-poligons-industrials\/","title":{"rendered":"Riba-roja duplica els efectius de neteja i jardineria en el casc urb\u00e0, a les 11 urbanitzacions i els pol\u00edgons industrials"},"content":{"rendered":"<figure id=\"attachment_72123\" aria-describedby=\"caption-attachment-72123\" style=\"width: 373px\" class=\"wp-caption alignleft\"><img loading=\"lazy\" decoding=\"async\" class=\" wp-image-72122\" src=\"http:\/\/www.tucomarca.com\/wordpress\/segunda\/wp-content\/uploads\/2018\/08\/brigada3.jpg\" alt=\"L'equip de govern destina 10 persones m\u00e9s a cobrir el servei.\" width=\"373\" height=\"401\" srcset=\"https:\/\/www.tucomarca.com\/wordpress\/segunda\/wp-content\/uploads\/2018\/08\/brigada3.jpg 500w, https:\/\/www.tucomarca.com\/wordpress\/segunda\/wp-content\/uploads\/2018\/08\/brigada3-279x300.jpg 279w\" sizes=\"auto, (max-width: 373px) 100vw, 373px\" \/><figcaption id=\"caption-attachment-72123\" class=\"wp-caption-text\">El equipo de gobierno destina 10 personas m\u00e1s a cubrir el servicio.<\/figcaption><\/figure>\n<p>L&#8217;Ajuntament de Riba-roja de T\u00faria ha duplicat el servei de neteja vi\u00e0ria al nucli urb\u00e0 ia les \u00e0rees residencials que passaran de 10 a 20 efectius gr\u00e0cies al programa Avalem Joves Plus del Servei Valenci\u00e0 d&#8217;Ocupaci\u00f3 i Formaci\u00f3 (SERVEF), finan\u00e7at per la Generalitat Valenciana. L&#8217;ampliaci\u00f3 d&#8217;efectius s&#8217;estendr\u00e0 tamb\u00e9 al servei de jardineria, amb deu persones m\u00e9s, i a la neteja dels pol\u00edgons industrials, on per primera vegada, es destinaran quatre treballadors.<\/p>\n<p>Les tasques de neteja d&#8217;aquests deu nous joves, amb edats de fins a un m\u00e0xim de 30 anys, permetran redoblar els esfor\u00e7os i la tasques de neteja al nucli urb\u00e0 i les urbanitzacions a les tardes, en horari de 15 a 21 hores, per evitar solapar-se amb la tasca que desenvolupa l&#8217;empresa adjudicat\u00e0ria d&#8217;aquest servei que es porta a terme en horari matinal. Els dissabtes treballaran de 8 a 14 hores.<\/p>\n<p>Els nous treballadors podran desenvolupar la seva tasca amb major efic\u00e0cia i efici\u00e8ncia gr\u00e0cies a l&#8217;adquisici\u00f3 d&#8217;una m\u00e0quina netejadora que actua amb notable resultat sobre el mobiliari urb\u00e0 i sobre les cantonades dels carrers, que s&#8217;afegeix tamb\u00e9 a l&#8217;adquisici\u00f3 de sis carros multifuncionals que permetran als empleats p\u00fablics disposar de tots els instruments i estris necessaris per a la seva tasca.<\/p>\n<p>L&#8217;augment dels efectius es deixar\u00e0 notar tamb\u00e9 sobre el servei de jardineria existent actualment a Riba-roja de T\u00faria, ja que als vuit que desenvolupen en aquests moments la seva tasca -pertanyents a contractes municipals- s&#8217;afegiran altres deu de manera que conformaran una plantilla de divuit que es dedicar\u00e0 a desenvolupar el seu treball sobre el nucli urb\u00e0 i les diverses \u00e0rees residencials.<\/p>\n<p>Es tracta de les urbanitzacions de l&#8217;\u00e0rea nord Muntanya Alcedo, Entrenaranjos, El Molinet, al Clot de Navarrete, Santa Rosa i Santa M\u00f2nica, a m\u00e9s de les radicades a l&#8217;\u00e0rea centre com Masia de Traver, Val\u00e8ncia la Vella, a els Pous i la Llovatera. Finalment, les noves l\u00ednies de les brigades s&#8217;ocuparan de les zona de la Reva i dels pol\u00edgons industrials, una de les m\u00e9s oblidades dels \u00faltims anys, als quals es destinaran quatre efectius.<\/p>\n<p>Els joves d&#8217;entre 18 i 20 anys constitueix un dels grups que representen, actualment, m\u00e9s problemes de formaci\u00f3 i d&#8217;inserci\u00f3 laboral. Per aix\u00f2, l&#8217;Ajuntament de Riba-roja ha rebut una subvenci\u00f3 total d&#8217;1 mili\u00f3 d&#8217;euros procedent de fons europeus que es destinar\u00e0 al programa Emcuju -amb 608.000 euros- destinat a joves amb qualificaci\u00f3 acad\u00e8mica i altres 410.000 euros per al pla Emcuju enfocat a joves sense una qualificaci\u00f3 acad\u00e8mica. Durant un any es preparen en l&#8217;administraci\u00f3 local -segons el seu perfil i formaci\u00f3 professional- per facilitar la seva posterior inserci\u00f3 en el mercat laboral.<\/p>\n<p>D&#8217;aquesta manera, tenen l&#8217;oportunitat d&#8217;adquirir nous coneixements i habilitats, sumar experi\u00e8ncies laborals que els poden servir en un futur amb l&#8217;objectiu de facilitar la seva inserci\u00f3 al mateix temps que s\u00f3n part\u00edcips de la modernitzaci\u00f3 de l&#8217;administraci\u00f3 local. Els fons europeus que financen aquest tipus de programes d&#8217;ocupaci\u00f3 suposen una injecci\u00f3 econ\u00f2mica fonamental per a les administracions p\u00fabliques fins al punt que al Comunitat Valenciana ha passat de rebre 50 milions en l&#8217;edici\u00f3 anterior als 100 milions de la present.<\/p>\n<p>El regidor d&#8217;urbanitzacions, parcs i jardins, Rafael G\u00f3mez, ha destacat que l&#8217;augment d&#8217;efectius en aquestes \u00e0rees de l&#8217;ajuntament &#8220;\u00e9s essencial perqu\u00e8 els nostres ve\u00efns rebin el servei que es mereixen ja que es tracta d&#8217;una tasca molt important en el dia a dia d&#8217;un municipi i per aix\u00f2 aquest govern aposta clarament per redoblar els esfor\u00e7os econ\u00f2mics necessaris per fer-ho realitat &#8220;.<\/p>\n<p>L&#8217;equip de govern ha afegit que aquest pla d&#8217;ocupaci\u00f3 &#8220;\u00e9s un eix molt important en la formaci\u00f3 dels nostres joves ja que no nom\u00e9s els oferim un lloc de treball remunerat sin\u00f3 que a m\u00e9s els proporcionem una formaci\u00f3 pr\u00e0ctica de cara a la seva posterior inserci\u00f3 en el mercat laboral, a m\u00e9s, amb aquests joves ens encarreguem d&#8217;atendre les necessitats que ens demanen els habitants del nucli urb\u00e0, de les urbanitzacions del terme municipal i dels pol\u00edgons industrials &#8220;.<\/p>\n","protected":false},"excerpt":{"rendered":"<div class=\"mh-excerpt\">L&#8217;Ajuntament de Riba-roja de T\u00faria ha duplicat el servei de neteja vi\u00e0ria al nucli urb\u00e0 ia les \u00e0rees residencials que passaran de 10 a 20 efectius gr\u00e0cies al programa Avalem Joves Plus del Servei Valenci\u00e0 <a class=\"mh-excerpt-more\" href=\"https:\/\/www.tucomarca.com\/wordpress\/segunda\/ca\/riba-roja-duplica-els-efectius-de-neteja-i-jardineria-en-el-casc-urba-a-les-11-urbanitzacions-i-els-poligons-industrials\/\" title=\"Riba-roja duplica els efectius de neteja i jardineria en el casc urb\u00e0, a les 11 urbanitzacions i els pol\u00edgons industrials\">[+] <\/a><\/div>\n","protected":false},"author":1,"featured_media":72123,"comment_status":"open","ping_status":"open","sticky":false,"template":"","format":"standard","meta":{"footnotes":""},"categories":[10892,10898,10948,10894,10904,10903,10947,10906,10896],"tags":[10899,11102],"class_list":{"0":"post-72125","1":"post","2":"type-post","3":"status-publish","4":"format-standard","5":"has-post-thumbnail","7":"category-camp-de-turia-ca","8":"category-ventana-ca","9":"category-infraestructuras-ca","10":"category-la-comarca-ca","11":"category-sin-categorizar-ca","12":"category-medio-ambiente-la-comarca-ca","13":"category-politica","14":"category-riba-roja-ca","15":"category-seccion-ca","16":"tag-camp-de-turia-ca","17":"tag-riba-roja-2-ca"},"_links":{"self":[{"href":"https:\/\/www.tucomarca.com\/wordpress\/segunda\/ca\/wp-json\/wp\/v2\/posts\/72125","targetHints":{"allow":["GET"]}}],"collection":[{"href":"https:\/\/www.tucomarca.com\/wordpress\/segunda\/ca\/wp-json\/wp\/v2\/posts"}],"about":[{"href":"https:\/\/www.tucomarca.com\/wordpress\/segunda\/ca\/wp-json\/wp\/v2\/types\/post"}],"author":[{"embeddable":true,"href":"https:\/\/www.tucomarca.com\/wordpress\/segunda\/ca\/wp-json\/wp\/v2\/users\/1"}],"replies":[{"embeddable":true,"href":"https:\/\/www.tucomarca.com\/wordpress\/segunda\/ca\/wp-json\/wp\/v2\/comments?post=72125"}],"version-history":[{"count":0,"href":"https:\/\/www.tucomarca.com\/wordpress\/segunda\/ca\/wp-json\/wp\/v2\/posts\/72125\/revisions"}],"wp:featuredmedia":[{"embeddable":true,"href":"https:\/\/www.tucomarca.com\/wordpress\/segunda\/ca\/wp-json\/wp\/v2\/media\/72123"}],"wp:attachment":[{"href":"https:\/\/www.tucomarca.com\/wordpress\/segunda\/ca\/wp-json\/wp\/v2\/media?parent=72125"}],"wp:term":[{"taxonomy":"category","embeddable":true,"href":"https:\/\/www.tucomarca.com\/wordpress\/segunda\/ca\/wp-json\/wp\/v2\/categories?post=72125"},{"taxonomy":"post_tag","embeddable":true,"href":"https:\/\/www.tucomarca.com\/wordpress\/segunda\/ca\/wp-json\/wp\/v2\/tags?post=72125"}],"curies":[{"name":"wp","href":"https:\/\/api.w.org\/{rel}","templated":true}]}}