{"id":72141,"date":"2018-08-14T21:39:14","date_gmt":"2018-08-14T19:39:14","guid":{"rendered":"http:\/\/www.tucomarca.com\/wordpress\/segunda\/?p=72141"},"modified":"2018-08-14T21:43:20","modified_gmt":"2018-08-14T19:43:20","slug":"la-diputacio-de-valencia-realitza-millores-per-a-augmentar-leficiencia-energetica-del-col%e2%80%a2legi-el-garbi-de-leliana","status":"publish","type":"post","link":"https:\/\/www.tucomarca.com\/wordpress\/segunda\/ca\/la-diputacio-de-valencia-realitza-millores-per-a-augmentar-leficiencia-energetica-del-col%e2%80%a2legi-el-garbi-de-leliana\/","title":{"rendered":"La Diputaci\u00f3 de Val\u00e8ncia realitza millores per a augmentar l&#8217;efici\u00e8ncia energ\u00e8tica del col\u2022legi El Garb\u00ed de L&#8217;Eliana"},"content":{"rendered":"<figure id=\"attachment_72139\" aria-describedby=\"caption-attachment-72139\" style=\"width: 535px\" class=\"wp-caption alignleft\"><img loading=\"lazy\" decoding=\"async\" class=\" wp-image-72138\" src=\"http:\/\/www.tucomarca.com\/wordpress\/segunda\/wp-content\/uploads\/2018\/08\/Millores-Garbi-1.jpg\" alt=\"Les inversions dutes a terme en el centre permetran la instal\u2022laci\u00f3 de llums tipus LED i la substituci\u00f3 de finestres i vidrieres a les portes.\" width=\"535\" height=\"401\" srcset=\"https:\/\/www.tucomarca.com\/wordpress\/segunda\/wp-content\/uploads\/2018\/08\/Millores-Garbi-1.jpg 4032w, https:\/\/www.tucomarca.com\/wordpress\/segunda\/wp-content\/uploads\/2018\/08\/Millores-Garbi-1-300x225.jpg 300w, https:\/\/www.tucomarca.com\/wordpress\/segunda\/wp-content\/uploads\/2018\/08\/Millores-Garbi-1-768x576.jpg 768w, https:\/\/www.tucomarca.com\/wordpress\/segunda\/wp-content\/uploads\/2018\/08\/Millores-Garbi-1-1024x768.jpg 1024w\" sizes=\"auto, (max-width: 535px) 100vw, 535px\" \/><figcaption id=\"caption-attachment-72139\" class=\"wp-caption-text\">Les inversions dutes a terme en el centre permetran la instal\u2022laci\u00f3 de llums tipus LED i la substituci\u00f3 de finestres i vidrieres a les portes.<\/figcaption><\/figure>\n<p>El pressupost d&#8217;execuci\u00f3 amb el qual compta aquesta actuaci\u00f3 \u00e9s de 180.000 euros, finan\u00e7ats \u00edntegrament per la Diputaci\u00f3 i que aniran destinats a la substituci\u00f3 completa de finestres, aix\u00ed com dels cristalls a les portes d&#8217;entrada del CEIP El Garb\u00ed.<\/p>\n<p>Tamb\u00e9 se substituiran les llumin\u00e0ries de l&#8217;interior del col\u2022legi per llumin\u00e0ries tipus LED, que portaran incorporades sensors de detecci\u00f3 de pres\u00e8ncia. Aquest tipus de llums s&#8217;utilitzen amb l&#8217;objectiu de reduir el consum en il\u2022luminaci\u00f3 i d&#8217;aquesta manera millorar l&#8217;efici\u00e8ncia energ\u00e8tica del centre.<\/p>\n<p>Les inversions realitzades en el col\u2022legi, pertanyen al Pla Municipal de Manteniment d&#8217;Escoles que duu a terme la Diputaci\u00f3 de Val\u00e8ncia i que invertir\u00e0 durant tot 2018, m\u00e9s de cinc milions i mig d&#8217;euros en 38 centres de la prov\u00edncia de Val\u00e8ncia.<\/p>\n<p>Per a l&#8217;edil de Serveis Urbans, Marta Andr\u00e9s, \u201caquestes obres permetran millorar l&#8217;efici\u00e8ncia energ\u00e8tica del col\u2022legi El Garb\u00ed, gr\u00e0cies a les inversions realitzades per la Diputaci\u00f3. Tant l&#8217;entitat provincial com l&#8217;Ajuntament de L&#8217;Eliana, apostem per millorar la sostenibilitat ambiental i l&#8217;efici\u00e8ncia energ\u00e8tica de les nostres instal\u2022lacions municipals\u201d.<\/p>\n<p><b>Avancen les obres de millora de l&#8217;itinerari escolar<span class=\"Apple-converted-space\">\u00a0<\/span><\/b><span class=\"Apple-converted-space\">\u00a0<\/span><\/p>\n<p>El passat 18 de juliol van comen\u00e7ar les obres que s&#8217;estan duent a terme als carrers Joan XXIII i Bonaire, amb l&#8217;objectiu de millorar l&#8217;itinerari escolar dels centres educatius l\u2019Olivera i Verge del Carmen. Aquestes actuacions s&#8217;emmarquen dins del Pla de Mobilitat i Accessibilitat Sostenible de l&#8217;Eliana i va ser una de les propostes triades per la ciutadania en els Pressupostos Participatius de l&#8217;Eliana, per a l&#8217;any 2018 i compta amb un pressupost de 65.000 euros.<\/p>\n<p>Les obres estaran concloses al setembre amb l&#8217;ampliaci\u00f3 de les voreres adjacents a tots dos centres educatius, fent m\u00e9s accessible l&#8217;entorn dels col\u2022legis i responent als problemes de tr\u00e0nsit ocasionats per la pres\u00e8ncia massiva de cotxes a l&#8217;hora d&#8217;entrada i eixida dels escolars.<\/p>\n","protected":false},"excerpt":{"rendered":"<div class=\"mh-excerpt\">El pressupost d&#8217;execuci\u00f3 amb el qual compta aquesta actuaci\u00f3 \u00e9s de 180.000 euros, finan\u00e7ats \u00edntegrament per la Diputaci\u00f3 i que aniran destinats a la substituci\u00f3 completa de finestres, aix\u00ed com dels cristalls a les portes <a class=\"mh-excerpt-more\" href=\"https:\/\/www.tucomarca.com\/wordpress\/segunda\/ca\/la-diputacio-de-valencia-realitza-millores-per-a-augmentar-leficiencia-energetica-del-col%e2%80%a2legi-el-garbi-de-leliana\/\" title=\"La Diputaci\u00f3 de Val\u00e8ncia realitza millores per a augmentar l&#8217;efici\u00e8ncia energ\u00e8tica del col\u2022legi El Garb\u00ed de L&#8217;Eliana\">[+] <\/a><\/div>\n","protected":false},"author":1,"featured_media":72139,"comment_status":"open","ping_status":"open","sticky":false,"template":"","format":"standard","meta":{"footnotes":""},"categories":[10892,10898,10948,10894,10904,10893,10947,10896],"tags":[10899,3675,10433],"class_list":{"0":"post-72141","1":"post","2":"type-post","3":"status-publish","4":"format-standard","5":"has-post-thumbnail","7":"category-camp-de-turia-ca","8":"category-ventana-ca","9":"category-infraestructuras-ca","10":"category-la-comarca-ca","11":"category-sin-categorizar-ca","12":"category-leliana-ca","13":"category-politica","14":"category-seccion-ca","15":"tag-camp-de-turia-ca","16":"tag-diputacio","17":"tag-leliana"},"_links":{"self":[{"href":"https:\/\/www.tucomarca.com\/wordpress\/segunda\/ca\/wp-json\/wp\/v2\/posts\/72141","targetHints":{"allow":["GET"]}}],"collection":[{"href":"https:\/\/www.tucomarca.com\/wordpress\/segunda\/ca\/wp-json\/wp\/v2\/posts"}],"about":[{"href":"https:\/\/www.tucomarca.com\/wordpress\/segunda\/ca\/wp-json\/wp\/v2\/types\/post"}],"author":[{"embeddable":true,"href":"https:\/\/www.tucomarca.com\/wordpress\/segunda\/ca\/wp-json\/wp\/v2\/users\/1"}],"replies":[{"embeddable":true,"href":"https:\/\/www.tucomarca.com\/wordpress\/segunda\/ca\/wp-json\/wp\/v2\/comments?post=72141"}],"version-history":[{"count":0,"href":"https:\/\/www.tucomarca.com\/wordpress\/segunda\/ca\/wp-json\/wp\/v2\/posts\/72141\/revisions"}],"wp:featuredmedia":[{"embeddable":true,"href":"https:\/\/www.tucomarca.com\/wordpress\/segunda\/ca\/wp-json\/wp\/v2\/media\/72139"}],"wp:attachment":[{"href":"https:\/\/www.tucomarca.com\/wordpress\/segunda\/ca\/wp-json\/wp\/v2\/media?parent=72141"}],"wp:term":[{"taxonomy":"category","embeddable":true,"href":"https:\/\/www.tucomarca.com\/wordpress\/segunda\/ca\/wp-json\/wp\/v2\/categories?post=72141"},{"taxonomy":"post_tag","embeddable":true,"href":"https:\/\/www.tucomarca.com\/wordpress\/segunda\/ca\/wp-json\/wp\/v2\/tags?post=72141"}],"curies":[{"name":"wp","href":"https:\/\/api.w.org\/{rel}","templated":true}]}}