{"id":72712,"date":"2018-08-21T19:01:12","date_gmt":"2018-08-21T17:01:12","guid":{"rendered":"http:\/\/www.tucomarca.com\/wordpress\/segunda\/?p=72712"},"modified":"2018-08-21T19:01:12","modified_gmt":"2018-08-21T17:01:12","slug":"esport-musica-atraccions-i-espectacles-per-a-nens-i-berenar-per-a-la-tercera-edat-centren-latencio-de-la-fira-i-festes-de-bunyol-aquesta-setmana","status":"publish","type":"post","link":"https:\/\/www.tucomarca.com\/wordpress\/segunda\/ca\/esport-musica-atraccions-i-espectacles-per-a-nens-i-berenar-per-a-la-tercera-edat-centren-latencio-de-la-fira-i-festes-de-bunyol-aquesta-setmana\/","title":{"rendered":"Esport, m\u00fasica, atraccions i espectacles per a nens i berenar per a la tercera edat centren l&#8217;atenci\u00f3 de la Fira i Festes de Bunyol aquesta setmana"},"content":{"rendered":"<figure id=\"attachment_72710\" aria-describedby=\"caption-attachment-72710\" style=\"width: 419px\" class=\"wp-caption alignleft\"><img loading=\"lazy\" decoding=\"async\" class=\" wp-image-72709\" src=\"http:\/\/www.tucomarca.com\/wordpress\/segunda\/wp-content\/uploads\/2018\/08\/feria_fiestas_y_tomatina_bunol_2018_cartel_0.jpg\" alt=\"Divendres es produir\u00e0 l'obertura del Recinte Firal de Bunyol, dissabte la Tomatina Infantil i el Diumenge el Dia del Mant\u00f3.\" width=\"419\" height=\"567\" srcset=\"https:\/\/www.tucomarca.com\/wordpress\/segunda\/wp-content\/uploads\/2018\/08\/feria_fiestas_y_tomatina_bunol_2018_cartel_0.jpg 800w, https:\/\/www.tucomarca.com\/wordpress\/segunda\/wp-content\/uploads\/2018\/08\/feria_fiestas_y_tomatina_bunol_2018_cartel_0-222x300.jpg 222w, https:\/\/www.tucomarca.com\/wordpress\/segunda\/wp-content\/uploads\/2018\/08\/feria_fiestas_y_tomatina_bunol_2018_cartel_0-768x1039.jpg 768w, https:\/\/www.tucomarca.com\/wordpress\/segunda\/wp-content\/uploads\/2018\/08\/feria_fiestas_y_tomatina_bunol_2018_cartel_0-757x1024.jpg 757w\" sizes=\"auto, (max-width: 419px) 100vw, 419px\" \/><figcaption id=\"caption-attachment-72710\" class=\"wp-caption-text\">Divendres es produir\u00e0 l&#8217;obertura del Recinte Firal de Bunyol, dissabte la Tomatina Infantil i el Diumenge el Dia del Mant\u00f3.<\/figcaption><\/figure>\n<p>La Fira i Festes de Bunyol va arrencar aquest cap de setmana amb plats forts com la Presentaci\u00f3 de la Reina, el Concert \u00abM\u00e0 a m\u00e0\u00bb i la presentaci\u00f3 de la Fallera Major de la Junta Local Fallera de Bunyol. Aquests dies continuen els actes esportius. Nens i grans tamb\u00e9 tenen el seu espai.<\/p>\n<p>Pel que fa a actes esportius, dissabte a la tarda es va celebrar la Presentaci\u00f3 del Club Esportiu Bunyol en el recentment rehabilitat Camp de Futbol Beltr\u00e1n B\u00e1guena. Despr\u00e9s de la presentaci\u00f3 de plantilla i cos t\u00e8cnic es va desenvolupar un partit de futbol entre el CD Bunyol i el Llevant UD Divisi\u00f3 d&#8217;Honor en qu\u00e8 va v\u00e8ncer el club local per 3-2.<\/p>\n<p>I ja, aquesta setmana, ahir dilluns al Poliesportiu del Planell, dia dedicat als esports d&#8217;Raqueta. Es va disputar la Final del XLV edici\u00f3 del torneig de Frontenis mascul\u00ed i femen\u00ed &#8220;Fira i Festes de Bunyol&#8221;, a m\u00e9s de la Final de la III Copa d&#8217;Estiu de P\u00e0del i el II Torneig de Super Tie-Breaks Fira i Festes de Tennis.<\/p>\n<p>Avui i dem\u00e0 ser\u00e0 el torn de la Lliga d&#8217;Estiu de Futbol Sala. Dem\u00e0 es disputar\u00e0 des de les 20,00 h fins a les 0h el tercer i quart lloc de totes les categories, i dimecres, finals de totes les categories des de les 20h fins a les 1h. En acabar, lliurament de trofeus de la Lliga de Futbol Sala d&#8217;Estiu, amb animaci\u00f3 i m\u00fasica. S&#8217;atorgaran premis en met\u00e0l\u00b7lic patrocinats pel CD Bunyol.<\/p>\n<p>Dijous 23, un dels grans dies d&#8217;Esport: Atletisme i Gimn\u00e0stica R\u00edtmica. A les 19,30h arrencar\u00e0 la III Cursa Raquel Lavilla Villar i V Solid\u00e0ria 6K, amb recorregut de 6km. Sortida i Meta a la Pla\u00e7a Layana, recorrent tota la poblaci\u00f3. Est\u00e0 organitzada per l&#8217;Ajuntament de Bunyol i el CA Correores de Bunyol. La regidora del ram, Marta P\u00e9rez, puntualitza que el calendari esportiu de carreres en aquest 2018 \u00e9s tan ampli que es va decidir, primerament introduir aquesta carrera a la Setmana Esportiva de la Fira i Festes, ia m\u00e9s unir-la a la Cursa Solid\u00e0ria. Afirma que es tractava de dues carreres molt semblants, una de 7K i una altra de 5K, i molt properes en el temps.<\/p>\n<p>Despr\u00e9s, a les 23,00 h es realitzar\u00e0 l&#8217;exhibici\u00f3 de Gimn\u00e0stica R\u00edtmica a c\u00e0rrec dels Clubs de Bunyol i Tur\u00eds a l&#8217;Auditori de Sant Llu\u00eds que tots els anys duen a terme. Aquest any al no comptar amb altres esdeveniments esportius en aquest horari, com en anys anteriors que coincidia amb les finals de la Lliga d&#8217;Estiu de Futbol Sala, tota la nit est\u00e0 dedicada i enfocada a aquesta magistral exhibici\u00f3.<\/p>\n<p>Finalment, dilluns i dimarts de la setmana que ve, 27 i 28 d&#8217;agost, a les 16,30 h tindr\u00e0 lloc el tradicional Concurs d&#8217;Escacs de Fira i Festes a la Pla\u00e7a Layana, organitzat pel Club d&#8217;Escacs de la localitat. Dimarts s&#8217;atorgar\u00e0 el Trofeu Ajuntament de Bu\u00f1ol.<\/p>\n<p>Actes festius per a tots aquesta setmana<\/p>\n<p>Per\u00f2 els nens i la Tercera Edat tamb\u00e9 tenen el seu espai aquesta setmana al municipi. Dem\u00e0 dimarts, al Mes\u00f3n del Castillo, Berenar, amenitzada per Gregorio Galarza i Salvador Merenciano a les 18,30 h. A la nit, a les 22,30 h a l&#8217;Auditori de Sant Llu\u00eds espectacle de m\u00e0gia amb els mags Murphy i Roger, anomenat Mystery II.<\/p>\n<p>Dimecres, tarda especial per a nens. Inflables de 18 a 20,00 h al Parc de Sant Llu\u00eds i a les 20,00 h espectacle infantil &#8220;Rampunzel&#8221;.<\/p>\n<p>Dijous, a les 20,00 h, el tradicional concert de la Jorssta Bunyol Simphony a l&#8217;Esgl\u00e9sia Sant Pere Ap\u00f2stol, dirigida per Vicente &#8220;Lle\u00f3&#8221;, i amb la col\u00b7laboraci\u00f3 de la soprano Osane Lamaneta.<\/p>\n<p>Ja el divendres obertura oficial de la fira amb una gran quantitat d&#8217;actes. Dissabte destaca la Tomatina Infantil i el Tom\u00e0quet Rock, i el diumenge el Dia del Mant\u00f3, organitzat per la Societat Musical L&#8217;Art\u00edstica de Bunyol.<\/p>\n","protected":false},"excerpt":{"rendered":"<div class=\"mh-excerpt\">La Fira i Festes de Bunyol va arrencar aquest cap de setmana amb plats forts com la Presentaci\u00f3 de la Reina, el Concert \u00abM\u00e0 a m\u00e0\u00bb i la presentaci\u00f3 de la Fallera Major de la <a class=\"mh-excerpt-more\" href=\"https:\/\/www.tucomarca.com\/wordpress\/segunda\/ca\/esport-musica-atraccions-i-espectacles-per-a-nens-i-berenar-per-a-la-tercera-edat-centren-latencio-de-la-fira-i-festes-de-bunyol-aquesta-setmana\/\" title=\"Esport, m\u00fasica, atraccions i espectacles per a nens i berenar per a la tercera edat centren l&#8217;atenci\u00f3 de la Fira i Festes de Bunyol aquesta setmana\">[+] <\/a><\/div>\n","protected":false},"author":1,"featured_media":72710,"comment_status":"open","ping_status":"open","sticky":false,"template":"","format":"standard","meta":{"footnotes":""},"categories":[11019,10911,11003,10912,11008,11009,10896],"tags":[9906,11108],"class_list":{"0":"post-72712","1":"post","2":"type-post","3":"status-publish","4":"format-standard","5":"has-post-thumbnail","7":"category-agenda-ca","8":"category-bunol-ca","9":"category-sports","10":"category-la-hoya-ca","11":"category-pueblos-en-fiestas-ca","12":"category-polideportivo-ca","13":"category-seccion-ca","14":"tag-bunyol","15":"tag-la-foia-de-bunyol-xiva"},"_links":{"self":[{"href":"https:\/\/www.tucomarca.com\/wordpress\/segunda\/ca\/wp-json\/wp\/v2\/posts\/72712","targetHints":{"allow":["GET"]}}],"collection":[{"href":"https:\/\/www.tucomarca.com\/wordpress\/segunda\/ca\/wp-json\/wp\/v2\/posts"}],"about":[{"href":"https:\/\/www.tucomarca.com\/wordpress\/segunda\/ca\/wp-json\/wp\/v2\/types\/post"}],"author":[{"embeddable":true,"href":"https:\/\/www.tucomarca.com\/wordpress\/segunda\/ca\/wp-json\/wp\/v2\/users\/1"}],"replies":[{"embeddable":true,"href":"https:\/\/www.tucomarca.com\/wordpress\/segunda\/ca\/wp-json\/wp\/v2\/comments?post=72712"}],"version-history":[{"count":0,"href":"https:\/\/www.tucomarca.com\/wordpress\/segunda\/ca\/wp-json\/wp\/v2\/posts\/72712\/revisions"}],"wp:featuredmedia":[{"embeddable":true,"href":"https:\/\/www.tucomarca.com\/wordpress\/segunda\/ca\/wp-json\/wp\/v2\/media\/72710"}],"wp:attachment":[{"href":"https:\/\/www.tucomarca.com\/wordpress\/segunda\/ca\/wp-json\/wp\/v2\/media?parent=72712"}],"wp:term":[{"taxonomy":"category","embeddable":true,"href":"https:\/\/www.tucomarca.com\/wordpress\/segunda\/ca\/wp-json\/wp\/v2\/categories?post=72712"},{"taxonomy":"post_tag","embeddable":true,"href":"https:\/\/www.tucomarca.com\/wordpress\/segunda\/ca\/wp-json\/wp\/v2\/tags?post=72712"}],"curies":[{"name":"wp","href":"https:\/\/api.w.org\/{rel}","templated":true}]}}