{"id":72954,"date":"2018-08-22T21:39:37","date_gmt":"2018-08-22T19:39:37","guid":{"rendered":"http:\/\/www.tucomarca.com\/wordpress\/segunda\/?p=72954"},"modified":"2018-08-22T21:39:37","modified_gmt":"2018-08-22T19:39:37","slug":"la-diputacio-ajuda-a-villargordo-a-solucionar-el-problema-de-subministrament-daigua","status":"publish","type":"post","link":"https:\/\/www.tucomarca.com\/wordpress\/segunda\/ca\/la-diputacio-ajuda-a-villargordo-a-solucionar-el-problema-de-subministrament-daigua\/","title":{"rendered":"La Diputaci\u00f3 ajuda a Villargordo a solucionar el problema de subministrament d&#8217;aigua"},"content":{"rendered":"<figure id=\"attachment_72952\" aria-describedby=\"caption-attachment-72952\" style=\"width: 512px\" class=\"wp-caption alignleft\"><img loading=\"lazy\" decoding=\"async\" class=\" wp-image-72951\" src=\"http:\/\/www.tucomarca.com\/wordpress\/segunda\/wp-content\/uploads\/2018\/08\/138.jpg\" alt=\"Villargordo del Cabriel construir\u00e0 un dip\u00f2sit d'aigua potable per a abastir a tot el poble amb 150.000 euros procedents del SOM.\" width=\"512\" height=\"341\" srcset=\"https:\/\/www.tucomarca.com\/wordpress\/segunda\/wp-content\/uploads\/2018\/08\/138.jpg 2000w, https:\/\/www.tucomarca.com\/wordpress\/segunda\/wp-content\/uploads\/2018\/08\/138-300x200.jpg 300w, https:\/\/www.tucomarca.com\/wordpress\/segunda\/wp-content\/uploads\/2018\/08\/138-768x512.jpg 768w, https:\/\/www.tucomarca.com\/wordpress\/segunda\/wp-content\/uploads\/2018\/08\/138-1024x682.jpg 1024w\" sizes=\"auto, (max-width: 512px) 100vw, 512px\" \/><figcaption id=\"caption-attachment-72952\" class=\"wp-caption-text\">Villargordo del Cabriel construir\u00e0 un dip\u00f2sit d&#8217;aigua potable per a abastir a tot el poble amb 150.000 euros procedents del SOM.<\/figcaption><\/figure>\n<p>La preocupaci\u00f3 per l&#8217;aigua est\u00e0 marcant el dest\u00ed de les inversions que Villargordo del Cabriel, un petit municipi situat a la comarca de Requena-Utiel, rep a trav\u00e9s de la Diputaci\u00f3 de Val\u00e8ncia. En aquest cas, la corporaci\u00f3 que presideix Francisco Nu\u00e9valos destinar\u00e0 un total de 143.885 euros procedents del pla de Serveis i Obres Municipals (SOM) a la construcci\u00f3 d&#8217;un nou dip\u00f2sit d&#8217;aigua.<\/p>\n<p>Aquesta infraestructura ser\u00e0 fonamental per proveir d&#8217;aigua potable a tot el municipi, i molt especialment en el per\u00edode estival, quan aquesta localitat triplica la seva poblaci\u00f3, passant dels 620 habitants als prop de 2.000 en els mesos de juliol i agost.<\/p>\n<p>&#8220;Portem 40 anys amb aquest problema&#8221;, lamenta l&#8217;alcalde, que porta denunciant la falta d&#8217;aigua &#8220;des de sempre&#8221;. &#8220;Fa vuit anys ja vam comen\u00e7ar a canviar les canonades, que estaven obsoletes, i ja projectem el nou dip\u00f2sit a la zona alta del poble&#8221;, explica.<\/p>\n<p>esfor\u00e7 inversor<\/p>\n<p>Aquest esfor\u00e7 inversor ha estat una constant en aquest municipi d&#8217;interior, on a m\u00e9s de destinar \u00edntegrament el pressupost del SOM es contempla sol\u00b7licitar nous ajuts mitjan\u00e7ant el pla bianual contra la sequera de la Diputaci\u00f3, una nova l\u00ednia de subvencions que recompensa precisament aquest tipus de actitud responsable en mat\u00e8ria h\u00eddrica.<\/p>\n<p>De moment, el projecte del dip\u00f2sit es troba ja en &#8220;fase de redacci\u00f3&#8221; i &#8220;si d\u00f3na el pressupost&#8221;, la intenci\u00f3 \u00e9s &#8220;acabar l&#8217;obra abans que s&#8217;acabi la legislatura&#8221;, ha anunciat el primer edil.<\/p>\n","protected":false},"excerpt":{"rendered":"<div class=\"mh-excerpt\">La preocupaci\u00f3 per l&#8217;aigua est\u00e0 marcant el dest\u00ed de les inversions que Villargordo del Cabriel, un petit municipi situat a la comarca de Requena-Utiel, rep a trav\u00e9s de la Diputaci\u00f3 de Val\u00e8ncia. En aquest cas, <a class=\"mh-excerpt-more\" href=\"https:\/\/www.tucomarca.com\/wordpress\/segunda\/ca\/la-diputacio-ajuda-a-villargordo-a-solucionar-el-problema-de-subministrament-daigua\/\" title=\"La Diputaci\u00f3 ajuda a Villargordo a solucionar el problema de subministrament d&#8217;aigua\">[+] <\/a><\/div>\n","protected":false},"author":1,"featured_media":72952,"comment_status":"open","ping_status":"open","sticky":false,"template":"","format":"standard","meta":{"footnotes":""},"categories":[10905,10898,10948,10894,10903,10947,10909,10896,11061],"tags":[3675,1061],"class_list":{"0":"post-72954","1":"post","2":"type-post","3":"status-publish","4":"format-standard","5":"has-post-thumbnail","7":"category-agricultura-la-comarca-ca","8":"category-ventana-ca","9":"category-infraestructuras-ca","10":"category-la-comarca-ca","11":"category-medio-ambiente-la-comarca-ca","12":"category-politica","13":"category-requena-utiel-ca","14":"category-seccion-ca","15":"category-villargordo-del-cabriel-ca","16":"tag-diputacio","17":"tag-villargordo"},"_links":{"self":[{"href":"https:\/\/www.tucomarca.com\/wordpress\/segunda\/ca\/wp-json\/wp\/v2\/posts\/72954","targetHints":{"allow":["GET"]}}],"collection":[{"href":"https:\/\/www.tucomarca.com\/wordpress\/segunda\/ca\/wp-json\/wp\/v2\/posts"}],"about":[{"href":"https:\/\/www.tucomarca.com\/wordpress\/segunda\/ca\/wp-json\/wp\/v2\/types\/post"}],"author":[{"embeddable":true,"href":"https:\/\/www.tucomarca.com\/wordpress\/segunda\/ca\/wp-json\/wp\/v2\/users\/1"}],"replies":[{"embeddable":true,"href":"https:\/\/www.tucomarca.com\/wordpress\/segunda\/ca\/wp-json\/wp\/v2\/comments?post=72954"}],"version-history":[{"count":0,"href":"https:\/\/www.tucomarca.com\/wordpress\/segunda\/ca\/wp-json\/wp\/v2\/posts\/72954\/revisions"}],"wp:featuredmedia":[{"embeddable":true,"href":"https:\/\/www.tucomarca.com\/wordpress\/segunda\/ca\/wp-json\/wp\/v2\/media\/72952"}],"wp:attachment":[{"href":"https:\/\/www.tucomarca.com\/wordpress\/segunda\/ca\/wp-json\/wp\/v2\/media?parent=72954"}],"wp:term":[{"taxonomy":"category","embeddable":true,"href":"https:\/\/www.tucomarca.com\/wordpress\/segunda\/ca\/wp-json\/wp\/v2\/categories?post=72954"},{"taxonomy":"post_tag","embeddable":true,"href":"https:\/\/www.tucomarca.com\/wordpress\/segunda\/ca\/wp-json\/wp\/v2\/tags?post=72954"}],"curies":[{"name":"wp","href":"https:\/\/api.w.org\/{rel}","templated":true}]}}