{"id":73228,"date":"2018-08-24T20:12:29","date_gmt":"2018-08-24T18:12:29","guid":{"rendered":"http:\/\/www.tucomarca.com\/wordpress\/segunda\/?p=73228"},"modified":"2018-08-24T20:12:29","modified_gmt":"2018-08-24T18:12:29","slug":"ferevin-2018-obre-les-seves-portes-oficialmente-a-requena","status":"publish","type":"post","link":"https:\/\/www.tucomarca.com\/wordpress\/segunda\/ca\/ferevin-2018-obre-les-seves-portes-oficialmente-a-requena\/","title":{"rendered":"Ferevin 2018 obre les seves portes oficialmente a Requena"},"content":{"rendered":"<figure id=\"attachment_73225\" aria-describedby=\"caption-attachment-73225\" style=\"width: 516px\" class=\"wp-caption alignleft\"><img loading=\"lazy\" decoding=\"async\" class=\" wp-image-73224\" src=\"http:\/\/www.tucomarca.com\/wordpress\/segunda\/wp-content\/uploads\/2018\/08\/IMG_5681.jpg\" alt=\"La Fira Requenense del Vi exposar\u00e0 els millors vins de la comarca fins al proper diumenge 26 d'agost.\" width=\"516\" height=\"334\" \/><figcaption id=\"caption-attachment-73225\" class=\"wp-caption-text\">La Fira Requenense del Vi exposar\u00e0 els millors vins de la comarca fins al proper diumenge 26 d&#8217;agost.<\/figcaption><\/figure>\n<p>La XXVIII Fira Requenense del Vi (FEREVIN) ha obert les seves portes avui amb una vintena de cellers que, fins diumenge que ve, s&#8217;exposen els millors vins i caves de la zona, emparats per la Denominaci\u00f3 d&#8217;Origen Utiel-Requena.<\/p>\n<p>Els cellers que participen en Ferevin 2018 s\u00f3n Celler Sebiran, Celler Serra Nord, Cellers Carlos Pres\u00f3, Cellers Covi\u00f1as, Cellers Cova, Cellers Fuso, Cellers La Vuitena, Cellers Murviedro, Cellers Rebollar Ernesto Pres\u00f3, Cellers Utielanas des de 1927, Tur\u00f3 Gallina, Domini de la Vega, Latorre Cellers, Uni\u00f3 Vin\u00edcola de l&#8217;Est, Vora de Estenas &#8211; Vi de Pagament, Vereda Real, Vin\u00edcola Requenense, Vins i Sabors Ecol\u00f2gics, Vinya Boval i el Consell Regulador de la Denominaci\u00f3 d&#8217;Origen Utiel-Requena.<\/p>\n<p>En l&#8217;acte d&#8217;inauguraci\u00f3 s&#8217;ha parlat de la import\u00e0ncia que t\u00e9 FEREVIN com un punt de trobada dels vins que es produeixen a la DO Utiel-Requena, aix\u00ed com del treball que s&#8217;est\u00e0 realitzant per superar les expectatives edici\u00f3 rere edici\u00f3. FEREVIN mant\u00e9 la seva qualitat i es renova cada any.<\/p>\n<p>L&#8217;horari de la Fira ser\u00e0 dijous, divendres i dissabte de 11.00 a 15.00 hores i de 19.00 a 22.00 hores. Diumenge de 11.00 a 15.00 hores. Els productes exposats es poden degustar mitjan\u00e7ant l&#8217;adquisici\u00f3 de bons-degustaci\u00f3. Hi ha dos tipus de bons: el primer inclou vuit degustacions, una ampolla d&#8217;aigua i una copa de vi per vuit euros, i el segon, amb un preu m\u00e9s redu\u00eft de cinc euros, inclou quatre degustacions, una ampolla d&#8217;aigua i una copa de vi.<\/p>\n<p>El dia de la cloenda, a les 14 hores, es realitzar\u00e0 un sorteig entre tots els resguards de tiquets que hagin estat dipositats en una urna situada a l&#8217;estand d&#8217;informaci\u00f3 de la fira. El premi consistir\u00e0 en l&#8217;estada d&#8217;un cap de setmana a un dels cellers associades.<\/p>\n<p>ENTREGA DE PREMIS<\/p>\n<p>Durant l&#8217;acte d&#8217;inauguraci\u00f3 s&#8217;han lliurat els premis del III Concurs de Vins. Els guardons han recaigut en productes d&#8217;Uni\u00f3 Vin\u00edcola de l&#8217;Est, Morvedre, Serra Nord, Covi\u00f1as i Latorre.<\/p>\n","protected":false},"excerpt":{"rendered":"<div class=\"mh-excerpt\">La XXVIII Fira Requenense del Vi (FEREVIN) ha obert les seves portes avui amb una vintena de cellers que, fins diumenge que ve, s&#8217;exposen els millors vins i caves de la zona, emparats per la <a class=\"mh-excerpt-more\" href=\"https:\/\/www.tucomarca.com\/wordpress\/segunda\/ca\/ferevin-2018-obre-les-seves-portes-oficialmente-a-requena\/\" title=\"Ferevin 2018 obre les seves portes oficialmente a Requena\">[+] <\/a><\/div>\n","protected":false},"author":1,"featured_media":73225,"comment_status":"open","ping_status":"open","sticky":false,"template":"","format":"standard","meta":{"footnotes":""},"categories":[10898,10904,11004,11008,10908,10909,10896],"tags":[11099,10910],"class_list":{"0":"post-73228","1":"post","2":"type-post","3":"status-publish","4":"format-standard","5":"has-post-thumbnail","7":"category-ventana-ca","8":"category-sin-categorizar-ca","9":"category-la-semana-en-imagenes-ca","10":"category-pueblos-en-fiestas-ca","11":"category-requena-ca","12":"category-requena-utiel-ca","13":"category-seccion-ca","14":"tag-requena-ca","15":"tag-requena-utiel-ca"},"_links":{"self":[{"href":"https:\/\/www.tucomarca.com\/wordpress\/segunda\/ca\/wp-json\/wp\/v2\/posts\/73228","targetHints":{"allow":["GET"]}}],"collection":[{"href":"https:\/\/www.tucomarca.com\/wordpress\/segunda\/ca\/wp-json\/wp\/v2\/posts"}],"about":[{"href":"https:\/\/www.tucomarca.com\/wordpress\/segunda\/ca\/wp-json\/wp\/v2\/types\/post"}],"author":[{"embeddable":true,"href":"https:\/\/www.tucomarca.com\/wordpress\/segunda\/ca\/wp-json\/wp\/v2\/users\/1"}],"replies":[{"embeddable":true,"href":"https:\/\/www.tucomarca.com\/wordpress\/segunda\/ca\/wp-json\/wp\/v2\/comments?post=73228"}],"version-history":[{"count":0,"href":"https:\/\/www.tucomarca.com\/wordpress\/segunda\/ca\/wp-json\/wp\/v2\/posts\/73228\/revisions"}],"wp:featuredmedia":[{"embeddable":true,"href":"https:\/\/www.tucomarca.com\/wordpress\/segunda\/ca\/wp-json\/wp\/v2\/media\/73225"}],"wp:attachment":[{"href":"https:\/\/www.tucomarca.com\/wordpress\/segunda\/ca\/wp-json\/wp\/v2\/media?parent=73228"}],"wp:term":[{"taxonomy":"category","embeddable":true,"href":"https:\/\/www.tucomarca.com\/wordpress\/segunda\/ca\/wp-json\/wp\/v2\/categories?post=73228"},{"taxonomy":"post_tag","embeddable":true,"href":"https:\/\/www.tucomarca.com\/wordpress\/segunda\/ca\/wp-json\/wp\/v2\/tags?post=73228"}],"curies":[{"name":"wp","href":"https:\/\/api.w.org\/{rel}","templated":true}]}}