{"id":73261,"date":"2018-08-24T20:07:03","date_gmt":"2018-08-24T18:07:03","guid":{"rendered":"http:\/\/www.tucomarca.com\/wordpress\/segunda\/?p=73261"},"modified":"2018-08-24T20:07:03","modified_gmt":"2018-08-24T18:07:03","slug":"quesa-reformara-les-seves-piscines-i-construira-dues-pistes-de-padel-i-basquet-amb-ajuda-de-la-diputacio","status":"publish","type":"post","link":"https:\/\/www.tucomarca.com\/wordpress\/segunda\/ca\/quesa-reformara-les-seves-piscines-i-construira-dues-pistes-de-padel-i-basquet-amb-ajuda-de-la-diputacio\/","title":{"rendered":"Quesa reformar\u00e0 les seves piscines i construir\u00e0 dues pistes de p\u00e0del i b\u00e0squet amb ajuda de la Diputaci\u00f3"},"content":{"rendered":"<figure id=\"attachment_73259\" aria-describedby=\"caption-attachment-73259\" style=\"width: 522px\" class=\"wp-caption alignleft\"><img loading=\"lazy\" decoding=\"async\" class=\" wp-image-73258\" src=\"http:\/\/www.tucomarca.com\/wordpress\/segunda\/wp-content\/uploads\/2018\/08\/1_223.jpg\" alt=\"El municipi de la Canal de Navarr\u00e9s invertir\u00e0 els 228.000 euros del pla SOM 2018-2019 a reformar i condicionar la zona esportiva.\" width=\"522\" height=\"348\" srcset=\"https:\/\/www.tucomarca.com\/wordpress\/segunda\/wp-content\/uploads\/2018\/08\/1_223.jpg 2048w, https:\/\/www.tucomarca.com\/wordpress\/segunda\/wp-content\/uploads\/2018\/08\/1_223-300x200.jpg 300w, https:\/\/www.tucomarca.com\/wordpress\/segunda\/wp-content\/uploads\/2018\/08\/1_223-768x512.jpg 768w, https:\/\/www.tucomarca.com\/wordpress\/segunda\/wp-content\/uploads\/2018\/08\/1_223-1024x683.jpg 1024w\" sizes=\"auto, (max-width: 522px) 100vw, 522px\" \/><figcaption id=\"caption-attachment-73259\" class=\"wp-caption-text\">El municipi de la Canal de Navarr\u00e9s invertir\u00e0 els 228.000 euros del pla SOM 2018-2019 a reformar i condicionar la zona esportiva.<\/figcaption><\/figure>\n<p>La Diputaci\u00f3 de Val\u00e8ncia ajudar\u00e0 a Quesa amb la reforma de la zona esportiva municipal. A trav\u00e9s del pla bianual de Serveis i Obres Municipals, SOM, l&#8217;ajuntament dur\u00e0 a terme una reforma integral del poliesportiu. &#8220;Es va construir el 1986 i necessita millores, aix\u00ed com una ampliaci\u00f3 per cobrir la demanda dels ve\u00efns&#8221;, explica l&#8217;alcaldessa, Carina Primo.<\/p>\n<p>Una de les actuacions t\u00e9 a veure amb les piscines que, des que es van fer, fa m\u00e9s de 30 anys, funcionen amb gots comunicats i, segons explica la primera edil, &#8220;la normativa obliga a separar-los&#8221;. A m\u00e9s es van a arreglar els vestidors i la zona de dutxes, es van a instal\u00b7lar plaques solars per a l&#8217;aigua calenta i es construir\u00e0 un petit magatzem per a material de neteja i manteniment. &#8220;Fa uns anys ja es va reformar la gran gr\u00e0cies tamb\u00e9 a fons provincials&#8221;, explica Primo.<\/p>\n<p>noves pistes<\/p>\n<p>L&#8217;Ajuntament de Quesa tamb\u00e9 va a destinar part de la subvenci\u00f3 del SOM 2018-2019 a construir noves pistes, una de p\u00e0del i una altra de b\u00e0squet. Aquesta \u00faltima respon, segons explica l&#8217;alcaldessa, &#8220;a la demanda d&#8217;un grup de ve\u00efns aficionats que necessiten un espai habilitat per poder practicar-lo&#8221;.<\/p>\n<p>A la resta de pistes, com la de front\u00f3, la de futbol sala o la de tennis, tamb\u00e9 es faran actuacions, es pintaran i s&#8217;arreglaran esquerdes i tanques. &#8220;Creiem que adequant el poliesportiu i augmentant l&#8217;oferta de serveis els ve\u00efns podran donar-li m\u00e9s \u00fas i en millors condicions&#8221;, assegura Carina Primo.<\/p>\n","protected":false},"excerpt":{"rendered":"<div class=\"mh-excerpt\">La Diputaci\u00f3 de Val\u00e8ncia ajudar\u00e0 a Quesa amb la reforma de la zona esportiva municipal. A trav\u00e9s del pla bianual de Serveis i Obres Municipals, SOM, l&#8217;ajuntament dur\u00e0 a terme una reforma integral del poliesportiu. <a class=\"mh-excerpt-more\" href=\"https:\/\/www.tucomarca.com\/wordpress\/segunda\/ca\/quesa-reformara-les-seves-piscines-i-construira-dues-pistes-de-padel-i-basquet-amb-ajuda-de-la-diputacio\/\" title=\"Quesa reformar\u00e0 les seves piscines i construir\u00e0 dues pistes de p\u00e0del i b\u00e0squet amb ajuda de la Diputaci\u00f3\">[+] <\/a><\/div>\n","protected":false},"author":1,"featured_media":73259,"comment_status":"open","ping_status":"open","sticky":false,"template":"","format":"standard","meta":{"footnotes":""},"categories":[10898,10948,10963,10894,10903,10947,10972],"tags":[],"class_list":{"0":"post-73261","1":"post","2":"type-post","3":"status-publish","4":"format-standard","5":"has-post-thumbnail","7":"category-ventana-ca","8":"category-infraestructuras-ca","9":"category-la-canal-de-navarres-ca","10":"category-la-comarca-ca","11":"category-medio-ambiente-la-comarca-ca","12":"category-politica","13":"category-quesa-ca"},"_links":{"self":[{"href":"https:\/\/www.tucomarca.com\/wordpress\/segunda\/ca\/wp-json\/wp\/v2\/posts\/73261","targetHints":{"allow":["GET"]}}],"collection":[{"href":"https:\/\/www.tucomarca.com\/wordpress\/segunda\/ca\/wp-json\/wp\/v2\/posts"}],"about":[{"href":"https:\/\/www.tucomarca.com\/wordpress\/segunda\/ca\/wp-json\/wp\/v2\/types\/post"}],"author":[{"embeddable":true,"href":"https:\/\/www.tucomarca.com\/wordpress\/segunda\/ca\/wp-json\/wp\/v2\/users\/1"}],"replies":[{"embeddable":true,"href":"https:\/\/www.tucomarca.com\/wordpress\/segunda\/ca\/wp-json\/wp\/v2\/comments?post=73261"}],"version-history":[{"count":0,"href":"https:\/\/www.tucomarca.com\/wordpress\/segunda\/ca\/wp-json\/wp\/v2\/posts\/73261\/revisions"}],"wp:featuredmedia":[{"embeddable":true,"href":"https:\/\/www.tucomarca.com\/wordpress\/segunda\/ca\/wp-json\/wp\/v2\/media\/73259"}],"wp:attachment":[{"href":"https:\/\/www.tucomarca.com\/wordpress\/segunda\/ca\/wp-json\/wp\/v2\/media?parent=73261"}],"wp:term":[{"taxonomy":"category","embeddable":true,"href":"https:\/\/www.tucomarca.com\/wordpress\/segunda\/ca\/wp-json\/wp\/v2\/categories?post=73261"},{"taxonomy":"post_tag","embeddable":true,"href":"https:\/\/www.tucomarca.com\/wordpress\/segunda\/ca\/wp-json\/wp\/v2\/tags?post=73261"}],"curies":[{"name":"wp","href":"https:\/\/api.w.org\/{rel}","templated":true}]}}