{"id":73298,"date":"2018-08-26T13:28:07","date_gmt":"2018-08-26T11:28:07","guid":{"rendered":"http:\/\/www.tucomarca.com\/wordpress\/segunda\/la-societat-musical-la-artistica-de-bunyol-celebra-la-seva-festa-del-manto\/"},"modified":"2018-08-26T13:31:20","modified_gmt":"2018-08-26T11:31:20","slug":"la-societat-musical-la-artistica-de-bunyol-celebra-la-seva-festa-del-manto","status":"publish","type":"post","link":"https:\/\/www.tucomarca.com\/wordpress\/segunda\/ca\/la-societat-musical-la-artistica-de-bunyol-celebra-la-seva-festa-del-manto\/","title":{"rendered":"La Societat Musical &#8220;La Art\u00edstica&#8221; de Bunyol celebra la seva Festa del Mant\u00f3"},"content":{"rendered":"<figure id=\"attachment_73295\" aria-describedby=\"caption-attachment-73295\" style=\"width: 432px\" class=\"wp-caption alignleft\"><img loading=\"lazy\" decoding=\"async\" class=\" wp-image-73294\" src=\"http:\/\/www.tucomarca.com\/wordpress\/segunda\/wp-content\/uploads\/2018\/08\/FEos17.jpg\" alt=\"Ofrena de la SM \u00abLa Art\u00edstica\u00bb de Bu\u00f1ol en la seva passada edici\u00f3 de 2017.\" width=\"432\" height=\"243\" srcset=\"https:\/\/www.tucomarca.com\/wordpress\/segunda\/wp-content\/uploads\/2018\/08\/FEos17.jpg 1280w, https:\/\/www.tucomarca.com\/wordpress\/segunda\/wp-content\/uploads\/2018\/08\/FEos17-300x169.jpg 300w, https:\/\/www.tucomarca.com\/wordpress\/segunda\/wp-content\/uploads\/2018\/08\/FEos17-768x432.jpg 768w, https:\/\/www.tucomarca.com\/wordpress\/segunda\/wp-content\/uploads\/2018\/08\/FEos17-1024x576.jpg 1024w\" sizes=\"auto, (max-width: 432px) 100vw, 432px\" \/><figcaption id=\"caption-attachment-73295\" class=\"wp-caption-text\">Ofrena de la SM \u00abLa Art\u00edstica\u00bb de Bu\u00f1ol en la seva passada edici\u00f3 de 2017.<\/figcaption><\/figure>\n<p>En el marc del programa festiu de la Fira i Festes de Bunyol, el diumenge \u00e9s el dia de la Festa del Mant\u00f3 de la Societat Musical &#8220;La Art\u00edstica&#8221;, amb la seva ofrena matinal (12,30 hores) i la gran cavalcada del mant\u00f3 (20, 00 hores). En ambdues cites participaran la Reina del Mant\u00f3 2018, Paula \u00c1lvarez Abril, la Reina Infantil, Noa Cervera Parla, i la representant, Isabel P\u00e9rez Blasco.<\/p>\n","protected":false},"excerpt":{"rendered":"<div class=\"mh-excerpt\">En el marc del programa festiu de la Fira i Festes de Bunyol, el diumenge \u00e9s el dia de la Festa del Mant\u00f3 de la Societat Musical &#8220;La Art\u00edstica&#8221;, amb la seva ofrena matinal (12,30 <a class=\"mh-excerpt-more\" href=\"https:\/\/www.tucomarca.com\/wordpress\/segunda\/ca\/la-societat-musical-la-artistica-de-bunyol-celebra-la-seva-festa-del-manto\/\" title=\"La Societat Musical &#8220;La Art\u00edstica&#8221; de Bunyol celebra la seva Festa del Mant\u00f3\">[+] <\/a><\/div>\n","protected":false},"author":1,"featured_media":73295,"comment_status":"open","ping_status":"open","sticky":false,"template":"","format":"standard","meta":{"footnotes":""},"categories":[10911,11005,10898,10894,10912,11004,11007,11008,10896],"tags":[9906,11108],"class_list":{"0":"post-73298","1":"post","2":"type-post","3":"status-publish","4":"format-standard","5":"has-post-thumbnail","7":"category-bunol-ca","8":"category-canal-musica","9":"category-ventana-ca","10":"category-la-comarca-ca","11":"category-la-hoya-ca","12":"category-la-semana-en-imagenes-ca","13":"category-ocio-y-cultura-ca","14":"category-pueblos-en-fiestas-ca","15":"category-seccion-ca","16":"tag-bunyol","17":"tag-la-foia-de-bunyol-xiva"},"_links":{"self":[{"href":"https:\/\/www.tucomarca.com\/wordpress\/segunda\/ca\/wp-json\/wp\/v2\/posts\/73298","targetHints":{"allow":["GET"]}}],"collection":[{"href":"https:\/\/www.tucomarca.com\/wordpress\/segunda\/ca\/wp-json\/wp\/v2\/posts"}],"about":[{"href":"https:\/\/www.tucomarca.com\/wordpress\/segunda\/ca\/wp-json\/wp\/v2\/types\/post"}],"author":[{"embeddable":true,"href":"https:\/\/www.tucomarca.com\/wordpress\/segunda\/ca\/wp-json\/wp\/v2\/users\/1"}],"replies":[{"embeddable":true,"href":"https:\/\/www.tucomarca.com\/wordpress\/segunda\/ca\/wp-json\/wp\/v2\/comments?post=73298"}],"version-history":[{"count":0,"href":"https:\/\/www.tucomarca.com\/wordpress\/segunda\/ca\/wp-json\/wp\/v2\/posts\/73298\/revisions"}],"wp:featuredmedia":[{"embeddable":true,"href":"https:\/\/www.tucomarca.com\/wordpress\/segunda\/ca\/wp-json\/wp\/v2\/media\/73295"}],"wp:attachment":[{"href":"https:\/\/www.tucomarca.com\/wordpress\/segunda\/ca\/wp-json\/wp\/v2\/media?parent=73298"}],"wp:term":[{"taxonomy":"category","embeddable":true,"href":"https:\/\/www.tucomarca.com\/wordpress\/segunda\/ca\/wp-json\/wp\/v2\/categories?post=73298"},{"taxonomy":"post_tag","embeddable":true,"href":"https:\/\/www.tucomarca.com\/wordpress\/segunda\/ca\/wp-json\/wp\/v2\/tags?post=73298"}],"curies":[{"name":"wp","href":"https:\/\/api.w.org\/{rel}","templated":true}]}}