{"id":73305,"date":"2018-08-27T06:30:10","date_gmt":"2018-08-27T04:30:10","guid":{"rendered":"http:\/\/www.tucomarca.com\/wordpress\/segunda\/video-rafa-perez-avanca-tots-els-detalls-de-la-tomatina-2018-de-bunol\/"},"modified":"2018-08-27T18:36:02","modified_gmt":"2018-08-27T16:36:02","slug":"video-rafa-perez-avanca-tots-els-detalls-de-la-tomatina-2018-de-bunol","status":"publish","type":"post","link":"https:\/\/www.tucomarca.com\/wordpress\/segunda\/ca\/video-rafa-perez-avanca-tots-els-detalls-de-la-tomatina-2018-de-bunol\/","title":{"rendered":"V\u00eddeo: Rafa P\u00e9rez avan\u00e7a tots els detalls de La Tomatina 2018 de Bunyol"},"content":{"rendered":"<p>V\u00eddeo: El m\u00e0xim responsable de la festa de La Tomatina de Bunyol, Rafa P\u00e9rez, avan\u00e7a a\u00a0<strong>tucomarca televisi\u00f3<\/strong> tots els detalls de la imminent edici\u00f3 de 2018 que acull la localitat aquest dimecres, 29 d&#8217;agost.<\/p>\n","protected":false},"excerpt":{"rendered":"<div class=\"mh-excerpt\">V\u00eddeo: El m\u00e0xim responsable de la festa de La Tomatina de Bunyol, Rafa P\u00e9rez, avan\u00e7a a\u00a0tucomarca televisi\u00f3 tots els detalls de la imminent edici\u00f3 de 2018 que acull la localitat aquest dimecres, 29 d&#8217;agost.<\/div>\n","protected":false},"author":1,"featured_media":73304,"comment_status":"open","ping_status":"open","sticky":false,"template":"","format":"standard","meta":{"footnotes":""},"categories":[10911,10898,10912,11004,11007,11008,10896,11062],"tags":[9906,11108],"class_list":{"0":"post-73305","1":"post","2":"type-post","3":"status-publish","4":"format-standard","5":"has-post-thumbnail","7":"category-bunol-ca","8":"category-ventana-ca","9":"category-la-hoya-ca","10":"category-la-semana-en-imagenes-ca","11":"category-ocio-y-cultura-ca","12":"category-pueblos-en-fiestas-ca","13":"category-seccion-ca","14":"category-videos","15":"tag-bunyol","16":"tag-la-foia-de-bunyol-xiva"},"_links":{"self":[{"href":"https:\/\/www.tucomarca.com\/wordpress\/segunda\/ca\/wp-json\/wp\/v2\/posts\/73305","targetHints":{"allow":["GET"]}}],"collection":[{"href":"https:\/\/www.tucomarca.com\/wordpress\/segunda\/ca\/wp-json\/wp\/v2\/posts"}],"about":[{"href":"https:\/\/www.tucomarca.com\/wordpress\/segunda\/ca\/wp-json\/wp\/v2\/types\/post"}],"author":[{"embeddable":true,"href":"https:\/\/www.tucomarca.com\/wordpress\/segunda\/ca\/wp-json\/wp\/v2\/users\/1"}],"replies":[{"embeddable":true,"href":"https:\/\/www.tucomarca.com\/wordpress\/segunda\/ca\/wp-json\/wp\/v2\/comments?post=73305"}],"version-history":[{"count":0,"href":"https:\/\/www.tucomarca.com\/wordpress\/segunda\/ca\/wp-json\/wp\/v2\/posts\/73305\/revisions"}],"wp:featuredmedia":[{"embeddable":true,"href":"https:\/\/www.tucomarca.com\/wordpress\/segunda\/ca\/wp-json\/wp\/v2\/media\/73304"}],"wp:attachment":[{"href":"https:\/\/www.tucomarca.com\/wordpress\/segunda\/ca\/wp-json\/wp\/v2\/media?parent=73305"}],"wp:term":[{"taxonomy":"category","embeddable":true,"href":"https:\/\/www.tucomarca.com\/wordpress\/segunda\/ca\/wp-json\/wp\/v2\/categories?post=73305"},{"taxonomy":"post_tag","embeddable":true,"href":"https:\/\/www.tucomarca.com\/wordpress\/segunda\/ca\/wp-json\/wp\/v2\/tags?post=73305"}],"curies":[{"name":"wp","href":"https:\/\/api.w.org\/{rel}","templated":true}]}}