{"id":73326,"date":"2018-08-30T11:36:19","date_gmt":"2018-08-30T09:36:19","guid":{"rendered":"http:\/\/www.tucomarca.com\/wordpress\/segunda\/?p=73326"},"modified":"2018-08-30T11:37:45","modified_gmt":"2018-08-30T09:37:45","slug":"mestres-campaners-un-any-mes-aquest-dijous-a-bunyol","status":"publish","type":"post","link":"https:\/\/www.tucomarca.com\/wordpress\/segunda\/ca\/mestres-campaners-un-any-mes-aquest-dijous-a-bunyol\/","title":{"rendered":"Mestres Campaners, un any m\u00e9s aquest dijous a Bunyol"},"content":{"rendered":"<figure id=\"attachment_73775\" aria-describedby=\"caption-attachment-73775\" style=\"width: 460px\" class=\"wp-caption alignleft\"><img loading=\"lazy\" decoding=\"async\" class=\" wp-image-73775\" src=\"http:\/\/www.tucomarca.com\/wordpress\/segunda\/wp-content\/uploads\/2018\/08\/campaneros.jpg\" alt=\"Actuaci\u00f3n de Mestres Campaners de Val\u00e8ncia el a\u00f1o pasado en Bu\u00f1ol.\" width=\"460\" height=\"291\" srcset=\"https:\/\/www.tucomarca.com\/wordpress\/segunda\/wp-content\/uploads\/2018\/08\/campaneros.jpg 787w, https:\/\/www.tucomarca.com\/wordpress\/segunda\/wp-content\/uploads\/2018\/08\/campaneros-300x190.jpg 300w, https:\/\/www.tucomarca.com\/wordpress\/segunda\/wp-content\/uploads\/2018\/08\/campaneros-768x486.jpg 768w\" sizes=\"auto, (max-width: 460px) 100vw, 460px\" \/><figcaption id=\"caption-attachment-73775\" class=\"wp-caption-text\">Actuaci\u00f3n de Mestres Campaners de Val\u00e8ncia el a\u00f1o pasado en Bu\u00f1ol.<\/figcaption><\/figure>\n<p>Per tercer any consecutiu, Mestres Campaners de Mestres Campaners de Val\u00e8ncia es desplaen a Bunyol amb motiu de la celebraci\u00f3 de la Fira i Festes 2018, en concret, per a la celebraci\u00f3 del dia del patr\u00f3 de la localitat. Des del campanar de la Parr\u00f2quia de Sant Pere Ap\u00f2stol, aquest dijous 30 d&#8217;agost, a partir de les 19 hores, tindr\u00e0 lloc un concert manual de campanes, on realitzaran diferents tocs. A partir de les 20 hores s&#8217;efectuaran els tocs de process\u00f3 en honor a Sant Llu\u00eds Beltran i la Verge dels Desemparats. L&#8217;Ajuntament de Bunyol i la Regidoria de Fira i Festes patrocina aquest acte, en col\u00b7laboraci\u00f3 de la Parr\u00f2quia de Sant Pere de Bunyol.<\/p>\n<p>PROGRAMA del concert:<\/p>\n<p>\u2022 El primer toc del dia:<\/p>\n<p>Toc d&#8217;oraci\u00f3; tocat a l&#8217;alba, migdia i al vespre.<\/p>\n<p>\u2022 Tres tocs de festa:<\/p>\n<p>Com Suera (Comunitat Valenciana) &#8211; Replic de festa<br \/>\nCom Albaida (Comunitat Valenciana) &#8211; Toc de missa major<br \/>\nCom Beniatjar (Comunitat Valenciana) &#8211; Toc de missa major<\/p>\n<p>\u2022 Toc sobre el temps:<\/p>\n<p>Com Ibdes (Arag\u00f3) &#8211; El tent-ennuvolat<\/p>\n<p>\u2022 Quatre tocs de difunts diferents:<\/p>\n<p>Com Manises (Comunitat Valenciana) &#8211; Senyal de Albat o Parvulos<br \/>\nCom Casp (Arag\u00f3) &#8211; Toc missa de difunts (No sembla de difunts)<br \/>\nCom Alustante (Castella la Manxa) &#8211; Clamores nen (No sembla de difunts)<br \/>\nCom Manises (Comunitat Valenciana) &#8211; Comiat duel adult<\/p>\n<p>\u2022 Volteig de campanes a l&#8217;estil de Val\u00e8ncia:<\/p>\n<p>o Vaig al\u00e7ar de campanes: Les campanes es preparen en posici\u00f3 inversa, comen\u00e7ant per la m\u00e9s gran.<\/p>\n<p>o Volteig de campanes; diferents formes de capgirar<\/p>\n<p>o Deixar caure: Les campanes tornen a la posici\u00f3 original. En la majoria de pobles \u00e9s toc de difunts, a la Ciutat de Val\u00e8ncia significa la fi de la festa<\/p>\n","protected":false},"excerpt":{"rendered":"<div class=\"mh-excerpt\">Per tercer any consecutiu, Mestres Campaners de Mestres Campaners de Val\u00e8ncia es desplaen a Bunyol amb motiu de la celebraci\u00f3 de la Fira i Festes 2018, en concret, per a la celebraci\u00f3 del dia del <a class=\"mh-excerpt-more\" href=\"https:\/\/www.tucomarca.com\/wordpress\/segunda\/ca\/mestres-campaners-un-any-mes-aquest-dijous-a-bunyol\/\" title=\"Mestres Campaners, un any m\u00e9s aquest dijous a Bunyol\">[+] <\/a><\/div>\n","protected":false},"author":1,"featured_media":73775,"comment_status":"open","ping_status":"open","sticky":false,"template":"","format":"standard","meta":{"footnotes":""},"categories":[11019,10911,10898,10912,11004,11008,10896],"tags":[9906,11108],"class_list":{"0":"post-73326","1":"post","2":"type-post","3":"status-publish","4":"format-standard","5":"has-post-thumbnail","7":"category-agenda-ca","8":"category-bunol-ca","9":"category-ventana-ca","10":"category-la-hoya-ca","11":"category-la-semana-en-imagenes-ca","12":"category-pueblos-en-fiestas-ca","13":"category-seccion-ca","14":"tag-bunyol","15":"tag-la-foia-de-bunyol-xiva"},"_links":{"self":[{"href":"https:\/\/www.tucomarca.com\/wordpress\/segunda\/ca\/wp-json\/wp\/v2\/posts\/73326","targetHints":{"allow":["GET"]}}],"collection":[{"href":"https:\/\/www.tucomarca.com\/wordpress\/segunda\/ca\/wp-json\/wp\/v2\/posts"}],"about":[{"href":"https:\/\/www.tucomarca.com\/wordpress\/segunda\/ca\/wp-json\/wp\/v2\/types\/post"}],"author":[{"embeddable":true,"href":"https:\/\/www.tucomarca.com\/wordpress\/segunda\/ca\/wp-json\/wp\/v2\/users\/1"}],"replies":[{"embeddable":true,"href":"https:\/\/www.tucomarca.com\/wordpress\/segunda\/ca\/wp-json\/wp\/v2\/comments?post=73326"}],"version-history":[{"count":0,"href":"https:\/\/www.tucomarca.com\/wordpress\/segunda\/ca\/wp-json\/wp\/v2\/posts\/73326\/revisions"}],"wp:featuredmedia":[{"embeddable":true,"href":"https:\/\/www.tucomarca.com\/wordpress\/segunda\/ca\/wp-json\/wp\/v2\/media\/73775"}],"wp:attachment":[{"href":"https:\/\/www.tucomarca.com\/wordpress\/segunda\/ca\/wp-json\/wp\/v2\/media?parent=73326"}],"wp:term":[{"taxonomy":"category","embeddable":true,"href":"https:\/\/www.tucomarca.com\/wordpress\/segunda\/ca\/wp-json\/wp\/v2\/categories?post=73326"},{"taxonomy":"post_tag","embeddable":true,"href":"https:\/\/www.tucomarca.com\/wordpress\/segunda\/ca\/wp-json\/wp\/v2\/tags?post=73326"}],"curies":[{"name":"wp","href":"https:\/\/api.w.org\/{rel}","templated":true}]}}