{"id":73794,"date":"2018-08-31T19:40:38","date_gmt":"2018-08-31T17:40:38","guid":{"rendered":"http:\/\/www.tucomarca.com\/wordpress\/segunda\/?p=73794"},"modified":"2018-08-31T19:41:40","modified_gmt":"2018-08-31T17:41:40","slug":"el-ivace-adjudica-10-900-metres-quadrats-de-sol-industrial-a-utiel","status":"publish","type":"post","link":"https:\/\/www.tucomarca.com\/wordpress\/segunda\/ca\/el-ivace-adjudica-10-900-metres-quadrats-de-sol-industrial-a-utiel\/","title":{"rendered":"El Ivace adjudica 10.900 metres quadrats de s\u00f2l industrial a Utiel"},"content":{"rendered":"<figure id=\"attachment_73792\" aria-describedby=\"caption-attachment-73792\" style=\"width: 344px\" class=\"wp-caption alignleft\"><img loading=\"lazy\" decoding=\"async\" class=\" wp-image-73791\" src=\"http:\/\/www.tucomarca.com\/wordpress\/segunda\/wp-content\/uploads\/2018\/08\/180902_Utiel.jpg\" alt=\"Una empresa, dedicada a l'emmagatzematge i reciclatge de productes pl\u00e0stics, invertir\u00e0 592.875 euros en Nou Tollo i crear\u00e0 5 llocs de treball.\" width=\"344\" height=\"258\" \/><figcaption id=\"caption-attachment-73792\" class=\"wp-caption-text\">Una empresa, dedicada a l&#8217;emmagatzematge i reciclatge de productes pl\u00e0stics, invertir\u00e0 592.875 euros en Nou Tollo i crear\u00e0 5 llocs de treball.<\/figcaption><\/figure>\n<p>El Ivace, dependent de la Conselleria d&#8217;Economia Sostenible, sectors productius, Comer\u00e7 i Treball, ha adjudicat 10.906 metres quadrats de s\u00f2l industrial al Parc Empresarial Nuevo Tollo d&#8217;Utiel a l&#8217;empresa Marobami S.L.<\/p>\n<p>Aquesta adjudicaci\u00f3 s&#8217;ha produ\u00eft en la modalitat de dret de superf\u00edcie i suposar\u00e0 una inversi\u00f3 de 592.875 euros per part de l&#8217;empresa i la creaci\u00f3 de cinc llocs de treball. Cal ressaltar que l&#8217;activitat d&#8217;aquesta firma s&#8217;emmarca en l&#8217;economia social, ja que est\u00e0 centrada en el reciclatge de productes pl\u00e0stics i tamb\u00e9 en l&#8217;economia circular, perqu\u00e8 permet tornar a utilitzar els productes pl\u00e0stics que fins ara es dirigien als abocadors.<\/p>\n<p>El conseller d&#8217;Economia Sostenible, sectors productius, Comer\u00e7 i Treball, Rafa Climent, ha subratllat que la posada en marxa d&#8217;aquest projecte empresarial a Utiel &#8220;permetr\u00e0 seguir reactivant l&#8217;economia del municipi i la comarca, i contribuir\u00e0 a m\u00e9s a consolidar la reindustrialitzaci\u00f3 del territori valenci\u00e0 &#8220;.<\/p>\n<p>Aix\u00ed mateix, ha destacat que, despr\u00e9s d&#8217;aquesta adjudicaci\u00f3, el Parc Empresarial Nuevo Tollo d&#8217;Utiel ja es troba comercialitzat a 93,91% (229.096,83 metres quadrats) &#8220;.<\/p>\n<p>nou Tollo<\/p>\n<p>El Parc Empresarial Nuevo Tollo t\u00e9 una situaci\u00f3 geogr\u00e0fica estrat\u00e8gica. Est\u00e0 situat al costat de l&#8217;autovia A-3, amb r\u00e0pida connexi\u00f3 a les principals vies de comunicaci\u00f3, proximitat a Val\u00e8ncia i experi\u00e8ncia i especialitzaci\u00f3 de la m\u00e0 d&#8217;obra de la comarca.<\/p>\n<p>Disposa d&#8217;una superf\u00edcie de 243.940,77 metres quadrats de s\u00f2l industrial i ofereix atractives condicions de comercialitzaci\u00f3 com el dret de superf\u00edcie amb un c\u00e0non de 0,19 euros m \/ mes, tres anys de car\u00e8ncia inicial i possibilitat de sol\u00b7licitar opci\u00f3 de compra, l&#8217;arrendament &#8216;ad aedificandum&#8217;, que consisteix en la cessi\u00f3 de s\u00f2l p\u00fablic sense cost de c\u00e0non o lloguer i la venda amb abonament total del preu i amb pagament ajornat.<\/p>\n<p>Nou Tollo compta amb parcel\u00b7les des 800-10454 metres quadrats i promociona 10 naus industrials per a persones emprenedores i aut\u00f2noms.<\/p>\n","protected":false},"excerpt":{"rendered":"<div class=\"mh-excerpt\">El Ivace, dependent de la Conselleria d&#8217;Economia Sostenible, sectors productius, Comer\u00e7 i Treball, ha adjudicat 10.906 metres quadrats de s\u00f2l industrial al Parc Empresarial Nuevo Tollo d&#8217;Utiel a l&#8217;empresa Marobami S.L. Aquesta adjudicaci\u00f3 s&#8217;ha produ\u00eft <a class=\"mh-excerpt-more\" href=\"https:\/\/www.tucomarca.com\/wordpress\/segunda\/ca\/el-ivace-adjudica-10-900-metres-quadrats-de-sol-industrial-a-utiel\/\" title=\"El Ivace adjudica 10.900 metres quadrats de s\u00f2l industrial a Utiel\">[+] <\/a><\/div>\n","protected":false},"author":1,"featured_media":73792,"comment_status":"open","ping_status":"open","sticky":false,"template":"","format":"standard","meta":{"footnotes":""},"categories":[10898,10948,10894,10947,10909,10896,11059],"tags":[10910],"class_list":{"0":"post-73794","1":"post","2":"type-post","3":"status-publish","4":"format-standard","5":"has-post-thumbnail","7":"category-ventana-ca","8":"category-infraestructuras-ca","9":"category-la-comarca-ca","10":"category-politica","11":"category-requena-utiel-ca","12":"category-seccion-ca","13":"category-utiel-ca","14":"tag-requena-utiel-ca"},"_links":{"self":[{"href":"https:\/\/www.tucomarca.com\/wordpress\/segunda\/ca\/wp-json\/wp\/v2\/posts\/73794","targetHints":{"allow":["GET"]}}],"collection":[{"href":"https:\/\/www.tucomarca.com\/wordpress\/segunda\/ca\/wp-json\/wp\/v2\/posts"}],"about":[{"href":"https:\/\/www.tucomarca.com\/wordpress\/segunda\/ca\/wp-json\/wp\/v2\/types\/post"}],"author":[{"embeddable":true,"href":"https:\/\/www.tucomarca.com\/wordpress\/segunda\/ca\/wp-json\/wp\/v2\/users\/1"}],"replies":[{"embeddable":true,"href":"https:\/\/www.tucomarca.com\/wordpress\/segunda\/ca\/wp-json\/wp\/v2\/comments?post=73794"}],"version-history":[{"count":0,"href":"https:\/\/www.tucomarca.com\/wordpress\/segunda\/ca\/wp-json\/wp\/v2\/posts\/73794\/revisions"}],"wp:featuredmedia":[{"embeddable":true,"href":"https:\/\/www.tucomarca.com\/wordpress\/segunda\/ca\/wp-json\/wp\/v2\/media\/73792"}],"wp:attachment":[{"href":"https:\/\/www.tucomarca.com\/wordpress\/segunda\/ca\/wp-json\/wp\/v2\/media?parent=73794"}],"wp:term":[{"taxonomy":"category","embeddable":true,"href":"https:\/\/www.tucomarca.com\/wordpress\/segunda\/ca\/wp-json\/wp\/v2\/categories?post=73794"},{"taxonomy":"post_tag","embeddable":true,"href":"https:\/\/www.tucomarca.com\/wordpress\/segunda\/ca\/wp-json\/wp\/v2\/tags?post=73794"}],"curies":[{"name":"wp","href":"https:\/\/api.w.org\/{rel}","templated":true}]}}