{"id":74327,"date":"2018-09-10T22:50:57","date_gmt":"2018-09-10T20:50:57","guid":{"rendered":"http:\/\/www.tucomarca.com\/wordpress\/segunda\/?p=74327"},"modified":"2018-09-10T22:50:57","modified_gmt":"2018-09-10T20:50:57","slug":"les-brigades-forestals-de-la-diputacio-realitzen-83-servicis-demergencia-este-estiu","status":"publish","type":"post","link":"https:\/\/www.tucomarca.com\/wordpress\/segunda\/ca\/les-brigades-forestals-de-la-diputacio-realitzen-83-servicis-demergencia-este-estiu\/","title":{"rendered":"Les brigades forestals de la Diputaci\u00f3 realitzen 83 servicis d\u2019emerg\u00e8ncia este estiu"},"content":{"rendered":"<p style=\"box-sizing: border-box; margin: 0px; line-height: 22px; transition: all 0.3s ease-in-out 0s; font-size: 16px; color: #222222; font-weight: 400; font-family: Raleway, Arial, sans-serif; font-style: normal; font-variant-ligatures: normal; font-variant-caps: normal; letter-spacing: normal; orphans: 2; text-align: start; text-indent: 0px; text-transform: none; white-space: normal; widows: 2; word-spacing: 0px; -webkit-text-stroke-width: 0px; background-color: #ffffff; text-decoration-style: initial; text-decoration-color: initial; outline: none !important;\">Les brigades forestals de Divalterra, empresa p\u00fablica de la\u00a0<a style=\"box-sizing: border-box; outline: none !important; background-color: transparent; color: #232222; text-decoration: none; transition: all 0.3s ease-in-out 0s;\" href=\"http:\/\/www.dival.es\/\">Diputaci\u00f3 de Val\u00e8ncia<\/a>, han realitzat des de l&#8217;1 de juny al 31 d&#8217;agost, un total de 83 serveis d&#8217;emerg\u00e8ncia, la majoria d&#8217;ells relacionats amb incendis forestals.<\/p>\n<p style=\"box-sizing: border-box; margin: 0px; line-height: 22px; transition: all 0.3s ease-in-out 0s; font-size: 16px; color: #222222; font-weight: 400; font-family: Raleway, Arial, sans-serif; font-style: normal; font-variant-ligatures: normal; font-variant-caps: normal; letter-spacing: normal; orphans: 2; text-align: start; text-indent: 0px; text-transform: none; white-space: normal; widows: 2; word-spacing: 0px; -webkit-text-stroke-width: 0px; background-color: #ffffff; text-decoration-style: initial; text-decoration-color: initial; outline: none !important;\">\n<p style=\"box-sizing: border-box; margin: 0px; line-height: 22px; transition: all 0.3s ease-in-out 0s; font-size: 16px; color: #222222; font-weight: 400; font-family: Raleway, Arial, sans-serif; font-style: normal; font-variant-ligatures: normal; font-variant-caps: normal; letter-spacing: normal; orphans: 2; text-align: start; text-indent: 0px; text-transform: none; white-space: normal; widows: 2; word-spacing: 0px; -webkit-text-stroke-width: 0px; background-color: #ffffff; text-decoration-style: initial; text-decoration-color: initial; outline: none !important;\">Aix\u00ed, aquests efectius han estat mobilitzats pel\u00a0<a style=\"box-sizing: border-box; outline: none !important; background-color: transparent; color: #232222; text-decoration: none; transition: all 0.3s ease-in-out 0s;\" href=\"https:\/\/www.bombersdv.es\/\">Consorci Provincial de Bombers<\/a>\u00a0per actuar com a serveis complementaris en 50 incendis, centrant el seu treball en tasques de perimetratge i la creaci\u00f3 de reguardes despr\u00e9s del foc. Dins d&#8217;aquestes mobilitzacions, destaca l&#8217;incendi forestal de Llutxent, en el qual van treballar, entre el 6 i el 13 d&#8217;agost, una mitjana de 24 brigades al dia.<\/p>\n<p style=\"box-sizing: border-box; margin: 0px; line-height: 22px; transition: all 0.3s ease-in-out 0s; font-size: 16px; color: #222222; font-weight: 400; font-family: Raleway, Arial, sans-serif; font-style: normal; font-variant-ligatures: normal; font-variant-caps: normal; letter-spacing: normal; orphans: 2; text-align: start; text-indent: 0px; text-transform: none; white-space: normal; widows: 2; word-spacing: 0px; -webkit-text-stroke-width: 0px; background-color: #ffffff; text-decoration-style: initial; text-decoration-color: initial; outline: none !important;\">\n<p style=\"box-sizing: border-box; margin: 0px; line-height: 22px; transition: all 0.3s ease-in-out 0s; font-size: 16px; color: #222222; font-weight: 400; font-family: Raleway, Arial, sans-serif; font-style: normal; font-variant-ligatures: normal; font-variant-caps: normal; letter-spacing: normal; orphans: 2; text-align: start; text-indent: 0px; text-transform: none; white-space: normal; widows: 2; word-spacing: 0px; -webkit-text-stroke-width: 0px; background-color: #ffffff; text-decoration-style: initial; text-decoration-color: initial; outline: none !important;\">Junt amb les incid\u00e8ncies relacionades amb la prevenci\u00f3 i extinci\u00f3 d&#8217;incendis, les brigades forestals tamb\u00e9 han executat 23 comprovacions de fum. En aquest sentit, els brigadistes compten amb punts de vigil\u00e0ncia en zones altes de la prov\u00edncia de Val\u00e8ncia que complementen a la resta de mitjans, permetent-los albirar una gran quantitat de terreny, i d&#8217;aquesta manera poder detectar columnes de fum que poden ser indicadores de l&#8217;inici d&#8217;un incendi forestal.<\/p>\n<p style=\"box-sizing: border-box; margin: 0px; line-height: 22px; transition: all 0.3s ease-in-out 0s; font-size: 16px; color: #222222; font-weight: 400; font-family: Raleway, Arial, sans-serif; font-style: normal; font-variant-ligatures: normal; font-variant-caps: normal; letter-spacing: normal; orphans: 2; text-align: start; text-indent: 0px; text-transform: none; white-space: normal; widows: 2; word-spacing: 0px; -webkit-text-stroke-width: 0px; background-color: #ffffff; text-decoration-style: initial; text-decoration-color: initial; outline: none !important;\">\n<p style=\"box-sizing: border-box; margin: 0px; line-height: 22px; transition: all 0.3s ease-in-out 0s; font-size: 16px; color: #222222; font-weight: 400; font-family: Raleway, Arial, sans-serif; font-style: normal; font-variant-ligatures: normal; font-variant-caps: normal; letter-spacing: normal; orphans: 2; text-align: start; text-indent: 0px; text-transform: none; white-space: normal; widows: 2; word-spacing: 0px; -webkit-text-stroke-width: 0px; background-color: #ffffff; text-decoration-style: initial; text-decoration-color: initial; outline: none !important;\">Altres serveis realitzats a l&#8217;estiu han tingut a veure amb la cerca de persones desaparegudes, fen\u00f2mens meteorol\u00f2gics com la pluja i les tempestes, o la col\u00b7laboraci\u00f3 en cremes controlades.<\/p>\n<p style=\"box-sizing: border-box; margin: 0px; line-height: 22px; transition: all 0.3s ease-in-out 0s; font-size: 16px; color: #222222; font-weight: 400; font-family: Raleway, Arial, sans-serif; font-style: normal; font-variant-ligatures: normal; font-variant-caps: normal; letter-spacing: normal; orphans: 2; text-align: start; text-indent: 0px; text-transform: none; white-space: normal; widows: 2; word-spacing: 0px; -webkit-text-stroke-width: 0px; background-color: #ffffff; text-decoration-style: initial; text-decoration-color: initial; outline: none !important;\">En tots els casos, les brigades de Divalterra treballen sota la direcci\u00f3 del Consorci Provincial de Bombers de Val\u00e8ncia.<\/p>\n<p style=\"box-sizing: border-box; margin: 0px; line-height: 22px; transition: all 0.3s ease-in-out 0s; font-size: 16px; color: #222222; font-weight: 400; font-family: Raleway, Arial, sans-serif; font-style: normal; font-variant-ligatures: normal; font-variant-caps: normal; letter-spacing: normal; orphans: 2; text-align: start; text-indent: 0px; text-transform: none; white-space: normal; widows: 2; word-spacing: 0px; -webkit-text-stroke-width: 0px; background-color: #ffffff; text-decoration-style: initial; text-decoration-color: initial; outline: none !important;\">De manera paral\u00b7lela, durant els mesos estivals les brigades de la Diputaci\u00f3 de Val\u00e8ncia han continuat amb els treballs habituals de silvicultura preventiva en horari matinal, excepte els dies d&#8217;alerta 3, festius i dissabtes amb alerta 2.<\/p>\n","protected":false},"excerpt":{"rendered":"<div class=\"mh-excerpt\">Les brigades forestals de Divalterra, empresa p\u00fablica de la\u00a0Diputaci\u00f3 de Val\u00e8ncia, han realitzat des de l&#8217;1 de juny al 31 d&#8217;agost, un total de 83 serveis d&#8217;emerg\u00e8ncia, la majoria d&#8217;ells relacionats amb incendis forestals. Aix\u00ed, <a class=\"mh-excerpt-more\" href=\"https:\/\/www.tucomarca.com\/wordpress\/segunda\/ca\/les-brigades-forestals-de-la-diputacio-realitzen-83-servicis-demergencia-este-estiu\/\" title=\"Les brigades forestals de la Diputaci\u00f3 realitzen 83 servicis d\u2019emerg\u00e8ncia este estiu\">[+] <\/a><\/div>\n","protected":false},"author":1,"featured_media":47444,"comment_status":"open","ping_status":"open","sticky":false,"template":"","format":"standard","meta":{"footnotes":""},"categories":[10898,10948,10894,10903,10896,10897],"tags":[3675],"class_list":{"0":"post-74327","1":"post","2":"type-post","3":"status-publish","4":"format-standard","5":"has-post-thumbnail","7":"category-ventana-ca","8":"category-infraestructuras-ca","9":"category-la-comarca-ca","10":"category-medio-ambiente-la-comarca-ca","11":"category-seccion-ca","12":"category-sucesos-la-comarca-ca","13":"tag-diputacio"},"_links":{"self":[{"href":"https:\/\/www.tucomarca.com\/wordpress\/segunda\/ca\/wp-json\/wp\/v2\/posts\/74327","targetHints":{"allow":["GET"]}}],"collection":[{"href":"https:\/\/www.tucomarca.com\/wordpress\/segunda\/ca\/wp-json\/wp\/v2\/posts"}],"about":[{"href":"https:\/\/www.tucomarca.com\/wordpress\/segunda\/ca\/wp-json\/wp\/v2\/types\/post"}],"author":[{"embeddable":true,"href":"https:\/\/www.tucomarca.com\/wordpress\/segunda\/ca\/wp-json\/wp\/v2\/users\/1"}],"replies":[{"embeddable":true,"href":"https:\/\/www.tucomarca.com\/wordpress\/segunda\/ca\/wp-json\/wp\/v2\/comments?post=74327"}],"version-history":[{"count":0,"href":"https:\/\/www.tucomarca.com\/wordpress\/segunda\/ca\/wp-json\/wp\/v2\/posts\/74327\/revisions"}],"wp:featuredmedia":[{"embeddable":true,"href":"https:\/\/www.tucomarca.com\/wordpress\/segunda\/ca\/wp-json\/wp\/v2\/media\/47444"}],"wp:attachment":[{"href":"https:\/\/www.tucomarca.com\/wordpress\/segunda\/ca\/wp-json\/wp\/v2\/media?parent=74327"}],"wp:term":[{"taxonomy":"category","embeddable":true,"href":"https:\/\/www.tucomarca.com\/wordpress\/segunda\/ca\/wp-json\/wp\/v2\/categories?post=74327"},{"taxonomy":"post_tag","embeddable":true,"href":"https:\/\/www.tucomarca.com\/wordpress\/segunda\/ca\/wp-json\/wp\/v2\/tags?post=74327"}],"curies":[{"name":"wp","href":"https:\/\/api.w.org\/{rel}","templated":true}]}}