{"id":74344,"date":"2018-09-11T14:52:49","date_gmt":"2018-09-11T12:52:49","guid":{"rendered":"http:\/\/www.tucomarca.com\/wordpress\/segunda\/?p=74344"},"modified":"2018-09-11T14:52:49","modified_gmt":"2018-09-11T12:52:49","slug":"fausto-castella-guanya-el-ii-open-internacional-descacs-de-turis","status":"publish","type":"post","link":"https:\/\/www.tucomarca.com\/wordpress\/segunda\/ca\/fausto-castella-guanya-el-ii-open-internacional-descacs-de-turis\/","title":{"rendered":"Fausto Castella guanya el II Open Internacional d\u2019Escacs de Tur\u00eds"},"content":{"rendered":"<figure id=\"attachment_74341\" aria-describedby=\"caption-attachment-74341\" style=\"width: 579px\" class=\"wp-caption alignleft\"><img loading=\"lazy\" decoding=\"async\" class=\" wp-image-74341\" src=\"http:\/\/www.tucomarca.com\/wordpress\/segunda\/wp-content\/uploads\/2018\/09\/Turisajedrez.jpg\" alt=\"\" width=\"579\" height=\"434\" srcset=\"https:\/\/www.tucomarca.com\/wordpress\/segunda\/wp-content\/uploads\/2018\/09\/Turisajedrez.jpg 4000w, https:\/\/www.tucomarca.com\/wordpress\/segunda\/wp-content\/uploads\/2018\/09\/Turisajedrez-300x225.jpg 300w, https:\/\/www.tucomarca.com\/wordpress\/segunda\/wp-content\/uploads\/2018\/09\/Turisajedrez-768x576.jpg 768w, https:\/\/www.tucomarca.com\/wordpress\/segunda\/wp-content\/uploads\/2018\/09\/Turisajedrez-1024x768.jpg 1024w\" sizes=\"auto, (max-width: 579px) 100vw, 579px\" \/><figcaption id=\"caption-attachment-74341\" class=\"wp-caption-text\">Fausto Castella gana el II Open Internacional de Ajedrez de Tur\u00eds.<\/figcaption><\/figure>\n<p><span lang=\"CA\">Fausto Castella, de Xeraco, va guanyar el passat diumenge 11 de setembre el II Open Internacional d\u2019Escacs de la Vila de Tur\u00eds, celebrat a la pla\u00e7a Vicent Ribes del municipi i organitzat pel Club d\u2019Escacs de la localitat amb la col\u00b7laboraci\u00f3 de l\u2019Ajuntament.<\/span><b><\/b><\/p>\n<p><span lang=\"CA\">Amb mig centenar de participants de totes les edats i de diversos pobles de la comarca, l\u2019esdeveniment comen\u00e7\u00e0 a les 10:00h i s\u2019allarg\u00e0 fins les 13:00h. A m\u00e9s, compt\u00e0 amb la pres\u00e8ncia de l\u2019alcalde de Tur\u00eds, Eugenio Forta\u00f1a, de la regidora d\u2019educaci\u00f3, Isabel Guaita, del regidor d\u2019esports, Iv\u00e1n Pic\u00f3, i de la regina de festes, Sandra Cifre, que entreg\u00e0 el premi al guanyador. Tamb\u00e9 particip\u00e0 en l\u2019entrega de trofeus el presient del club, Manuel Silvestre.<\/span><b><\/b><\/p>\n<p><span lang=\"CA\">Pel que fa a la resta de premis, l\u2019alzireny Francisco Barbero qued\u00e0 subcampi\u00f3, Carlos Edmundo, de Torrefiel, tercer i Adrian Costa, de Silla, quart. En refer\u00e8ncia a la resta de categories, Alfredo Pe\u00f1arrubia, de Montserrat, result\u00e0 primer sub2000, el torrent\u00ed Adrian Chofre, primer sub1800, Jorge Benlloch, de Montserrat, primer a la categoria Veter\u00e0, Luis Miguel Deusa, de Alaqu\u00e0s, primer a la sub18, Ximo Estell\u00e9s, primer local i Jos\u00e9 Ra\u00fal Gim\u00e9nez, de Montserrat, primer a la categoria Vall dels Alcalans.<\/span><\/p>\n","protected":false},"excerpt":{"rendered":"<div class=\"mh-excerpt\">Fausto Castella, de Xeraco, va guanyar el passat diumenge 11 de setembre el II Open Internacional d\u2019Escacs de la Vila de Tur\u00eds, celebrat a la pla\u00e7a Vicent Ribes del municipi i organitzat pel Club d\u2019Escacs <a class=\"mh-excerpt-more\" href=\"https:\/\/www.tucomarca.com\/wordpress\/segunda\/ca\/fausto-castella-guanya-el-ii-open-internacional-descacs-de-turis\/\" title=\"Fausto Castella guanya el II Open Internacional d\u2019Escacs de Tur\u00eds\">[+] <\/a><\/div>\n","protected":false},"author":1,"featured_media":74342,"comment_status":"open","ping_status":"open","sticky":false,"template":"","format":"standard","meta":{"footnotes":""},"categories":[11003,10904,10902,11009,10896,11047],"tags":[10661,11077,11093],"class_list":{"0":"post-74344","1":"post","2":"type-post","3":"status-publish","4":"format-standard","5":"has-post-thumbnail","7":"category-sports","8":"category-sin-categorizar-ca","9":"category-la-ribera-ca","10":"category-polideportivo-ca","11":"category-seccion-ca","12":"category-turis-ca","13":"tag-esports","14":"tag-la-ribera-alta-ca","15":"tag-turis-ca"},"_links":{"self":[{"href":"https:\/\/www.tucomarca.com\/wordpress\/segunda\/ca\/wp-json\/wp\/v2\/posts\/74344","targetHints":{"allow":["GET"]}}],"collection":[{"href":"https:\/\/www.tucomarca.com\/wordpress\/segunda\/ca\/wp-json\/wp\/v2\/posts"}],"about":[{"href":"https:\/\/www.tucomarca.com\/wordpress\/segunda\/ca\/wp-json\/wp\/v2\/types\/post"}],"author":[{"embeddable":true,"href":"https:\/\/www.tucomarca.com\/wordpress\/segunda\/ca\/wp-json\/wp\/v2\/users\/1"}],"replies":[{"embeddable":true,"href":"https:\/\/www.tucomarca.com\/wordpress\/segunda\/ca\/wp-json\/wp\/v2\/comments?post=74344"}],"version-history":[{"count":0,"href":"https:\/\/www.tucomarca.com\/wordpress\/segunda\/ca\/wp-json\/wp\/v2\/posts\/74344\/revisions"}],"wp:featuredmedia":[{"embeddable":true,"href":"https:\/\/www.tucomarca.com\/wordpress\/segunda\/ca\/wp-json\/wp\/v2\/media\/74342"}],"wp:attachment":[{"href":"https:\/\/www.tucomarca.com\/wordpress\/segunda\/ca\/wp-json\/wp\/v2\/media?parent=74344"}],"wp:term":[{"taxonomy":"category","embeddable":true,"href":"https:\/\/www.tucomarca.com\/wordpress\/segunda\/ca\/wp-json\/wp\/v2\/categories?post=74344"},{"taxonomy":"post_tag","embeddable":true,"href":"https:\/\/www.tucomarca.com\/wordpress\/segunda\/ca\/wp-json\/wp\/v2\/tags?post=74344"}],"curies":[{"name":"wp","href":"https:\/\/api.w.org\/{rel}","templated":true}]}}