{"id":74352,"date":"2018-09-11T15:08:03","date_gmt":"2018-09-11T13:08:03","guid":{"rendered":"http:\/\/www.tucomarca.com\/wordpress\/segunda\/?p=74352"},"modified":"2018-09-11T15:08:35","modified_gmt":"2018-09-11T13:08:35","slug":"lajuntament-de-turis-presenta-el-pla-de-sensibilitzacio-amb-lalzheimer","status":"publish","type":"post","link":"https:\/\/www.tucomarca.com\/wordpress\/segunda\/ca\/lajuntament-de-turis-presenta-el-pla-de-sensibilitzacio-amb-lalzheimer\/","title":{"rendered":"L\u2019Ajuntament de Tur\u00eds presenta el pla de sensibilitzaci\u00f3 amb l\u2019alzheimer"},"content":{"rendered":"<figure id=\"attachment_74349\" aria-describedby=\"caption-attachment-74349\" style=\"width: 698px\" class=\"wp-caption alignleft\"><img loading=\"lazy\" decoding=\"async\" class=\" wp-image-74349\" src=\"http:\/\/www.tucomarca.com\/wordpress\/segunda\/wp-content\/uploads\/2018\/09\/turisalzheimer.jpeg\" alt=\"Tur\u00eds ha presentado en el sal\u00f3n de plenos el programa de sensibilizaci\u00f3n con la enfermedad de Alzheimer.\" width=\"698\" height=\"523\" srcset=\"https:\/\/www.tucomarca.com\/wordpress\/segunda\/wp-content\/uploads\/2018\/09\/turisalzheimer.jpeg 1600w, https:\/\/www.tucomarca.com\/wordpress\/segunda\/wp-content\/uploads\/2018\/09\/turisalzheimer-300x225.jpeg 300w, https:\/\/www.tucomarca.com\/wordpress\/segunda\/wp-content\/uploads\/2018\/09\/turisalzheimer-768x576.jpeg 768w, https:\/\/www.tucomarca.com\/wordpress\/segunda\/wp-content\/uploads\/2018\/09\/turisalzheimer-1024x768.jpeg 1024w\" sizes=\"auto, (max-width: 698px) 100vw, 698px\" \/><figcaption id=\"caption-attachment-74349\" class=\"wp-caption-text\">Tur\u00eds ha presentado en el sal\u00f3n de plenos el programa de sensibilizaci\u00f3n con la enfermedad de Alzheimer.<\/figcaption><\/figure>\n<p>L\u2019Ajuntament de Tur\u00eds ha presentat al sal\u00f3 de plens el programa de sensibilitzaci\u00f3 amb la malaltia d\u2019Alzheimer i la dem\u00e8ncia i\u00a0 d\u2019atenci\u00f3 als familiars. L\u2019acte ha contat amb la pres\u00e8ncia de la regidora de Benestar Social, N\u00faria Montero, que ha definit el projecte \u201ccom una eina important de les que l\u2019Ajuntament possa al servei dels ve\u00efns per a intentar facilitar el seu dia a dia en tot all\u00f2 que estiga al seu abast, i m\u00e9s en estos situacions tan especials\u201d.<\/p>\n<p>A la presentaci\u00f3 s\u2019ha parlat de la sobrec\u00e0rrega que patixen les persones cuidadores, i de l\u2019import\u00e0ncia\u00a0 de formar-se i de tenir un espa\u00ef\u00a0 per compartir l\u2019experi\u00e8ncia. L\u2019alcalde de la localitat, Eugenio Forta\u00f1a, ha manifesat la seua satisfacci\u00f3 tant per la nombrosa participaci\u00f3 com per \u201cl\u2019inter\u00e9s que han manifestat els asistents per participar en el programa\u201d.<\/p>\n","protected":false},"excerpt":{"rendered":"<div class=\"mh-excerpt\">L\u2019Ajuntament de Tur\u00eds ha presentat al sal\u00f3 de plens el programa de sensibilitzaci\u00f3 amb la malaltia d\u2019Alzheimer i la dem\u00e8ncia i\u00a0 d\u2019atenci\u00f3 als familiars. L\u2019acte ha contat amb la pres\u00e8ncia de la regidora de Benestar <a class=\"mh-excerpt-more\" href=\"https:\/\/www.tucomarca.com\/wordpress\/segunda\/ca\/lajuntament-de-turis-presenta-el-pla-de-sensibilitzacio-amb-lalzheimer\/\" title=\"L\u2019Ajuntament de Tur\u00eds presenta el pla de sensibilitzaci\u00f3 amb l\u2019alzheimer\">[+] <\/a><\/div>\n","protected":false},"author":1,"featured_media":74350,"comment_status":"open","ping_status":"open","sticky":false,"template":"","format":"standard","meta":{"footnotes":""},"categories":[11010,10898,10894,10902,10896,11047],"tags":[11077,11207,11093],"class_list":{"0":"post-74352","1":"post","2":"type-post","3":"status-publish","4":"format-standard","5":"has-post-thumbnail","7":"category-canal-salud","8":"category-ventana-ca","9":"category-la-comarca-ca","10":"category-la-ribera-ca","11":"category-seccion-ca","12":"category-turis-ca","13":"tag-la-ribera-alta-ca","14":"tag-salud-ca","15":"tag-turis-ca"},"_links":{"self":[{"href":"https:\/\/www.tucomarca.com\/wordpress\/segunda\/ca\/wp-json\/wp\/v2\/posts\/74352","targetHints":{"allow":["GET"]}}],"collection":[{"href":"https:\/\/www.tucomarca.com\/wordpress\/segunda\/ca\/wp-json\/wp\/v2\/posts"}],"about":[{"href":"https:\/\/www.tucomarca.com\/wordpress\/segunda\/ca\/wp-json\/wp\/v2\/types\/post"}],"author":[{"embeddable":true,"href":"https:\/\/www.tucomarca.com\/wordpress\/segunda\/ca\/wp-json\/wp\/v2\/users\/1"}],"replies":[{"embeddable":true,"href":"https:\/\/www.tucomarca.com\/wordpress\/segunda\/ca\/wp-json\/wp\/v2\/comments?post=74352"}],"version-history":[{"count":0,"href":"https:\/\/www.tucomarca.com\/wordpress\/segunda\/ca\/wp-json\/wp\/v2\/posts\/74352\/revisions"}],"wp:featuredmedia":[{"embeddable":true,"href":"https:\/\/www.tucomarca.com\/wordpress\/segunda\/ca\/wp-json\/wp\/v2\/media\/74350"}],"wp:attachment":[{"href":"https:\/\/www.tucomarca.com\/wordpress\/segunda\/ca\/wp-json\/wp\/v2\/media?parent=74352"}],"wp:term":[{"taxonomy":"category","embeddable":true,"href":"https:\/\/www.tucomarca.com\/wordpress\/segunda\/ca\/wp-json\/wp\/v2\/categories?post=74352"},{"taxonomy":"post_tag","embeddable":true,"href":"https:\/\/www.tucomarca.com\/wordpress\/segunda\/ca\/wp-json\/wp\/v2\/tags?post=74352"}],"curies":[{"name":"wp","href":"https:\/\/api.w.org\/{rel}","templated":true}]}}