{"id":74438,"date":"2018-09-14T02:16:58","date_gmt":"2018-09-14T00:16:58","guid":{"rendered":"http:\/\/www.tucomarca.com\/wordpress\/segunda\/?p=74438"},"modified":"2018-09-14T02:16:58","modified_gmt":"2018-09-14T00:16:58","slug":"el-bus-de-la-llengua-visita-leliana","status":"publish","type":"post","link":"https:\/\/www.tucomarca.com\/wordpress\/segunda\/ca\/el-bus-de-la-llengua-visita-leliana\/","title":{"rendered":"El bus de la llengua visita l\u2019Eliana"},"content":{"rendered":"<figure id=\"attachment_74435\" aria-describedby=\"caption-attachment-74435\" style=\"width: 475px\" class=\"wp-caption alignleft\"><img loading=\"lazy\" decoding=\"async\" class=\" wp-image-74435\" src=\"http:\/\/www.tucomarca.com\/wordpress\/segunda\/wp-content\/uploads\/2018\/09\/bus-de-la-llengua.jpg\" alt=\"Se trata de una iniciativa de la Generalitat Valenciana para promover el uso del valenciano por todo el territorio auton\u00f3mico.\" width=\"475\" height=\"356\" srcset=\"https:\/\/www.tucomarca.com\/wordpress\/segunda\/wp-content\/uploads\/2018\/09\/bus-de-la-llengua.jpg 1024w, https:\/\/www.tucomarca.com\/wordpress\/segunda\/wp-content\/uploads\/2018\/09\/bus-de-la-llengua-300x225.jpg 300w, https:\/\/www.tucomarca.com\/wordpress\/segunda\/wp-content\/uploads\/2018\/09\/bus-de-la-llengua-768x576.jpg 768w\" sizes=\"auto, (max-width: 475px) 100vw, 475px\" \/><figcaption id=\"caption-attachment-74435\" class=\"wp-caption-text\">\u00c9s tracta d\u2019una iniciativa de la Generalitat Valenciana per a promoure l&#8217;\u00fas del valenci\u00e0 per tot el territori auton\u00f2mic.<\/figcaption><\/figure>\n<p>L&#8217;Eliana rebr\u00e0 el <em>bus de la llengua<\/em> els dies 11, 12 i 13 de setembre visitant els diferents centres educatius p\u00fablics del municipi. Aix\u00ed doncs, estar\u00e0 estacionat el dia 11 als voltants del col\u00b7legi Verge del Carme, el dia 12 \u00a0(en el p\u00e0rquing del poliesportiu) en el col\u00b7legi p\u00fablic el Garb\u00ed i l&#8217;IES, per la seua banda el dia 13 es trobar\u00e0 en el col\u00b7legi Montealegre.<\/p>\n<p>L&#8217;autob\u00fas, de 12 metres de llarg, compta en el seu interior amb 25 ordinadors per a realitzar diverses activitats i consultar informaci\u00f3. Els tallers i les activitats que es desenrotllaran estan sobretot enfocats a estudiants, per\u00f2 qualsevol ve\u00ed o ve\u00efna pot acostar-se per a participar i rebre informaci\u00f3 i <em>merchandising<\/em>.<\/p>\n<p>La Generalitat t\u00e9 el deure estatutari de protegir i recuperar el valenci\u00e0, aix\u00ed com de garantir l&#8217;\u00fas normal. Per tot aix\u00f2, es pret\u00e9n incrementar el nombre d&#8217;usuaris i els usos entre els parlants i, al mateix temps, incrementar el prestigi social de la llengua pr\u00f2pia. Esta campanya, a m\u00e9s, t\u00e9 per objectiu que tota la poblaci\u00f3 valenciana s&#8217;assenta orgullosa de tindre tamb\u00e9 el valenci\u00e0 com a llengua oficial. L\u2019alcalde de l\u2019Eliana, Salva Torrent, ha destacat la import\u00e0ncia d\u2019aquestes activitats fent visible al carrer la nostra llengua amb activitats per a tots els p\u00fablics \u201c<em>aquest Ajuntament t\u00e9 un sentiment molt especial per la nostra llengua, un fet ben clar es la posada en marxa de l\u2019oficina de promoci\u00f3 ling\u00fc\u00edstica a l\u2019inici d\u2019aquesta legislatura i la utilitzaci\u00f3 del valenci\u00e0 als documents administratius o el mitjans de comunicaci\u00f3 p\u00fablics<\/em>\u201d.<\/p>\n<p>&nbsp;<\/p>\n","protected":false},"excerpt":{"rendered":"<div class=\"mh-excerpt\">L&#8217;Eliana rebr\u00e0 el bus de la llengua els dies 11, 12 i 13 de setembre visitant els diferents centres educatius p\u00fablics del municipi. Aix\u00ed doncs, estar\u00e0 estacionat el dia 11 als voltants del col\u00b7legi Verge <a class=\"mh-excerpt-more\" href=\"https:\/\/www.tucomarca.com\/wordpress\/segunda\/ca\/el-bus-de-la-llengua-visita-leliana\/\" title=\"El bus de la llengua visita l\u2019Eliana\">[+] <\/a><\/div>\n","protected":false},"author":1,"featured_media":74436,"comment_status":"open","ping_status":"open","sticky":false,"template":"","format":"standard","meta":{"footnotes":""},"categories":[10892,10894,10904,10893,10896],"tags":[10899,11172],"class_list":{"0":"post-74438","1":"post","2":"type-post","3":"status-publish","4":"format-standard","5":"has-post-thumbnail","7":"category-camp-de-turia-ca","8":"category-la-comarca-ca","9":"category-sin-categorizar-ca","10":"category-leliana-ca","11":"category-seccion-ca","12":"tag-camp-de-turia-ca","13":"tag-leliana-ca-2"},"_links":{"self":[{"href":"https:\/\/www.tucomarca.com\/wordpress\/segunda\/ca\/wp-json\/wp\/v2\/posts\/74438","targetHints":{"allow":["GET"]}}],"collection":[{"href":"https:\/\/www.tucomarca.com\/wordpress\/segunda\/ca\/wp-json\/wp\/v2\/posts"}],"about":[{"href":"https:\/\/www.tucomarca.com\/wordpress\/segunda\/ca\/wp-json\/wp\/v2\/types\/post"}],"author":[{"embeddable":true,"href":"https:\/\/www.tucomarca.com\/wordpress\/segunda\/ca\/wp-json\/wp\/v2\/users\/1"}],"replies":[{"embeddable":true,"href":"https:\/\/www.tucomarca.com\/wordpress\/segunda\/ca\/wp-json\/wp\/v2\/comments?post=74438"}],"version-history":[{"count":0,"href":"https:\/\/www.tucomarca.com\/wordpress\/segunda\/ca\/wp-json\/wp\/v2\/posts\/74438\/revisions"}],"wp:featuredmedia":[{"embeddable":true,"href":"https:\/\/www.tucomarca.com\/wordpress\/segunda\/ca\/wp-json\/wp\/v2\/media\/74436"}],"wp:attachment":[{"href":"https:\/\/www.tucomarca.com\/wordpress\/segunda\/ca\/wp-json\/wp\/v2\/media?parent=74438"}],"wp:term":[{"taxonomy":"category","embeddable":true,"href":"https:\/\/www.tucomarca.com\/wordpress\/segunda\/ca\/wp-json\/wp\/v2\/categories?post=74438"},{"taxonomy":"post_tag","embeddable":true,"href":"https:\/\/www.tucomarca.com\/wordpress\/segunda\/ca\/wp-json\/wp\/v2\/tags?post=74438"}],"curies":[{"name":"wp","href":"https:\/\/api.w.org\/{rel}","templated":true}]}}