{"id":74450,"date":"2018-09-13T08:46:05","date_gmt":"2018-09-13T06:46:05","guid":{"rendered":"http:\/\/www.tucomarca.com\/wordpress\/segunda\/?p=74450"},"modified":"2018-09-13T08:46:05","modified_gmt":"2018-09-13T06:46:05","slug":"els-col%c2%b7legis-de-requena-inicien-el-curs-escolar-amb-millors-instal%c2%b7lacions","status":"publish","type":"post","link":"https:\/\/www.tucomarca.com\/wordpress\/segunda\/ca\/els-col%c2%b7legis-de-requena-inicien-el-curs-escolar-amb-millors-instal%c2%b7lacions\/","title":{"rendered":"Els col\u00b7legis de Requena inicien el curs escolar amb millors instal\u00b7lacions"},"content":{"rendered":"<figure id=\"attachment_74447\" aria-describedby=\"caption-attachment-74447\" style=\"width: 427px\" class=\"wp-caption alignleft\"><img loading=\"lazy\" decoding=\"async\" class=\" wp-image-74447\" src=\"http:\/\/www.tucomarca.com\/wordpress\/segunda\/wp-content\/uploads\/2018\/09\/Mejoras-Colegios.jpg\" alt=\"l Ayuntamiento de Requena ha llevado a cabo durante este verano importantes y necesarias intervenciones en los colegios que suponen una mejora muy notable de las instalaciones educativas.\" width=\"427\" height=\"240\" srcset=\"https:\/\/www.tucomarca.com\/wordpress\/segunda\/wp-content\/uploads\/2018\/09\/Mejoras-Colegios.jpg 3264w, https:\/\/www.tucomarca.com\/wordpress\/segunda\/wp-content\/uploads\/2018\/09\/Mejoras-Colegios-300x169.jpg 300w, https:\/\/www.tucomarca.com\/wordpress\/segunda\/wp-content\/uploads\/2018\/09\/Mejoras-Colegios-768x432.jpg 768w, https:\/\/www.tucomarca.com\/wordpress\/segunda\/wp-content\/uploads\/2018\/09\/Mejoras-Colegios-1024x576.jpg 1024w\" sizes=\"auto, (max-width: 427px) 100vw, 427px\" \/><figcaption id=\"caption-attachment-74447\" class=\"wp-caption-text\">l Ayuntamiento de Requena ha llevado a cabo durante este verano importantes y necesarias intervenciones en los colegios que suponen una mejora muy notable de las instalaciones educativas.<\/figcaption><\/figure>\n<p>L&#8217;Ajuntament de Requena ha dut a terme durant aquest estiu importants i necess\u00e0ries intervencions a les escoles que suposen una millora molt notable de les instal\u00b7lacions educatives.<\/p>\n<p>En aquest inici de curs 2018-19 dels alumnes i les alumnes dels col\u00b7legis Lucio Gil Fagoaga i Alfonso X El Savi van a gaudir d&#8217;unes pistes esportives en els seus respectius patis escolars completament remodelades mitjan\u00e7ant l&#8217;aplicaci\u00f3 de resines esportives de primera qualitat, permetent aix\u00ed el desenvolupament normal de la pr\u00e0ctica esportiva, reduint d&#8217;aquesta manera el risc de caigudes i lesions de l&#8217;alumnat, aquesta actuaci\u00f3 ha tingut un cost aproximat de 60.000 \u20ac.<\/p>\n<p>D&#8217;altra banda, l&#8217;Ajuntament de Requena, per mitj\u00e0 de la Regidoria d&#8217;Educaci\u00f3 ha posat en marxa el Pla d&#8217;Actuacions de Millora en els Col\u00b7legis. Amb aquest Pla es pret\u00e9n actuar durant les vacances d&#8217;estiu fent tasques que resulta complex executar-les en per\u00edode lectiu quan l&#8217;alumnat est\u00e0 a classe. Per tant, aquest Pla d&#8217;Actuacions de Millora en els Col\u00b7legis tindr\u00e0 continu\u00eftat en anys successius i d&#8217;aquesta manera es podr\u00e0 actuar en tots els centres de Requena i de les aldees.<\/p>\n<p>L&#8217;objectiu principal \u00e9s aconseguir que l&#8217;alumnat es trobi en un ambient agradable i motivador amb unes classes en condicions \u00f2ptimes.<\/p>\n<p>El Pla d&#8217;Actuacions de Millora en els Col\u00b7legis en els centres educatius s&#8217;ha iniciat aquest estiu a les escoles de Les Higuerillas, Serrano Clavero i Alfonso X el Savi, en els quals s&#8217;han realitzat les actuacions d&#8217;acord a les peticions plantejades pels propis centres. La majoria dels treballs que s&#8217;han realitzat s\u00f3n de pintura i reparacions d&#8217;obra. En concret al CEIP Alfonso X s&#8217;han pintat les sis aules d&#8217;Educaci\u00f3 Infantil i s&#8217;ha reparat la gotera que hi havia en una aula; al CEIP Les Higuerillas tamb\u00e9 s&#8217;han realitzat tasques de pintura i d&#8217;eliminaci\u00f3 de goteres a la terrassa ia l&#8217;aula d&#8217;Educaci\u00f3 Especial aix\u00ed com la millora de l&#8217;acc\u00e9s al centre; i al CEIP Serrano Clavero s&#8217;ha reparat la teulada que provocava una gotera i humitats, s&#8217;ha pintat per eliminar la floridura produ\u00eft i tamb\u00e9 pintat diverses aules, entre elles d&#8217;Educaci\u00f3 Especial. Aquesta primera intervenci\u00f3 del Pla ha suposat un cost de 13.000 \u20ac.<\/p>\n<p>Per\u00f2 aquestes no han estat les \u00faniques intervencions durant el per\u00edode de vacances, a m\u00e9s s&#8217;han canviat totes les fusteries exteriors del CEIP Lucio Gil Fagoaga, una intervenci\u00f3 molt necess\u00e0ria i demandada des de fa anys pel Consell Escolar del centre.<\/p>\n<p>Gr\u00e0cies a la cooperaci\u00f3 amb la Diputaci\u00f3 de Val\u00e8ncia, emmarcada en el Pla Municipal de Manteniment d&#8217;Escoles, i atenent a l&#8217;objectiu de millorar les condicions d&#8217;efici\u00e8ncia energ\u00e8tica ha finan\u00e7at, amb un pressupost de 230.000 euros, el canvi de totes les finestres i portes de els aularis d&#8217;Educaci\u00f3 Prim\u00e0ria i Infantil del centre.<\/p>\n<p>Les obres han consistit en la demolici\u00f3 i substituci\u00f3 de m\u00e9s de 200 fusteries d&#8217;acer existents per altres d&#8217;alumini amb doble vidre per tal de millorar les condicions d&#8217;habitabilitat, salubritat i efici\u00e8ncia energ\u00e8tica.<\/p>\n","protected":false},"excerpt":{"rendered":"<div class=\"mh-excerpt\">L&#8217;Ajuntament de Requena ha dut a terme durant aquest estiu importants i necess\u00e0ries intervencions a les escoles que suposen una millora molt notable de les instal\u00b7lacions educatives. En aquest inici de curs 2018-19 dels alumnes <a class=\"mh-excerpt-more\" href=\"https:\/\/www.tucomarca.com\/wordpress\/segunda\/ca\/els-col%c2%b7legis-de-requena-inicien-el-curs-escolar-amb-millors-instal%c2%b7lacions\/\" title=\"Els col\u00b7legis de Requena inicien el curs escolar amb millors instal\u00b7lacions\">[+] <\/a><\/div>\n","protected":false},"author":1,"featured_media":74448,"comment_status":"open","ping_status":"open","sticky":false,"template":"","format":"standard","meta":{"footnotes":""},"categories":[10898,10894,10908,10909,10896],"tags":[11099,10910],"class_list":{"0":"post-74450","1":"post","2":"type-post","3":"status-publish","4":"format-standard","5":"has-post-thumbnail","7":"category-ventana-ca","8":"category-la-comarca-ca","9":"category-requena-ca","10":"category-requena-utiel-ca","11":"category-seccion-ca","12":"tag-requena-ca","13":"tag-requena-utiel-ca"},"_links":{"self":[{"href":"https:\/\/www.tucomarca.com\/wordpress\/segunda\/ca\/wp-json\/wp\/v2\/posts\/74450","targetHints":{"allow":["GET"]}}],"collection":[{"href":"https:\/\/www.tucomarca.com\/wordpress\/segunda\/ca\/wp-json\/wp\/v2\/posts"}],"about":[{"href":"https:\/\/www.tucomarca.com\/wordpress\/segunda\/ca\/wp-json\/wp\/v2\/types\/post"}],"author":[{"embeddable":true,"href":"https:\/\/www.tucomarca.com\/wordpress\/segunda\/ca\/wp-json\/wp\/v2\/users\/1"}],"replies":[{"embeddable":true,"href":"https:\/\/www.tucomarca.com\/wordpress\/segunda\/ca\/wp-json\/wp\/v2\/comments?post=74450"}],"version-history":[{"count":0,"href":"https:\/\/www.tucomarca.com\/wordpress\/segunda\/ca\/wp-json\/wp\/v2\/posts\/74450\/revisions"}],"wp:featuredmedia":[{"embeddable":true,"href":"https:\/\/www.tucomarca.com\/wordpress\/segunda\/ca\/wp-json\/wp\/v2\/media\/74448"}],"wp:attachment":[{"href":"https:\/\/www.tucomarca.com\/wordpress\/segunda\/ca\/wp-json\/wp\/v2\/media?parent=74450"}],"wp:term":[{"taxonomy":"category","embeddable":true,"href":"https:\/\/www.tucomarca.com\/wordpress\/segunda\/ca\/wp-json\/wp\/v2\/categories?post=74450"},{"taxonomy":"post_tag","embeddable":true,"href":"https:\/\/www.tucomarca.com\/wordpress\/segunda\/ca\/wp-json\/wp\/v2\/tags?post=74450"}],"curies":[{"name":"wp","href":"https:\/\/api.w.org\/{rel}","templated":true}]}}