{"id":74963,"date":"2018-09-14T02:49:19","date_gmt":"2018-09-14T00:49:19","guid":{"rendered":"http:\/\/www.tucomarca.com\/wordpress\/segunda\/?p=74963"},"modified":"2018-09-14T02:58:36","modified_gmt":"2018-09-14T00:58:36","slug":"bunol-celebra-los-dias-14-15-y-16-de-septiembre-su-tradicional-encuentro-de-hateros","status":"publish","type":"post","link":"https:\/\/www.tucomarca.com\/wordpress\/segunda\/ca\/bunol-celebra-los-dias-14-15-y-16-de-septiembre-su-tradicional-encuentro-de-hateros\/","title":{"rendered":"Bu\u00f1ol celebra els dies 14, 15 i 16 de setembre el seu tradicional trobada d&#8217;hateros"},"content":{"rendered":"<figure id=\"attachment_74903\" aria-describedby=\"caption-attachment-74903\" style=\"width: 945px\" class=\"wp-caption alignnone\"><img loading=\"lazy\" decoding=\"async\" class=\"size-full wp-image-74903\" src=\"http:\/\/www.tucomarca.com\/wordpress\/segunda\/wp-content\/uploads\/2018\/09\/hateros17.jpg\" alt=\"Una imagen de la edici\u00f3n del a\u00f1o pasado.\" width=\"945\" height=\"633\" srcset=\"https:\/\/www.tucomarca.com\/wordpress\/segunda\/wp-content\/uploads\/2018\/09\/hateros17.jpg 945w, https:\/\/www.tucomarca.com\/wordpress\/segunda\/wp-content\/uploads\/2018\/09\/hateros17-300x201.jpg 300w, https:\/\/www.tucomarca.com\/wordpress\/segunda\/wp-content\/uploads\/2018\/09\/hateros17-768x514.jpg 768w\" sizes=\"auto, (max-width: 945px) 100vw, 945px\" \/><figcaption id=\"caption-attachment-74903\" class=\"wp-caption-text\">Una imagen de la edici\u00f3n del a\u00f1o pasado.<\/figcaption><\/figure>\n<p>La trobada d&#8217;hateros de Bunyol compleix aquest any la seva dotzena edici\u00f3, convertint-se ja en una de les cites imprescindibles del tancament de l&#8217;estiu a la localitat. Una proposta gastron\u00f2mic-festiva amb un marcat sabor a poble, i que es desenvolupa durant els dies 14 al 16 de setembre. \u00abAquest any es comptar\u00e0 amb la pres\u00e8ncia d&#8217;una representaci\u00f3 de Set Aig\u00fces com a poble convidat causa de la seva vocaci\u00f3 per la ca\u00e7a i la gastronomia, s\u00edmbols d&#8217;identitat d&#8217;aquest esdeveniment\u00bb, segons ha informat el regidor de Turisme, Manuel Serra. En la jornada de divendres 14, a les 19,30 hores s&#8217;inaugura al local de les Ames de Casa una exposici\u00f3 relacionada amb el m\u00f3n de la hater\u00eda. A les 19,30 h. comen\u00e7ar\u00e0 el XI Concurs de Vermuticos amb les tapes m\u00e9s originals a base de productes t\u00edpics de ca\u00e7a; i a les 24,00 h hi haur\u00e0 al barrac\u00f3 de la Falla Las Ventas l&#8217;actuaci\u00f3 del monologuista Miki Dkai. Dissabte 15, a les 12,00 hores a la pla\u00e7a de les Vendes: cinqu\u00e8-tapa, a c\u00e0rrec dels Hateros i la Falla Vendes. A les 20,00 hores, Guisando a la Pla\u00e7a Vendes, degustaci\u00f3 de les creacions gastron\u00f2miques tradicionals dels millors hateros de Bunyol. A les 20,00 hores, paella monumental patrocinada pels Hateros i Falla Vendes. 20,00 hores Coca de gaspatxo amb cansalada i a partir de les 22,00 h. sopar per a tots els participants. A les 22,30 h, actuaci\u00f3 patrocinada per la Diputaci\u00f3 de Val\u00e8ncia. Durant el diumenge 26 es va a gaudir de la II Ruta dels Hateros als restaurants de la localitat. A m\u00e9s, per aquest mateix mat\u00ed, a les 11,00 hores, s&#8217;oferir\u00e0 una visita guiada al castell.<\/p>\n","protected":false},"excerpt":{"rendered":"<div class=\"mh-excerpt\">La trobada d&#8217;hateros de Bunyol compleix aquest any la seva dotzena edici\u00f3, convertint-se ja en una de les cites imprescindibles del tancament de l&#8217;estiu a la localitat. Una proposta gastron\u00f2mic-festiva amb un marcat sabor a <a class=\"mh-excerpt-more\" href=\"https:\/\/www.tucomarca.com\/wordpress\/segunda\/ca\/bunol-celebra-los-dias-14-15-y-16-de-septiembre-su-tradicional-encuentro-de-hateros\/\" title=\"Bu\u00f1ol celebra els dies 14, 15 i 16 de setembre el seu tradicional trobada d&#8217;hateros\">[+] <\/a><\/div>\n","protected":false},"author":1,"featured_media":74902,"comment_status":"open","ping_status":"open","sticky":false,"template":"","format":"standard","meta":{"footnotes":""},"categories":[10911,10898,10894,10904,10912,11004,11008,10896,10979],"tags":[10914],"class_list":{"0":"post-74963","1":"post","2":"type-post","3":"status-publish","4":"format-standard","5":"has-post-thumbnail","7":"category-bunol-ca","8":"category-ventana-ca","9":"category-la-comarca-ca","10":"category-sin-categorizar-ca","11":"category-la-hoya-ca","12":"category-la-semana-en-imagenes-ca","13":"category-pueblos-en-fiestas-ca","14":"category-seccion-ca","15":"category-siete-aguas-ca","16":"tag-la-hoya-de-bunol-chiva-ca"},"_links":{"self":[{"href":"https:\/\/www.tucomarca.com\/wordpress\/segunda\/ca\/wp-json\/wp\/v2\/posts\/74963","targetHints":{"allow":["GET"]}}],"collection":[{"href":"https:\/\/www.tucomarca.com\/wordpress\/segunda\/ca\/wp-json\/wp\/v2\/posts"}],"about":[{"href":"https:\/\/www.tucomarca.com\/wordpress\/segunda\/ca\/wp-json\/wp\/v2\/types\/post"}],"author":[{"embeddable":true,"href":"https:\/\/www.tucomarca.com\/wordpress\/segunda\/ca\/wp-json\/wp\/v2\/users\/1"}],"replies":[{"embeddable":true,"href":"https:\/\/www.tucomarca.com\/wordpress\/segunda\/ca\/wp-json\/wp\/v2\/comments?post=74963"}],"version-history":[{"count":0,"href":"https:\/\/www.tucomarca.com\/wordpress\/segunda\/ca\/wp-json\/wp\/v2\/posts\/74963\/revisions"}],"wp:featuredmedia":[{"embeddable":true,"href":"https:\/\/www.tucomarca.com\/wordpress\/segunda\/ca\/wp-json\/wp\/v2\/media\/74902"}],"wp:attachment":[{"href":"https:\/\/www.tucomarca.com\/wordpress\/segunda\/ca\/wp-json\/wp\/v2\/media?parent=74963"}],"wp:term":[{"taxonomy":"category","embeddable":true,"href":"https:\/\/www.tucomarca.com\/wordpress\/segunda\/ca\/wp-json\/wp\/v2\/categories?post=74963"},{"taxonomy":"post_tag","embeddable":true,"href":"https:\/\/www.tucomarca.com\/wordpress\/segunda\/ca\/wp-json\/wp\/v2\/tags?post=74963"}],"curies":[{"name":"wp","href":"https:\/\/api.w.org\/{rel}","templated":true}]}}