{"id":75246,"date":"2018-09-27T12:00:55","date_gmt":"2018-09-27T10:00:55","guid":{"rendered":"http:\/\/www.tucomarca.com\/wordpress\/segunda\/?p=75246"},"modified":"2018-09-27T12:00:55","modified_gmt":"2018-09-27T10:00:55","slug":"xest-acull-el-i-festival-de-llengues-del-mon","status":"publish","type":"post","link":"https:\/\/www.tucomarca.com\/wordpress\/segunda\/ca\/xest-acull-el-i-festival-de-llengues-del-mon\/","title":{"rendered":"Xest acull el I Festival de Lleng\u00fces del M\u00f3n"},"content":{"rendered":"<div class=\"\">\n<figure id=\"attachment_75243\" aria-describedby=\"caption-attachment-75243\" style=\"width: 431px\" class=\"wp-caption alignleft\"><img loading=\"lazy\" decoding=\"async\" class=\" wp-image-75243\" src=\"http:\/\/www.tucomarca.com\/wordpress\/segunda\/wp-content\/uploads\/2018\/09\/Festival-de-Lenguas-del-Mundo7.jpg\" alt=\"El pasado s\u00e1bado, 22 de septiembre, las aulas del Centro de Formaci\u00f3n de Personas Adultas se llenaron con motivo de la celebraci\u00f3n del I Festival de Lenguas del Mundo, una iniciativa del esperantista y pol\u00edglota reconocido internacionalmente, Dennis Keefe, que puso en marcha la asociaci\u00f3n de esperantistas de Cheste, Lum Radio, con la colaboraci\u00f3n de la concejal\u00eda de Educaci\u00f3n.\" width=\"431\" height=\"287\" srcset=\"https:\/\/www.tucomarca.com\/wordpress\/segunda\/wp-content\/uploads\/2018\/09\/Festival-de-Lenguas-del-Mundo7.jpg 5472w, https:\/\/www.tucomarca.com\/wordpress\/segunda\/wp-content\/uploads\/2018\/09\/Festival-de-Lenguas-del-Mundo7-300x200.jpg 300w, https:\/\/www.tucomarca.com\/wordpress\/segunda\/wp-content\/uploads\/2018\/09\/Festival-de-Lenguas-del-Mundo7-768x512.jpg 768w, https:\/\/www.tucomarca.com\/wordpress\/segunda\/wp-content\/uploads\/2018\/09\/Festival-de-Lenguas-del-Mundo7-1024x683.jpg 1024w\" sizes=\"auto, (max-width: 431px) 100vw, 431px\" \/><figcaption id=\"caption-attachment-75243\" class=\"wp-caption-text\">Dissabte passat, 22 de setembre, les aules del Centre de Formaci\u00f3 de Persones Adultes es van omplir amb motiu de la celebraci\u00f3 del I Festival de Lleng\u00fces del M\u00f3n, una iniciativa de l&#8217;esperantista i pol\u00edglota reconegut internacionalment, Dennis Keefe, que va posar en marxa l&#8217;associaci\u00f3 d&#8217;esperantistes de Xest, Lum R\u00e0dio, amb la col\u00b7laboraci\u00f3 de la regidoria d&#8217;Educaci\u00f3.<\/figcaption><\/figure>\n<p>Dissabte passat, 22 de setembre, les aules del Centre de Formaci\u00f3 de Persones Adultes es van omplir amb motiu de la celebraci\u00f3 del I Festival de Lleng\u00fces del M\u00f3n, una iniciativa de l&#8217;esperantista i pol\u00edglota reconegut internacionalment, Dennis Keefe, que va posar en marxa l&#8217;associaci\u00f3 d&#8217;esperantistes de Xest, Lum R\u00e0dio, amb la col\u00b7laboraci\u00f3 de la regidoria d&#8217;Educaci\u00f3.<br \/>\n&#8220;Dennis t\u00e9 molt inter\u00e8s per la traject\u00f2ria esperantista de Xest, per aix\u00f2 va pensar que era un lloc ideal per dur a terme aquesta iniciativa, que consisteix a trobar a persones en la poblaci\u00f3 que parlin diferents idiomes i ajuntar-les a totes un dia perqu\u00e8 presentin la seva llengua al p\u00fablic, en classes d&#8217;uns 40 minuts &#8220;, explicava Rosa Zan\u00f3n, del grup esperantista de Xest. &#8220;Aix\u00ed que ens vam posar mans a l&#8217;obra a cercar a aquestes persones i explicar-los el projecte; alguns van acceptar sense dubtar-ho ia altres els va costar m\u00e9s, per\u00f2 al final hem aconseguit que durant tot el dia d&#8217;avui la gent pugui venir i con\u00e8ixer 22 idiomes diferents i, no nom\u00e9s aix\u00f2, ens hem relacionat entre tots i totes i ens ho hem passat molt b\u00e9, pel que estem conven\u00e7uts aquest festival cal repetir-ho cada any i cada vegada sumar m\u00e9s gent &#8220;.<\/p>\n<p>La idea original del festival va sorgir a la ciutat francesa de Tours, de la m\u00e0 de Dennis Keefe, fa 23 anys. &#8220;Volia demostrar que hi ha munts d&#8217;idiomes voltant nostre i que no nom\u00e9s l&#8217;angl\u00e8s \u00e9s l&#8217;idioma internacional&#8221;, apuntava Keefe. &#8220;Vaig pensar que aquesta iniciativa seria una bona oportunitat perqu\u00e8 la gent de la ciutat comenc\u00e9s a tenir m\u00e9s inter\u00e8s per les diferents lleng\u00fces, cultures i persones de la seva localitat, per relacionar-se i perqu\u00e8 no, per fer amics&#8221;.<\/p>\n<p>Despr\u00e9s de l&#8217;\u00e8xit d&#8217;aquest primer festival, la iniciativa es va estendre a pa\u00efsos com Espanya, Finl\u00e0ndia, R\u00fassia, Anglaterra o la Xina, on va arribar a sumar 100 idiomes, 600 participants i prop de 400 classes al llarg de cinc dies. Aix\u00ed, aquests esdeveniments han despertat l&#8217;inter\u00e8s dels mitjans de comunicaci\u00f3, arribant a obrir edicions d&#8217;informatius de m\u00e0xima audi\u00e8ncia en canals com la BBC.<\/p>\n<p>&#8220;Nosaltres de seguida vam dir que s\u00ed quan ens van proposar participar i aqu\u00ed hem estat avui des les deu del mat\u00ed per parlar del nostre idioma&#8221;, comentaven Nadia ferrah i F\u00e1tima Bouchrik, professores volunt\u00e0ries. &#8220;Algunes persones ens han preguntat per l&#8217;origen de l&#8217;\u00e0rab, com es diuen algunes paraules, els colors o com s&#8217;escriuen les salutacions; la gent tenia molta curiositat, aix\u00ed que estem molt contentes &#8220;.<\/p>\n<p>Aix\u00ed, durant tot el dia van acudir ve\u00efns i ve\u00efnes de totes les edats, que van passar per diferents classes segons els horaris establerts. &#8220;A mi m&#8217;agraden molt les lleng\u00fces i els vull transmetre aquesta inquietud als meus fills&#8221;, assenyalava Desir\u00e9 Cort\u00e9s, una de les participants. &#8220;Hem estat en grec i en esperanto i ens han agradat molt perqu\u00e8 hem escoltat hist\u00f2ries interessants i crec que han despertat en ells molta curiositat, ara anem a xin\u00e8s&#8221;.<\/p>\n<p>A m\u00e9s, dimecres que el grup esperantista visitar\u00e0 l&#8217;alumnat de 1r de ESO del I.E.S. Ricardo Mar\u00edn amb motiu del seu propi festival de lleng\u00fces, &#8220;una iniciativa semblant amb l&#8217;accent posat en la inclusi\u00f3&#8221;, tal com apuntava la professora Yolanda Marco, tamb\u00e9 present al festival. &#8220;Ens van a visitar els esperantistes i una especialista en llenguatge de signes i tamb\u00e9 farem una fira de lleng\u00fces en qu\u00e8 hi haur\u00e0 diversos estands en qu\u00e8 estaran representats els idiomes d&#8217;alguns alumnes i alumnes d&#8217;origen estranger&#8221;, apuntava Marc.<\/p>\n<p>&#8220;Vull felicitar el grup esperantista Lum R\u00e0dio i al professor Dennis per aquesta iniciativa cultural que fomenta l&#8217;intercanvi i posa en valor totes les lleng\u00fces com a patrimoni cultural d&#8217;una Humanitat que desitja viure en pau i harmonia. Poden comptar amb les regidories d&#8217;Educaci\u00f3 i Cultura per continuar promovent iniciatives com aquesta &#8220;, declarava la regidora M\u00aa \u00c1ngeles Llorente.<\/p>\n<\/div>\n","protected":false},"excerpt":{"rendered":"<div class=\"mh-excerpt\">Dissabte passat, 22 de setembre, les aules del Centre de Formaci\u00f3 de Persones Adultes es van omplir amb motiu de la celebraci\u00f3 del I Festival de Lleng\u00fces del M\u00f3n, una iniciativa de l&#8217;esperantista i pol\u00edglota <a class=\"mh-excerpt-more\" href=\"https:\/\/www.tucomarca.com\/wordpress\/segunda\/ca\/xest-acull-el-i-festival-de-llengues-del-mon\/\" title=\"Xest acull el I Festival de Lleng\u00fces del M\u00f3n\">[+] <\/a><\/div>\n","protected":false},"author":1,"featured_media":75244,"comment_status":"open","ping_status":"open","sticky":false,"template":"","format":"standard","meta":{"footnotes":""},"categories":[10898,10894,10904,10912,10896,10974],"tags":[11108,11109],"class_list":{"0":"post-75246","1":"post","2":"type-post","3":"status-publish","4":"format-standard","5":"has-post-thumbnail","7":"category-ventana-ca","8":"category-la-comarca-ca","9":"category-sin-categorizar-ca","10":"category-la-hoya-ca","11":"category-seccion-ca","12":"category-cheste-ca","13":"tag-la-foia-de-bunyol-xiva","14":"tag-xest"},"_links":{"self":[{"href":"https:\/\/www.tucomarca.com\/wordpress\/segunda\/ca\/wp-json\/wp\/v2\/posts\/75246","targetHints":{"allow":["GET"]}}],"collection":[{"href":"https:\/\/www.tucomarca.com\/wordpress\/segunda\/ca\/wp-json\/wp\/v2\/posts"}],"about":[{"href":"https:\/\/www.tucomarca.com\/wordpress\/segunda\/ca\/wp-json\/wp\/v2\/types\/post"}],"author":[{"embeddable":true,"href":"https:\/\/www.tucomarca.com\/wordpress\/segunda\/ca\/wp-json\/wp\/v2\/users\/1"}],"replies":[{"embeddable":true,"href":"https:\/\/www.tucomarca.com\/wordpress\/segunda\/ca\/wp-json\/wp\/v2\/comments?post=75246"}],"version-history":[{"count":0,"href":"https:\/\/www.tucomarca.com\/wordpress\/segunda\/ca\/wp-json\/wp\/v2\/posts\/75246\/revisions"}],"wp:featuredmedia":[{"embeddable":true,"href":"https:\/\/www.tucomarca.com\/wordpress\/segunda\/ca\/wp-json\/wp\/v2\/media\/75244"}],"wp:attachment":[{"href":"https:\/\/www.tucomarca.com\/wordpress\/segunda\/ca\/wp-json\/wp\/v2\/media?parent=75246"}],"wp:term":[{"taxonomy":"category","embeddable":true,"href":"https:\/\/www.tucomarca.com\/wordpress\/segunda\/ca\/wp-json\/wp\/v2\/categories?post=75246"},{"taxonomy":"post_tag","embeddable":true,"href":"https:\/\/www.tucomarca.com\/wordpress\/segunda\/ca\/wp-json\/wp\/v2\/tags?post=75246"}],"curies":[{"name":"wp","href":"https:\/\/api.w.org\/{rel}","templated":true}]}}