{"id":75297,"date":"2018-09-30T22:03:41","date_gmt":"2018-09-30T20:03:41","guid":{"rendered":"http:\/\/www.tucomarca.com\/wordpress\/segunda\/?p=75297"},"modified":"2018-09-30T22:03:41","modified_gmt":"2018-09-30T20:03:41","slug":"segona-regional-el-xiva-venc-per-la-minima-al-torrefiel-2-1-mentres-macastre-i-godelleta-cauen-per-golejada-enfront-de-lalaquas-i-al-riba-roja","status":"publish","type":"post","link":"https:\/\/www.tucomarca.com\/wordpress\/segunda\/ca\/segona-regional-el-xiva-venc-per-la-minima-al-torrefiel-2-1-mentres-macastre-i-godelleta-cauen-per-golejada-enfront-de-lalaquas-i-al-riba-roja\/","title":{"rendered":"Segona Regional: El Xiva ven\u00e7 per la m\u00ednima al Torrefiel (2-1) mentres Macastre i Godelleta cauen per golejada enfront de l&#8217;Alaqu\u00e0s i al Riba-roja"},"content":{"rendered":"<figure id=\"attachment_75291\" aria-describedby=\"caption-attachment-75291\" style=\"width: 337px\" class=\"wp-caption alignleft\"><img loading=\"lazy\" decoding=\"async\" class=\" wp-image-75291\" src=\"http:\/\/www.tucomarca.com\/wordpress\/segunda\/wp-content\/uploads\/2018\/09\/chivacf01.jpg\" alt=\"El Chiva ha obtenido una victoria. Foto: Ra\u00fal Miralles.\" width=\"337\" height=\"225\" srcset=\"https:\/\/www.tucomarca.com\/wordpress\/segunda\/wp-content\/uploads\/2018\/09\/chivacf01.jpg 787w, https:\/\/www.tucomarca.com\/wordpress\/segunda\/wp-content\/uploads\/2018\/09\/chivacf01-300x200.jpg 300w, https:\/\/www.tucomarca.com\/wordpress\/segunda\/wp-content\/uploads\/2018\/09\/chivacf01-768x512.jpg 768w\" sizes=\"auto, (max-width: 337px) 100vw, 337px\" \/><figcaption id=\"caption-attachment-75291\" class=\"wp-caption-text\">El Chiva ha obtenido una victoria. Foto: Ra\u00fal Miralles.<\/figcaption><\/figure>\n<p>Partit molt complicat per al Chiva CF davant un rival d&#8217;entitat, el Torrefiel que tamb\u00e9 havia guanyat els dos primers enfrontaments i anava amb confian\u00e7a. La primera meitat van aconseguir els chivanos un bon joc que els va permetre posar-se per davant des d&#8217;hora, al minut 4 i gr\u00e0cies a Rafa Molina. El primer temps prometia per a l&#8217;afici\u00f3 chivano, per aix\u00f2 es va anar guisant el que succeiria en el 36, just 10 minuts m\u00e9s tard de l&#8217;expulsi\u00f3 directa de David Tenorio. Aprofitant la condici\u00f3 de superioritat num\u00e8rica, Albert Medina vol fer el 2-0 fins al descans.<\/p>\n<p>A la represa, als de l&#8217;Hoya els van intentar treure del partit amb m\u00e9s joc brut i &#8220;murrieria&#8221; per\u00f2 sense aconseguir retallar dist\u00e0ncies fins al 66, que Jorge va aconseguir batre el porter local. A partir d&#8217;aqu\u00ed la din\u00e0mica va variar una mica i van fer patir en els \u00faltims minuts, per\u00f2 al final els de Germ\u00e1n van aconseguir fer-se amb els 3 punts amb m\u00e8rits propis. Els yatoveros es classifiquen segons amb 9 punts sent col\u00edders.<\/p>\n<p><strong>Alaquas 3-0 Macastre<\/strong><\/p>\n<p>L&#8217;Atl\u00e8tic de Macastre ha caigut a Alaquas amb un jugador menys. El partit podria haver sortit millor per als macastreros, va estar molt igualat al primer temps, per aix\u00f2 van anar al descans amb el 0-0 inicial per\u00f2 l&#8217;agitaci\u00f3 es produiria en el segon acte, les ocasions dels locals van arribar quan els de La Foia van baixar el seu ritme per cansament, a causa de la intensitat. Els locals que fins llavors tampoc havien fet massa pel partit es van dur excessiu premi quan en la vora de l&#8217;\u00e0rea, d&#8217;una falta que segons el m\u00edster Manolo &#8220;no era&#8221;, arribava el 1-0 de peus de Cristian Sanz.<\/p>\n<p>Arran d&#8217;aix\u00f2, els macastreros es van anar a l&#8217;atac, apostant el tot pel tot i les ocasions van arribar, per\u00f2 sense poder finiquitarlas. Despr\u00e9s, despr\u00e9s cacumular cansament i veure per darrere al marcador, van aprofitar els locals el an\u00edmic dels de blaugroguets per en els \u00faltims 3 minuts poder fer 2 gols m\u00e9s, pr\u00e0cticament seguits i aix\u00ed tancar el partit, encara que en l&#8217;\u00faltim sospir Einar va ser expulsat per als locals amb vermella directa. Macastre es classifica cuer sense haver pogut encara sumar.<\/p>\n<p><strong>Godelleta 0-6 Riba-roja<\/strong><\/p>\n<p>Quatre gols a la primera meitat i doscasi al final liquiden a la UD Godelleta a casa. Es classifiquen aix\u00ed 11\u00e8 amb 3 punts a l&#8217;espera de la resta de jornada. Informa, <strong>Ra\u00fal Miralles Lacalle<\/strong> @raulmks<\/p>\n","protected":false},"excerpt":{"rendered":"<div class=\"mh-excerpt\">Partit molt complicat per al Chiva CF davant un rival d&#8217;entitat, el Torrefiel que tamb\u00e9 havia guanyat els dos primers enfrontaments i anava amb confian\u00e7a. La primera meitat van aconseguir els chivanos un bon joc <a class=\"mh-excerpt-more\" href=\"https:\/\/www.tucomarca.com\/wordpress\/segunda\/ca\/segona-regional-el-xiva-venc-per-la-minima-al-torrefiel-2-1-mentres-macastre-i-godelleta-cauen-per-golejada-enfront-de-lalaquas-i-al-riba-roja\/\" title=\"Segona Regional: El Xiva ven\u00e7 per la m\u00ednima al Torrefiel (2-1) mentres Macastre i Godelleta cauen per golejada enfront de l&#8217;Alaqu\u00e0s i al Riba-roja\">[+] <\/a><\/div>\n","protected":false},"author":1,"featured_media":75292,"comment_status":"open","ping_status":"open","sticky":false,"template":"","format":"standard","meta":{"footnotes":""},"categories":[10892,11015,11003,10898,10977,10912,10978,10906,10896,10975],"tags":[10899,11074,10914],"class_list":{"0":"post-75297","1":"post","2":"type-post","3":"status-publish","4":"format-standard","5":"has-post-thumbnail","7":"category-camp-de-turia-ca","8":"category-canal-futbol","9":"category-sports","10":"category-ventana-ca","11":"category-godelleta-ca","12":"category-la-hoya-ca","13":"category-macastre-ca","14":"category-riba-roja-ca","15":"category-seccion-ca","16":"category-chiva-ca","17":"tag-camp-de-turia-ca","18":"tag-deportes-ca","19":"tag-la-hoya-de-bunol-chiva-ca"},"_links":{"self":[{"href":"https:\/\/www.tucomarca.com\/wordpress\/segunda\/ca\/wp-json\/wp\/v2\/posts\/75297","targetHints":{"allow":["GET"]}}],"collection":[{"href":"https:\/\/www.tucomarca.com\/wordpress\/segunda\/ca\/wp-json\/wp\/v2\/posts"}],"about":[{"href":"https:\/\/www.tucomarca.com\/wordpress\/segunda\/ca\/wp-json\/wp\/v2\/types\/post"}],"author":[{"embeddable":true,"href":"https:\/\/www.tucomarca.com\/wordpress\/segunda\/ca\/wp-json\/wp\/v2\/users\/1"}],"replies":[{"embeddable":true,"href":"https:\/\/www.tucomarca.com\/wordpress\/segunda\/ca\/wp-json\/wp\/v2\/comments?post=75297"}],"version-history":[{"count":0,"href":"https:\/\/www.tucomarca.com\/wordpress\/segunda\/ca\/wp-json\/wp\/v2\/posts\/75297\/revisions"}],"wp:featuredmedia":[{"embeddable":true,"href":"https:\/\/www.tucomarca.com\/wordpress\/segunda\/ca\/wp-json\/wp\/v2\/media\/75292"}],"wp:attachment":[{"href":"https:\/\/www.tucomarca.com\/wordpress\/segunda\/ca\/wp-json\/wp\/v2\/media?parent=75297"}],"wp:term":[{"taxonomy":"category","embeddable":true,"href":"https:\/\/www.tucomarca.com\/wordpress\/segunda\/ca\/wp-json\/wp\/v2\/categories?post=75297"},{"taxonomy":"post_tag","embeddable":true,"href":"https:\/\/www.tucomarca.com\/wordpress\/segunda\/ca\/wp-json\/wp\/v2\/tags?post=75297"}],"curies":[{"name":"wp","href":"https:\/\/api.w.org\/{rel}","templated":true}]}}