{"id":75305,"date":"2018-09-30T22:14:10","date_gmt":"2018-09-30T20:14:10","guid":{"rendered":"http:\/\/www.tucomarca.com\/wordpress\/segunda\/?p=75305"},"modified":"2018-09-30T22:14:10","modified_gmt":"2018-09-30T20:14:10","slug":"el-cd-bunyol-supera-el-quart-per-la-minima-en-un-partit-corretjos-1-0","status":"publish","type":"post","link":"https:\/\/www.tucomarca.com\/wordpress\/segunda\/ca\/el-cd-bunyol-supera-el-quart-per-la-minima-en-un-partit-corretjos-1-0\/","title":{"rendered":"El CD Bunyol supera el Quart per la m\u00ednima en un partit corretj\u00f3s (1-0)"},"content":{"rendered":"<div dir=\"auto\">\n<figure id=\"attachment_75302\" aria-describedby=\"caption-attachment-75302\" style=\"width: 352px\" class=\"wp-caption alignleft\"><img loading=\"lazy\" decoding=\"async\" class=\" wp-image-75302\" src=\"http:\/\/www.tucomarca.com\/wordpress\/segunda\/wp-content\/uploads\/2018\/09\/bunyolcd02.jpg\" alt=\"El CD Bu\u00f1ol ha sumado una nueva victoria en casa. Foto: Ra\u00fal Miralles.\" width=\"352\" height=\"235\" srcset=\"https:\/\/www.tucomarca.com\/wordpress\/segunda\/wp-content\/uploads\/2018\/09\/bunyolcd02.jpg 787w, https:\/\/www.tucomarca.com\/wordpress\/segunda\/wp-content\/uploads\/2018\/09\/bunyolcd02-300x200.jpg 300w, https:\/\/www.tucomarca.com\/wordpress\/segunda\/wp-content\/uploads\/2018\/09\/bunyolcd02-768x512.jpg 768w\" sizes=\"auto, (max-width: 352px) 100vw, 352px\" \/><figcaption id=\"caption-attachment-75302\" class=\"wp-caption-text\">El CD Bunyol ha sumat una nova vict\u00f2ria a casa. Foto: Ra\u00fal Miralles.<\/figcaption><\/figure>\n<p>Els d&#8217;\u00c1lvaro han tornat a guanyar, ho han fet amb la seva gent, al Beltr\u00e1n B\u00e1guena, a m\u00e9s des de l&#8217;inici es van posar per davant i amb prou feines els van deixar probabilitat de fer-los la igualada.<\/p>\n<p>Al 27 es van posar per davant gr\u00e0cies al gol de David S\u00e1ez, b\u00e9 per als interessos d&#8217;\u00c1lvaro Ort\u00ed, i ja no van deixar de creure en la vict\u00f2ria.<\/p>\n<p>El que no sabien \u00e9s que conforme passaven els minuts s&#8217;aproparia el moment m\u00e9s amarg del partit, i que traient-li el costat positiu, es produeix en l&#8217;\u00faltim sospir del partit, despr\u00e9s de tot un partit ben plantejat; s&#8217;aniria amb doble groga al vestuari Juan Valero, per posar-se en igualtat num\u00e8rica despr\u00e9s de l&#8217;expulsi\u00f3 d&#8217;Alejandro Mart\u00ednez pocs minuts abans.<\/p>\n<p>El partit acaba amb vict\u00f2ria per la m\u00ednima dels blancs, que es col\u00b7loquen vuitens amb 8 punts. Informa, <strong>Ra\u00fal Miralles Lacalle<\/strong> @raulmks<\/p>\n<\/div>\n","protected":false},"excerpt":{"rendered":"<div class=\"mh-excerpt\">Els d&#8217;\u00c1lvaro han tornat a guanyar, ho han fet amb la seva gent, al Beltr\u00e1n B\u00e1guena, a m\u00e9s des de l&#8217;inici es van posar per davant i amb prou feines els van deixar probabilitat de <a class=\"mh-excerpt-more\" href=\"https:\/\/www.tucomarca.com\/wordpress\/segunda\/ca\/el-cd-bunyol-supera-el-quart-per-la-minima-en-un-partit-corretjos-1-0\/\" title=\"El CD Bunyol supera el Quart per la m\u00ednima en un partit corretj\u00f3s (1-0)\">[+] <\/a><\/div>\n","protected":false},"author":1,"featured_media":75303,"comment_status":"open","ping_status":"open","sticky":false,"template":"","format":"standard","meta":{"footnotes":""},"categories":[10911,11015,11003,10898,10912,10896],"tags":[11074,11075,11108,10914],"class_list":{"0":"post-75305","1":"post","2":"type-post","3":"status-publish","4":"format-standard","5":"has-post-thumbnail","7":"category-bunol-ca","8":"category-canal-futbol","9":"category-sports","10":"category-ventana-ca","11":"category-la-hoya-ca","12":"category-seccion-ca","13":"tag-deportes-ca","14":"tag-futbol-ca","15":"tag-la-foia-de-bunyol-xiva","16":"tag-la-hoya-de-bunol-chiva-ca"},"_links":{"self":[{"href":"https:\/\/www.tucomarca.com\/wordpress\/segunda\/ca\/wp-json\/wp\/v2\/posts\/75305","targetHints":{"allow":["GET"]}}],"collection":[{"href":"https:\/\/www.tucomarca.com\/wordpress\/segunda\/ca\/wp-json\/wp\/v2\/posts"}],"about":[{"href":"https:\/\/www.tucomarca.com\/wordpress\/segunda\/ca\/wp-json\/wp\/v2\/types\/post"}],"author":[{"embeddable":true,"href":"https:\/\/www.tucomarca.com\/wordpress\/segunda\/ca\/wp-json\/wp\/v2\/users\/1"}],"replies":[{"embeddable":true,"href":"https:\/\/www.tucomarca.com\/wordpress\/segunda\/ca\/wp-json\/wp\/v2\/comments?post=75305"}],"version-history":[{"count":0,"href":"https:\/\/www.tucomarca.com\/wordpress\/segunda\/ca\/wp-json\/wp\/v2\/posts\/75305\/revisions"}],"wp:featuredmedia":[{"embeddable":true,"href":"https:\/\/www.tucomarca.com\/wordpress\/segunda\/ca\/wp-json\/wp\/v2\/media\/75303"}],"wp:attachment":[{"href":"https:\/\/www.tucomarca.com\/wordpress\/segunda\/ca\/wp-json\/wp\/v2\/media?parent=75305"}],"wp:term":[{"taxonomy":"category","embeddable":true,"href":"https:\/\/www.tucomarca.com\/wordpress\/segunda\/ca\/wp-json\/wp\/v2\/categories?post=75305"},{"taxonomy":"post_tag","embeddable":true,"href":"https:\/\/www.tucomarca.com\/wordpress\/segunda\/ca\/wp-json\/wp\/v2\/tags?post=75305"}],"curies":[{"name":"wp","href":"https:\/\/api.w.org\/{rel}","templated":true}]}}