{"id":75325,"date":"2018-10-02T11:14:53","date_gmt":"2018-10-02T09:14:53","guid":{"rendered":"http:\/\/www.tucomarca.com\/wordpress\/segunda\/?p=75325"},"modified":"2018-10-02T11:25:25","modified_gmt":"2018-10-02T09:25:25","slug":"la-fira-valenciana-del-moscatell-fivamos-tanca-amb-exit-de-public-i-participants-la-seua-primera-edicio-a-godelleta","status":"publish","type":"post","link":"https:\/\/www.tucomarca.com\/wordpress\/segunda\/ca\/la-fira-valenciana-del-moscatell-fivamos-tanca-amb-exit-de-public-i-participants-la-seua-primera-edicio-a-godelleta\/","title":{"rendered":"La Fira Valenciana del Moscatell, Fivamos, tanca amb \u00e8xit de p\u00fablic i participants la seua primera edici\u00f3 a Godelleta"},"content":{"rendered":"<figure id=\"attachment_75322\" aria-describedby=\"caption-attachment-75322\" style=\"width: 426px\" class=\"wp-caption alignleft\"><img loading=\"lazy\" decoding=\"async\" class=\" wp-image-75322\" src=\"http:\/\/www.tucomarca.com\/wordpress\/segunda\/wp-content\/uploads\/2018\/10\/FIVAMOS.jpg\" alt=\"Francisco Rodr\u00edguez Mulero, Secretario Auton\u00f3mico de Agricultura, Pablo Rodr\u00edguez, alcalde de Godelleta, Cosme Guti\u00e9rrez, Presidente CRDO Vinos Valencia, Mercedes Caballero, diputada en las Cortes Valencianas, Francisco Cervera, Presidente Cooperativa Vin\u00edcola Godelleta y Jos\u00e9 Morell , Alcalde de Cheste, durante la inauguraci\u00f3n de la feria.\" width=\"426\" height=\"284\" srcset=\"https:\/\/www.tucomarca.com\/wordpress\/segunda\/wp-content\/uploads\/2018\/10\/FIVAMOS.jpg 787w, https:\/\/www.tucomarca.com\/wordpress\/segunda\/wp-content\/uploads\/2018\/10\/FIVAMOS-300x200.jpg 300w, https:\/\/www.tucomarca.com\/wordpress\/segunda\/wp-content\/uploads\/2018\/10\/FIVAMOS-768x512.jpg 768w\" sizes=\"auto, (max-width: 426px) 100vw, 426px\" \/><figcaption id=\"caption-attachment-75322\" class=\"wp-caption-text\">Francisco Rodr\u00edguez Mulero, secretari auton\u00f2mic d&#8217;Agricultura, Pablo Rodr\u00edguez, alcalde de Godelleta, Cosme Guti\u00e9rrez, President CRDO Vins Val\u00e8ncia, Mercedes Caballero, diputada a les Corts Valencianes, Francisco Cervera, President Cooperativa Vin\u00edcola Godelleta i Jos\u00e9 Morell, alcalde de Xest, durant la inauguraci\u00f3 de la fira.<\/figcaption><\/figure>\n<p>La localitat de Godelleta ha acollit el passat cap de setmana la Fira del moscatell, Fivamos, una trobada dedicada a la promoci\u00f3 del ra\u00efm moscatell, amb gran aflu\u00e8ncia de p\u00fablic i amb m\u00e9s de 30 expositors en un esdeveniment que es consolida com a principal activitat del circuit del moscatell, idea que va sorgir dels municipis de Xest, Xiva i Godelleta.<\/p>\n<p>La campanya &#8216;Moscatell Tour&#8217; acostar m\u00e9s de 25 autobusos d&#8217;associacions de la prov\u00edncia de Val\u00e8ncia a gaudir de les activitats programades, aix\u00ed com de visites guiades a les instal\u00b7lacions de la Cooperativa Vin\u00edcola de Godelleta.<\/p>\n<p>El sommelier Rafael P\u00e9rez Banacloy i l&#8217;en\u00f2leg Chema De la Quadra van impartir al Sal\u00f3 del Vi, espai reservat als cellers, tasts de vi i pon\u00e8ncies als assistents, amb la varietat Moscatell com a protagonista.<\/p>\n<p>A falta de reunir-se el comit\u00e8 organitzador, s&#8217;estima que m\u00e9s de 5.000 persones van passar pel recinte des de l&#8217;acte inaugural de divendres fins diumenge.<\/p>\n<p>&nbsp;<\/p>\n","protected":false},"excerpt":{"rendered":"<div class=\"mh-excerpt\">La localitat de Godelleta ha acollit el passat cap de setmana la Fira del moscatell, Fivamos, una trobada dedicada a la promoci\u00f3 del ra\u00efm moscatell, amb gran aflu\u00e8ncia de p\u00fablic i amb m\u00e9s de 30 <a class=\"mh-excerpt-more\" href=\"https:\/\/www.tucomarca.com\/wordpress\/segunda\/ca\/la-fira-valenciana-del-moscatell-fivamos-tanca-amb-exit-de-public-i-participants-la-seua-primera-edicio-a-godelleta\/\" title=\"La Fira Valenciana del Moscatell, Fivamos, tanca amb \u00e8xit de p\u00fablic i participants la seua primera edici\u00f3 a Godelleta\">[+] <\/a><\/div>\n","protected":false},"author":1,"featured_media":75323,"comment_status":"open","ping_status":"open","sticky":false,"template":"","format":"standard","meta":{"footnotes":""},"categories":[10905,11006,10898,10977,10948,10894,10904,10912,11004,10903,11007,11008,10895,10896,10974,10975],"tags":[11071,11087,11108,10914,11109,11129],"class_list":{"0":"post-75325","1":"post","2":"type-post","3":"status-publish","4":"format-standard","5":"has-post-thumbnail","7":"category-agricultura-la-comarca-ca","8":"category-canal-vinos","9":"category-ventana-ca","10":"category-godelleta-ca","11":"category-infraestructuras-ca","12":"category-la-comarca-ca","13":"category-sin-categorizar-ca","14":"category-la-hoya-ca","15":"category-la-semana-en-imagenes-ca","16":"category-medio-ambiente-la-comarca-ca","17":"category-ocio-y-cultura-ca","18":"category-pueblos-en-fiestas-ca","19":"category-premsavalenciana-ca","20":"category-seccion-ca","21":"category-cheste-ca","22":"category-chiva-ca","23":"tag-cheste","24":"tag-godelleta-ca","25":"tag-la-foia-de-bunyol-xiva","26":"tag-la-hoya-de-bunol-chiva-ca","27":"tag-xest","28":"tag-xiva"},"_links":{"self":[{"href":"https:\/\/www.tucomarca.com\/wordpress\/segunda\/ca\/wp-json\/wp\/v2\/posts\/75325","targetHints":{"allow":["GET"]}}],"collection":[{"href":"https:\/\/www.tucomarca.com\/wordpress\/segunda\/ca\/wp-json\/wp\/v2\/posts"}],"about":[{"href":"https:\/\/www.tucomarca.com\/wordpress\/segunda\/ca\/wp-json\/wp\/v2\/types\/post"}],"author":[{"embeddable":true,"href":"https:\/\/www.tucomarca.com\/wordpress\/segunda\/ca\/wp-json\/wp\/v2\/users\/1"}],"replies":[{"embeddable":true,"href":"https:\/\/www.tucomarca.com\/wordpress\/segunda\/ca\/wp-json\/wp\/v2\/comments?post=75325"}],"version-history":[{"count":0,"href":"https:\/\/www.tucomarca.com\/wordpress\/segunda\/ca\/wp-json\/wp\/v2\/posts\/75325\/revisions"}],"wp:featuredmedia":[{"embeddable":true,"href":"https:\/\/www.tucomarca.com\/wordpress\/segunda\/ca\/wp-json\/wp\/v2\/media\/75323"}],"wp:attachment":[{"href":"https:\/\/www.tucomarca.com\/wordpress\/segunda\/ca\/wp-json\/wp\/v2\/media?parent=75325"}],"wp:term":[{"taxonomy":"category","embeddable":true,"href":"https:\/\/www.tucomarca.com\/wordpress\/segunda\/ca\/wp-json\/wp\/v2\/categories?post=75325"},{"taxonomy":"post_tag","embeddable":true,"href":"https:\/\/www.tucomarca.com\/wordpress\/segunda\/ca\/wp-json\/wp\/v2\/tags?post=75325"}],"curies":[{"name":"wp","href":"https:\/\/api.w.org\/{rel}","templated":true}]}}