{"id":75343,"date":"2018-10-02T12:15:13","date_gmt":"2018-10-02T10:15:13","guid":{"rendered":"http:\/\/www.tucomarca.com\/wordpress\/segunda\/?p=75343"},"modified":"2018-10-02T12:23:09","modified_gmt":"2018-10-02T10:23:09","slug":"la-banda-de-la-union-musical-santa-cecilia-de-villar-ofrecera-un-concierto-en-portugal-el-proximo-7-de-octubre","status":"publish","type":"post","link":"https:\/\/www.tucomarca.com\/wordpress\/segunda\/ca\/la-banda-de-la-union-musical-santa-cecilia-de-villar-ofrecera-un-concierto-en-portugal-el-proximo-7-de-octubre\/","title":{"rendered":"La banda de la Uni\u00f3 Musical Santa Cecilia de Villar oferir\u00e0 un concert a Portugal el proper 7 d&#8217;octubre"},"content":{"rendered":"<figure id=\"attachment_75340\" aria-describedby=\"caption-attachment-75340\" style=\"width: 499px\" class=\"wp-caption alignleft\"><img loading=\"lazy\" decoding=\"async\" class=\" wp-image-75340\" src=\"http:\/\/www.tucomarca.com\/wordpress\/segunda\/wp-content\/uploads\/2018\/10\/UMSCVillar.jpg\" alt=\"Bajo la direcci\u00f3n de su titular, Luis Serrano Alarc\u00f3n, interpretar\u00e1 obras de Ruperto Chap\u00ed, Miguel Asins Arb\u00f3 y Adam Gorb, as\u00ed como del propio director.\" width=\"499\" height=\"374\" srcset=\"https:\/\/www.tucomarca.com\/wordpress\/segunda\/wp-content\/uploads\/2018\/10\/UMSCVillar.jpg 1600w, https:\/\/www.tucomarca.com\/wordpress\/segunda\/wp-content\/uploads\/2018\/10\/UMSCVillar-300x225.jpg 300w, https:\/\/www.tucomarca.com\/wordpress\/segunda\/wp-content\/uploads\/2018\/10\/UMSCVillar-768x576.jpg 768w, https:\/\/www.tucomarca.com\/wordpress\/segunda\/wp-content\/uploads\/2018\/10\/UMSCVillar-1024x768.jpg 1024w\" sizes=\"auto, (max-width: 499px) 100vw, 499px\" \/><figcaption id=\"caption-attachment-75340\" class=\"wp-caption-text\">Sota la direcci\u00f3 del seu titular, Luis Serrano Alarc\u00f3n, interpretar\u00e0 obres de Ruperto Chap\u00ed, Miguel Asins Arb\u00f3 i Adam Gorb, aix\u00ed com del propi director..<\/figcaption><\/figure>\n<p>La Uni\u00f3 Musical Santa Cec\u00edlia (UMSC) de Villar de l&#8217;Arquebisbe viatja el proper cap de setmana a Portugal per oferir un concert el diumenge 7 d&#8217;octubre a les 6 de la tarda, a la ciutat de Branca.<\/p>\n<p>La banda valenciana compartir\u00e0 escenari amb l&#8217;Associa\u00e7\u00e3o Recreativa i Musical Amics da Branca (ARMAB), que ha convidat els m\u00fasics villarencos al seu Concert de Tardor.<\/p>\n<p>Es d\u00f3na la circumst\u00e0ncia que la ARMAB va visitar el passat mes de juliol el Villar, amb motiu de la seva participaci\u00f3 en la secci\u00f3 primera del Certamen Internacional de Bandes Ciutat de Val\u00e8ncia, en qu\u00e8 va obtenir el primer premi sota la direcci\u00f3 de Paulo Martins.<\/p>\n<p>La banda simf\u00f2nica de la UMSC dirigida per Luis Serrano Alarc\u00f3n iniciar\u00e0 la seva actuaci\u00f3 amb La Revoltosa de Ruperto Chap\u00ed per continuar amb la Suite 1936 de Miguel Asins Arb\u00f3, Yiddish Dances d&#8217;Adam Gorb i el pasdoble del propi director El torico de la corda.<\/p>\n<p>L&#8217;expedici\u00f3 villarenca est\u00e0 composta per 70 m\u00fasics i alguns acompanyants que han volgut sumar-se a aquest viatge que aprofitaran per con\u00e8ixer algunes ciutats portugueses com Porto.<\/p>\n<p>No \u00e9s la primera vegada que la UMSC visita al pa\u00eds ve\u00ed. El 1993, sent el seu titular Francisco Hern\u00e1ndez Guirado, va participar al IV Festival Ib\u00e8ric de Bandes Amadoras de Loures.<\/p>\n<p><strong>Luis Serrano Alarc\u00f3n<\/strong><\/p>\n<p>Nascut a Val\u00e8ncia el 1972, Luis Serrano Alarc\u00f3n \u00e9s un compositor i director espanyol de gran projecci\u00f3 internacional. Les seves obres s&#8217;han interpretat en m\u00e9s de 30 pa\u00efsos, ha estat convidat a dirigir la seva pr\u00f2pia m\u00fasica tant a Espanya com a It\u00e0lia, Singapur, EUA, Col\u00f2mbia i Hong-Kong i ha rebut enc\u00e0rrecs d&#8217;importants entitats i agrupacions nacionals i internacionals entre les que destaquen Institut Valenci\u00e0 de la M\u00fasica, Certamen Internacional de Bandes Vila d&#8217;Altea, Certamen Internacional de Bandes de M\u00fasica de Val\u00e8ncia, CIM la Arm\u00f3nica de Bunyol, University of Saint Thomas (Minnesota, EUA), Philharmonic Winds (Singapur) i Hong Kong Band Directors Association.<\/p>\n<p>El 2012, la Southeastern Conference Band Directors Association, formada per un consorci de 14 universitats dels EUA li encarrega la composici\u00f3 de la seva primera simfonia, estrenada a l&#8217;octubre de 2013 i el 2017 escriu la segona de les seves simfonies per enc\u00e0rrec d&#8217;University of Saint Thomas, obra que \u00e9s estrenada al maig d&#8217;aquest mateix any a Minnesota. Entre els seus pr\u00f2xims projectes destaca l&#8217;enc\u00e0rrec d&#8217;un consorci de tres universitats de nord-americanes per a la composici\u00f3 d&#8217;un nou concert per a trompeta.<\/p>\n<p>Ha obtingut en dues ocasions el primer premi del Concurs Internacional de Composici\u00f3 de M\u00fasica per a Banda de Corciano (It\u00e0lia), el 2006 amb l&#8217;obra Preludi i Dansa de l&#8217;Alba, per a quintet de metalls i banda simf\u00f2nica i en 2009 amb La Dama Sentinella. El 2010 obt\u00e9 amb aquesta mateixa obra el Premi Euterpe de la Federaci\u00f3 de Societats Musicals de la Comunitat Valenciana en la categoria de Millor Composici\u00f3 de M\u00fasica Simf\u00f2nica i el 2011 la seva obra Follet obt\u00e9 el Premi a la Millor Edici\u00f3 d&#8217;Obra Cl\u00e0ssica en els Premis de la m\u00fasica, que anualment lliura l&#8217;Acad\u00e8mia de les Arts i les Ci\u00e8ncies de la m\u00fasica i que s\u00f3n els m\u00e9s importants en el camp de la m\u00fasica a Espanya.<\/p>\n<p>Luis Serrano Alarc\u00f3n ha estat, entre 2011 i 2013, membre de WASBE Board of Directors, Junta Directiva de l&#8217;Associaci\u00f3 Mundial de Bandes de M\u00fasica i Ensembles de Vent.<\/p>\n<p>Paral\u00b7lelament desenvolupa una compromesa labor docent com Funcionari de Carrera en el Cos de Professors de M\u00fasica i Arts Esc\u00e8niques de la Comunitat Valenciana, al Conservatori Professional de M\u00fasica de Castell\u00f3.<\/p>\n<p>Des 2015, sota el segell Alarcon Music, desenvolupa el seu propi projecte editorial i, des de gener de 2017 \u00e9s director de la Banda Simf\u00f2nica de la UMSC de Villar del Arzobispo (Val\u00e8ncia).<\/p>\n","protected":false},"excerpt":{"rendered":"<div class=\"mh-excerpt\">La Uni\u00f3 Musical Santa Cec\u00edlia (UMSC) de Villar de l&#8217;Arquebisbe viatja el proper cap de setmana a Portugal per oferir un concert el diumenge 7 d&#8217;octubre a les 6 de la tarda, a la ciutat <a class=\"mh-excerpt-more\" href=\"https:\/\/www.tucomarca.com\/wordpress\/segunda\/ca\/la-banda-de-la-union-musical-santa-cecilia-de-villar-ofrecera-un-concierto-en-portugal-el-proximo-7-de-octubre\/\" title=\"La banda de la Uni\u00f3 Musical Santa Cecilia de Villar oferir\u00e0 un concert a Portugal el proper 7 d&#8217;octubre\">[+] <\/a><\/div>\n","protected":false},"author":1,"featured_media":75341,"comment_status":"open","ping_status":"open","sticky":false,"template":"","format":"standard","meta":{"footnotes":""},"categories":[11005,11046,10898,11007,10896,11029],"tags":[11080],"class_list":{"0":"post-75343","1":"post","2":"type-post","3":"status-publish","4":"format-standard","5":"has-post-thumbnail","7":"category-canal-musica","8":"category-los-serranos-ca","9":"category-ventana-ca","10":"category-ocio-y-cultura-ca","11":"category-seccion-ca","12":"category-villar-del-arzobispo-ca","13":"tag-los-serranos-ca"},"_links":{"self":[{"href":"https:\/\/www.tucomarca.com\/wordpress\/segunda\/ca\/wp-json\/wp\/v2\/posts\/75343","targetHints":{"allow":["GET"]}}],"collection":[{"href":"https:\/\/www.tucomarca.com\/wordpress\/segunda\/ca\/wp-json\/wp\/v2\/posts"}],"about":[{"href":"https:\/\/www.tucomarca.com\/wordpress\/segunda\/ca\/wp-json\/wp\/v2\/types\/post"}],"author":[{"embeddable":true,"href":"https:\/\/www.tucomarca.com\/wordpress\/segunda\/ca\/wp-json\/wp\/v2\/users\/1"}],"replies":[{"embeddable":true,"href":"https:\/\/www.tucomarca.com\/wordpress\/segunda\/ca\/wp-json\/wp\/v2\/comments?post=75343"}],"version-history":[{"count":0,"href":"https:\/\/www.tucomarca.com\/wordpress\/segunda\/ca\/wp-json\/wp\/v2\/posts\/75343\/revisions"}],"wp:featuredmedia":[{"embeddable":true,"href":"https:\/\/www.tucomarca.com\/wordpress\/segunda\/ca\/wp-json\/wp\/v2\/media\/75341"}],"wp:attachment":[{"href":"https:\/\/www.tucomarca.com\/wordpress\/segunda\/ca\/wp-json\/wp\/v2\/media?parent=75343"}],"wp:term":[{"taxonomy":"category","embeddable":true,"href":"https:\/\/www.tucomarca.com\/wordpress\/segunda\/ca\/wp-json\/wp\/v2\/categories?post=75343"},{"taxonomy":"post_tag","embeddable":true,"href":"https:\/\/www.tucomarca.com\/wordpress\/segunda\/ca\/wp-json\/wp\/v2\/tags?post=75343"}],"curies":[{"name":"wp","href":"https:\/\/api.w.org\/{rel}","templated":true}]}}