{"id":75393,"date":"2018-10-02T18:27:44","date_gmt":"2018-10-02T16:27:44","guid":{"rendered":"http:\/\/www.tucomarca.com\/wordpress\/segunda\/?p=75393"},"modified":"2018-10-02T18:27:44","modified_gmt":"2018-10-02T16:27:44","slug":"contelles-les-families-de-la-pobla-paguen-de-la-seva-butxaca-les-consequencies-de-la-mala-gestio-municipal-del-quadripartit-liderat-per-compromis","status":"publish","type":"post","link":"https:\/\/www.tucomarca.com\/wordpress\/segunda\/ca\/contelles-les-families-de-la-pobla-paguen-de-la-seva-butxaca-les-consequencies-de-la-mala-gestio-municipal-del-quadripartit-liderat-per-compromis\/","title":{"rendered":"Contelles: &#8220;Les fam\u00edlies de la Pobla paguen de la seva butxaca les conseq\u00fc\u00e8ncies de la mala gesti\u00f3 municipal del quadripartit liderat per Comprom\u00eds&#8221;"},"content":{"rendered":"<p>El Partit Popular de la Pobla de Vallbona ha denunciat l &#8216; &#8220;augment desmesurat del preu del menjador de l&#8217;escola infantil municipal&#8221;. Tal com relaten &#8220;el passat divendres 28 de setembre les fam\u00edlies de l&#8217;alumnat de l&#8217;escola infantil municipal van rebre una circular informativa on se&#8217;ls informava que el preu del menjador escolar a partir l&#8217;1 d&#8217;octubre seria de 7,05 euros, m\u00e9s d&#8217;un 20 % m\u00e9s que el curs anterior &#8220;.<\/p>\n<p>Per a la portaveu, Mari Carmen Contelles, &#8220;estem davant un nou exemple que la desorganitzaci\u00f3 i la mala gesti\u00f3 municipal del quadripartit liderat per Comprom\u00eds la paguen directament de les seves butxaques les fam\u00edlies de la Pobla. Si des del Partit Popular ens mostrem contraris a incrementar el preu de qualsevol servei p\u00fablic, m\u00e9s encara en un servei tan necessari per a les fam\u00edlies com el menjador de l&#8217;escola infantil municipal &#8220;.<\/p>\n<p>&#8220;La mateixa circular lliurada als pares justifica que l&#8217;augment del preu es deu al fet que l&#8217;Ajuntament ha estat incapa\u00e7 de licitar en temps i forma el contracte anual de menjador i una empresa ha acceptat un contracte menor de quatre mesos. La desagradable sorpresa ha estat que aquest contracte provisional comporta una forta pujada de preu que assumeixen directament les fam\u00edlies &#8220;ha descrit Contelles.<\/p>\n<p>&#8220;A m\u00e9s, el fet de notificar els canvis un divendres, per fer-los efectius dilluns, demostra l&#8217;intent d&#8217;ocultar aquesta mala not\u00edcia a les fam\u00edlies apurant el termini fins al m\u00e0xim&#8221; ha afegit la portaveu.<\/p>\n<p>Els populars han ressenyat que en l&#8217;\u00faltim ple ja van preguntar per la incid\u00e8ncia del concurs per al servei de menjador de l&#8217;escola infantil municipal Jaume I, contestant l&#8217;equip de govern que es resoldria amb un contracte menor. &#8220;El que no es va informar \u00e9s que el preu s&#8217;anava a incrementar tant i s&#8217;ha ocultat des de llavors a les fam\u00edlies&#8221;.<\/p>\n<p>La portaveu popular ha instat a l&#8217;alcalde de Comprom\u00eds, Josep Vicent Garcia, &#8220;a esmenar aquest desgreuge com a m\u00e0xim responsable municipal. Com a alcalde ha de posar ordre en una delegaci\u00f3 que acumula desprop\u00f2sit despr\u00e9s desprop\u00f2sit i que est\u00e0 causant greus perjudicis a les fam\u00edlies de la Pobla. D\u00f3na la sensaci\u00f3 que nom\u00e9s li presta atenci\u00f3 a les regidories que regenten els seus companys de partit &#8220;.<\/p>\n<p>&#8220;Un cop causat el dany a les fam\u00edlies, s&#8217;haurien d&#8217;establir mecanismes per restaurar el poder adquisitiu i sobretot assegurar que despr\u00e9s d&#8217;aquests quatre mesos, el preu del servei de menjador escolar es reduir\u00e0 l&#8217;import del curs anterior&#8221;, ha insistit Contelles.<\/p>\n<p>Des del Partit Popular recorden que en els \u00faltims mesos el consistori poblano acumula incid\u00e8ncies en serveis tan importants i sensibles per a les fam\u00edlies com la &#8220;Escola d&#8217;Estiu&#8221; o el transport escolar.<\/p>\n<p>Recentment van denunciar la desorganitzaci\u00f3 i falta de sensibilitat cap als pares i les mares, quan a l&#8217;inici d&#8217;aquest curs escolar, a escassos cinc dies d&#8217;iniciar les classes es va informar els pares d&#8217;una desena d&#8217;alumnes del municipi que malgrat que pr\u00e8viament se&#8217;ls va informar que comptaven amb pla\u00e7a de transport escolar, sense m\u00e9s explicaci\u00f3 se&#8217;ls denegava. Un error que despr\u00e9s del desassossec mostrat pels afectats va ser resolt &#8220;in extremis&#8221;.<\/p>\n<p>&#8220;Els ve\u00efns i ve\u00efnes de la Pobla de Vallbona es mereixen uns responsables pol\u00edtics que m\u00e9s enll\u00e0 de cobrar un sou siguin capa\u00e7os de gestionar correctament i no generar problemes als seus conciutadans. Lamentablement, la prioritat de Comprom\u00eds i els socis que els sostenen en l&#8217;alcaldia, \u00e9s assegurar els seus propis sous &#8220;ha concl\u00f2s Contelles.<\/p>\n","protected":false},"excerpt":{"rendered":"<div class=\"mh-excerpt\">El Partit Popular de la Pobla de Vallbona ha denunciat l &#8216; &#8220;augment desmesurat del preu del menjador de l&#8217;escola infantil municipal&#8221;. Tal com relaten &#8220;el passat divendres 28 de setembre les fam\u00edlies de l&#8217;alumnat <a class=\"mh-excerpt-more\" href=\"https:\/\/www.tucomarca.com\/wordpress\/segunda\/ca\/contelles-les-families-de-la-pobla-paguen-de-la-seva-butxaca-les-consequencies-de-la-mala-gestio-municipal-del-quadripartit-liderat-per-compromis\/\" title=\"Contelles: &#8220;Les fam\u00edlies de la Pobla paguen de la seva butxaca les conseq\u00fc\u00e8ncies de la mala gesti\u00f3 municipal del quadripartit liderat per Comprom\u00eds&#8221;\">[+] <\/a><\/div>\n","protected":false},"author":1,"featured_media":75394,"comment_status":"open","ping_status":"open","sticky":false,"template":"","format":"standard","meta":{"footnotes":""},"categories":[10892,10894,10915,10947,10896],"tags":[10899,10949],"class_list":{"0":"post-75393","1":"post","2":"type-post","3":"status-publish","4":"format-standard","5":"has-post-thumbnail","7":"category-camp-de-turia-ca","8":"category-la-comarca-ca","9":"category-la-pobla-ca","10":"category-politica","11":"category-seccion-ca","12":"tag-camp-de-turia-ca","13":"tag-la-pobla-ca"},"_links":{"self":[{"href":"https:\/\/www.tucomarca.com\/wordpress\/segunda\/ca\/wp-json\/wp\/v2\/posts\/75393","targetHints":{"allow":["GET"]}}],"collection":[{"href":"https:\/\/www.tucomarca.com\/wordpress\/segunda\/ca\/wp-json\/wp\/v2\/posts"}],"about":[{"href":"https:\/\/www.tucomarca.com\/wordpress\/segunda\/ca\/wp-json\/wp\/v2\/types\/post"}],"author":[{"embeddable":true,"href":"https:\/\/www.tucomarca.com\/wordpress\/segunda\/ca\/wp-json\/wp\/v2\/users\/1"}],"replies":[{"embeddable":true,"href":"https:\/\/www.tucomarca.com\/wordpress\/segunda\/ca\/wp-json\/wp\/v2\/comments?post=75393"}],"version-history":[{"count":0,"href":"https:\/\/www.tucomarca.com\/wordpress\/segunda\/ca\/wp-json\/wp\/v2\/posts\/75393\/revisions"}],"wp:featuredmedia":[{"embeddable":true,"href":"https:\/\/www.tucomarca.com\/wordpress\/segunda\/ca\/wp-json\/wp\/v2\/media\/75394"}],"wp:attachment":[{"href":"https:\/\/www.tucomarca.com\/wordpress\/segunda\/ca\/wp-json\/wp\/v2\/media?parent=75393"}],"wp:term":[{"taxonomy":"category","embeddable":true,"href":"https:\/\/www.tucomarca.com\/wordpress\/segunda\/ca\/wp-json\/wp\/v2\/categories?post=75393"},{"taxonomy":"post_tag","embeddable":true,"href":"https:\/\/www.tucomarca.com\/wordpress\/segunda\/ca\/wp-json\/wp\/v2\/tags?post=75393"}],"curies":[{"name":"wp","href":"https:\/\/api.w.org\/{rel}","templated":true}]}}