{"id":75400,"date":"2018-10-02T19:26:36","date_gmt":"2018-10-02T17:26:36","guid":{"rendered":"http:\/\/www.tucomarca.com\/wordpress\/segunda\/?p=75400"},"modified":"2018-10-02T19:26:36","modified_gmt":"2018-10-02T17:26:36","slug":"salvador-destaca-que-actuacions-com-la-de-la-cv-550-a-alzira-demostren-el-compromis-de-la-generalitat-de-millorar-la-seguretat-de-la-xarxa-viaria","status":"publish","type":"post","link":"https:\/\/www.tucomarca.com\/wordpress\/segunda\/ca\/salvador-destaca-que-actuacions-com-la-de-la-cv-550-a-alzira-demostren-el-compromis-de-la-generalitat-de-millorar-la-seguretat-de-la-xarxa-viaria\/","title":{"rendered":"Salvador destaca que actuacions com la de la CV-550 a Alzira demostren el comprom\u00eds de la Generalitat de millorar la seguretat de la xarxa vi\u00e0ria"},"content":{"rendered":"<figure id=\"attachment_75397\" aria-describedby=\"caption-attachment-75397\" style=\"width: 513px\" class=\"wp-caption alignleft\"><img loading=\"lazy\" decoding=\"async\" class=\" wp-image-75397\" src=\"http:\/\/www.tucomarca.com\/wordpress\/segunda\/wp-content\/uploads\/2018\/10\/RotondaAlzira.jpg\" alt=\"Visita de la consellera a las obras de mejora de la seguridad vial en la CV-550 en Alzira.\" width=\"513\" height=\"385\" srcset=\"https:\/\/www.tucomarca.com\/wordpress\/segunda\/wp-content\/uploads\/2018\/10\/RotondaAlzira.jpg 3264w, https:\/\/www.tucomarca.com\/wordpress\/segunda\/wp-content\/uploads\/2018\/10\/RotondaAlzira-300x225.jpg 300w, https:\/\/www.tucomarca.com\/wordpress\/segunda\/wp-content\/uploads\/2018\/10\/RotondaAlzira-768x576.jpg 768w, https:\/\/www.tucomarca.com\/wordpress\/segunda\/wp-content\/uploads\/2018\/10\/RotondaAlzira-1024x768.jpg 1024w\" sizes=\"auto, (max-width: 513px) 100vw, 513px\" \/><figcaption id=\"caption-attachment-75397\" class=\"wp-caption-text\">Visita de la consellera a las obras de mejora de la seguridad vial en la CV-550 en Alzira.<\/figcaption><\/figure>\n<p>La consellera d&#8217;Habitatge, Obres P\u00fabliques i Vertebraci\u00f3 del Territori, Mar\u00eda Jos\u00e9 Salvador, ha destacat en la seva visita a les obres de millora de la seguretat vial en la CV-550 a Alzira, que &#8220;la Conselleria continua treballant per una xarxa vi\u00e0ria m\u00e9s segura , on els vianants i ciclistes tamb\u00e9 tenen cabuda &#8220;.<\/p>\n<p>Acompanyada pel director general d&#8217;Obres P\u00fabliques, Transport i Mobilitat, Carles Domingo, i l&#8217;alcalde d&#8217;Alzira, Diego G\u00f3mez, la consellera ha visitat les obres de la rotonda que la conselleria est\u00e0 executant al final de la carretera CV-550, al costat de l&#8217;estaci\u00f3 de ferrocarril d&#8217;Alzira, i pr\u00e8viament al pont que creua les vies. Una actuaci\u00f3 que t\u00e9 un pressupost de 347.000 euros i que est\u00e0 prevista que s&#8217;acabi abans de finals d&#8217;any.<\/p>\n<p>Segons ha remarcat Salvador, &#8220;aquesta intervenci\u00f3 s&#8217;emmarca en el conjunt d&#8217;actuacions d&#8217;ordenaci\u00f3, racionalitzaci\u00f3 i calmat de tr\u00e0nsit que la Generalitat ha realitzat o s&#8217;estan realitzant amb l&#8217;objectiu de garantir la seguretat vi\u00e0ria a les carreteres auton\u00f2miques aix\u00ed com la seva correcta funcionalitat&#8221; .<\/p>\n<p>Al mateix temps que s&#8217;augmenta la seguretat vi\u00e0ria, la consellera ha subratllat que tamb\u00e9 s&#8217;est\u00e0 treballant amb la mateixa intensitat per &#8220;millorar els itineraris de vianants en l&#8217;entorn dels municipis, a fi de promoure la mobilitat de vianants.&#8221; En aquest sentit, Salvador ha afegit la import\u00e0ncia que autom\u00f2bils, ciclistes i vianants &#8220;gaudeixin dels mateixos nivells de seguretat vi\u00e0ria&#8221;.<\/p>\n<p>Al final de la CV-550, al terme municipal d&#8217;Alzira, hi havia una rotonda partida, que donava acc\u00e9s a la zona industrial localitzada en els voltants de l&#8217;estaci\u00f3.<\/p>\n<p>Com han explicat els t\u00e8cnics de Conselleria, aquestes rotondes constitueixen un risc potencial d&#8217;accidentalitat pel fet que el tr\u00e0nsit de la via principal no es veu obligat a disminuir la seva velocitat, mentre que el accessos des de les vies secund\u00e0ries es realitzen a velocitat nul\u00b7la, i en algunes ocasions en condicions no \u00f2ptimes visibilitat.<\/p>\n<p>Es tracta, en definitiva, de &#8220;garantir la mobilitat sostenible -ha afegit Salvador- i la seguretat vial de manera preventiva perqu\u00e8 s&#8217;ha identificat que aquest tipus de rotondes partides s\u00f3n problem\u00e0tiques a l&#8217;hora del seu funcionament. S\u00f3n punts punts perillosos on estem actuant abans que es produeixin accidents m\u00e9s greus &#8220;.<\/p>\n<p>Davant aquesta situaci\u00f3, la Conselleria est\u00e0 executant una glorieta que millori la seguretat vi\u00e0ria de l&#8217;\u00e0mbit, resolent l&#8217;acc\u00e9s al pol\u00edgon industrial adjacent en condicions adequades de seguretat.<\/p>\n<p>Un altre aspecte molt important que la Conselleria ha tingut en consideraci\u00f3 \u00e9s el tr\u00e0nsit de vianants. Aquest punt patia de manca de connexi\u00f3 de vianants en condicions adequades de seguretat i funcionalitat, i per aix\u00f2 s&#8217;ha projectat un pas de vianants al costat de la glorieta.<\/p>\n<p>Finalment, Salvador ha recordat altres actuacions del seu departament a la comarca tal com la Via Verda ja acabada en Manuel i que ha visitat tamb\u00e9 aquest mat\u00ed, aix\u00ed com altres dues actuacions a l&#8217;Alc\u00fadia, la rotonda d&#8217;Alginet, la rotonda d&#8217;Algemes\u00ed, 1 comen\u00e7ada i una altra que es comen\u00e7ar\u00e0 en breu, etc.<\/p>\n<p>&#8220;Actuacions emmarcades en els objectius prioritaris de Govern valenci\u00e0 i molt necess\u00e0ries per calmar el tr\u00e0nsit de vehicles i el benestar i seguretat de les persones que passegen a peu o en bicicleta&#8221;, ha concl\u00f2s la consellera.<\/p>\n","protected":false},"excerpt":{"rendered":"<div class=\"mh-excerpt\">La consellera d&#8217;Habitatge, Obres P\u00fabliques i Vertebraci\u00f3 del Territori, Mar\u00eda Jos\u00e9 Salvador, ha destacat en la seva visita a les obres de millora de la seguretat vial en la CV-550 a Alzira, que &#8220;la Conselleria <a class=\"mh-excerpt-more\" href=\"https:\/\/www.tucomarca.com\/wordpress\/segunda\/ca\/salvador-destaca-que-actuacions-com-la-de-la-cv-550-a-alzira-demostren-el-compromis-de-la-generalitat-de-millorar-la-seguretat-de-la-xarxa-viaria\/\" title=\"Salvador destaca que actuacions com la de la CV-550 a Alzira demostren el comprom\u00eds de la Generalitat de millorar la seguretat de la xarxa vi\u00e0ria\">[+] <\/a><\/div>\n","protected":false},"author":1,"featured_media":75397,"comment_status":"open","ping_status":"open","sticky":false,"template":"","format":"standard","meta":{"footnotes":""},"categories":[10889,11010,10898,10948,10894,10904,10902,10947,10896],"tags":[11192,11077],"class_list":{"0":"post-75400","1":"post","2":"type-post","3":"status-publish","4":"format-standard","5":"has-post-thumbnail","7":"category-alzira-cat","8":"category-canal-salud","9":"category-ventana-ca","10":"category-infraestructuras-ca","11":"category-la-comarca-ca","12":"category-sin-categorizar-ca","13":"category-la-ribera-ca","14":"category-politica","15":"category-seccion-ca","16":"tag-alzira-ca","17":"tag-la-ribera-alta-ca"},"_links":{"self":[{"href":"https:\/\/www.tucomarca.com\/wordpress\/segunda\/ca\/wp-json\/wp\/v2\/posts\/75400","targetHints":{"allow":["GET"]}}],"collection":[{"href":"https:\/\/www.tucomarca.com\/wordpress\/segunda\/ca\/wp-json\/wp\/v2\/posts"}],"about":[{"href":"https:\/\/www.tucomarca.com\/wordpress\/segunda\/ca\/wp-json\/wp\/v2\/types\/post"}],"author":[{"embeddable":true,"href":"https:\/\/www.tucomarca.com\/wordpress\/segunda\/ca\/wp-json\/wp\/v2\/users\/1"}],"replies":[{"embeddable":true,"href":"https:\/\/www.tucomarca.com\/wordpress\/segunda\/ca\/wp-json\/wp\/v2\/comments?post=75400"}],"version-history":[{"count":0,"href":"https:\/\/www.tucomarca.com\/wordpress\/segunda\/ca\/wp-json\/wp\/v2\/posts\/75400\/revisions"}],"wp:featuredmedia":[{"embeddable":true,"href":"https:\/\/www.tucomarca.com\/wordpress\/segunda\/ca\/wp-json\/wp\/v2\/media\/75397"}],"wp:attachment":[{"href":"https:\/\/www.tucomarca.com\/wordpress\/segunda\/ca\/wp-json\/wp\/v2\/media?parent=75400"}],"wp:term":[{"taxonomy":"category","embeddable":true,"href":"https:\/\/www.tucomarca.com\/wordpress\/segunda\/ca\/wp-json\/wp\/v2\/categories?post=75400"},{"taxonomy":"post_tag","embeddable":true,"href":"https:\/\/www.tucomarca.com\/wordpress\/segunda\/ca\/wp-json\/wp\/v2\/tags?post=75400"}],"curies":[{"name":"wp","href":"https:\/\/api.w.org\/{rel}","templated":true}]}}