{"id":75433,"date":"2018-10-05T11:13:17","date_gmt":"2018-10-05T09:13:17","guid":{"rendered":"http:\/\/www.tucomarca.com\/wordpress\/segunda\/?p=75433"},"modified":"2018-10-05T11:13:17","modified_gmt":"2018-10-05T09:13:17","slug":"puig-rep-als-alumnes-dels-ies-de-turis-i-bunyol-que-van-viatjar-a-mauthausen","status":"publish","type":"post","link":"https:\/\/www.tucomarca.com\/wordpress\/segunda\/ca\/puig-rep-als-alumnes-dels-ies-de-turis-i-bunyol-que-van-viatjar-a-mauthausen\/","title":{"rendered":"Puig rep als alumnes dels IES de Tur\u00eds i Bunyol que van viatjar a Mauthausen"},"content":{"rendered":"<figure id=\"attachment_75422\" aria-describedby=\"caption-attachment-75422\" style=\"width: 495px\" class=\"wp-caption alignleft\"><img loading=\"lazy\" decoding=\"async\" class=\" wp-image-75422\" src=\"http:\/\/www.tucomarca.com\/wordpress\/segunda\/wp-content\/uploads\/2018\/10\/BUNYMauthausen.jpg\" alt=\"Alumnado, profesoras del IES Hoya de Bu\u00f1ol y alcaldesas de Bu\u00f1ol y Macastre en en la recepci\u00f3n de Ximo Puig.\" width=\"495\" height=\"371\" srcset=\"https:\/\/www.tucomarca.com\/wordpress\/segunda\/wp-content\/uploads\/2018\/10\/BUNYMauthausen.jpg 3840w, https:\/\/www.tucomarca.com\/wordpress\/segunda\/wp-content\/uploads\/2018\/10\/BUNYMauthausen-300x225.jpg 300w, https:\/\/www.tucomarca.com\/wordpress\/segunda\/wp-content\/uploads\/2018\/10\/BUNYMauthausen-768x576.jpg 768w, https:\/\/www.tucomarca.com\/wordpress\/segunda\/wp-content\/uploads\/2018\/10\/BUNYMauthausen-1024x768.jpg 1024w\" sizes=\"auto, (max-width: 495px) 100vw, 495px\" \/><figcaption id=\"caption-attachment-75422\" class=\"wp-caption-text\">Alumnat, professores de l&#8217;IES Foia de Bunyol i alcaldesses de Bu\u00f1ol i Macastre en en la recepci\u00f3 de Ximo Puig.<\/figcaption><\/figure>\n<p>El president de la Generalitat, Ximo Puig, ha reivindicat la uni\u00f3 de tots i totes \u00abfrente a l&#8217;odi i la xenofobia\u00bb que recorre Europa i ha afegit que \u00abcal treballar perqu\u00e8 se s\u00e0pia el que va oc\u00f3rrer en el passat en llocs com Mauthausen-Gusen perqu\u00e8 no torne a pasar\u00bb<\/p>\n<p>Aix\u00ed s&#8217;ha manifestat el president durant la recepci\u00f3, en el Palau de la Generalitat, a l&#8217;alumnat que va viatjar al maig al camp de concentraci\u00f3 de Mauthausen-Gusen per a commemorar el 73 aniversari de l&#8217;alliberament per part de l&#8217;ex\u00e8rcit nord-americ\u00e0 en 1945.<\/p>\n<p>En la recepci\u00f3 celebrada en el sal\u00f3 de talls de la Generalitat han estat presents la regidor d&#8217;Educaci\u00f3 de Tur\u00eds, Isabel Guaita, aix\u00ed com les alcaldesses de Bunyol, Juncal Carrascosa i de Macastre, Mar\u00eda Jos\u00e9 Casero, acompanyant els alumnes dels IES de Tur\u00eds i Bunyol, participants en el viatge a Mauthausen, dins del projecte de mem\u00f2ria hist\u00f2rica i als professors que ho han coordinat.<\/p>\n<figure id=\"attachment_75419\" aria-describedby=\"caption-attachment-75419\" style=\"width: 497px\" class=\"wp-caption alignleft\"><img loading=\"lazy\" decoding=\"async\" class=\" wp-image-75419\" src=\"http:\/\/www.tucomarca.com\/wordpress\/segunda\/wp-content\/uploads\/2018\/10\/TurisMAUTHAUSEN.jpg\" alt=\"Alumnado, profesores del IES de Tur\u00eds y la concejal de Educaci\u00f3n en la recepci\u00f3n de Ximo Puig. \" width=\"497\" height=\"373\" srcset=\"https:\/\/www.tucomarca.com\/wordpress\/segunda\/wp-content\/uploads\/2018\/10\/TurisMAUTHAUSEN.jpg 4000w, https:\/\/www.tucomarca.com\/wordpress\/segunda\/wp-content\/uploads\/2018\/10\/TurisMAUTHAUSEN-300x225.jpg 300w, https:\/\/www.tucomarca.com\/wordpress\/segunda\/wp-content\/uploads\/2018\/10\/TurisMAUTHAUSEN-768x576.jpg 768w, https:\/\/www.tucomarca.com\/wordpress\/segunda\/wp-content\/uploads\/2018\/10\/TurisMAUTHAUSEN-1024x768.jpg 1024w\" sizes=\"auto, (max-width: 497px) 100vw, 497px\" \/><figcaption id=\"caption-attachment-75419\" class=\"wp-caption-text\">Alumnat, professors de l&#8217;IES de Tur\u00eds i la regidora d&#8217;Educaci\u00f3 en la recepci\u00f3 de Ximo Puig.<\/figcaption><\/figure>\n<p>\u00abTots els que vau viatjar a Mauthausen heu vist el que va ser aquella derrota moral per a l&#8217;humanidad\u00bb, ha assegurat Puig, el qual a m\u00e9s ha recordat que \u00abes molt important no oblidar el que va passar all\u00ed\u00bb<\/p>\n<p>Per aix\u00f2, el cap del Consell ha demanat que \u00abtodas les associacions i persones treballen unides per recordar el passat, perqu\u00e8 no \u00e9s nom\u00e9s una q\u00fcesti\u00f3 de les instituciones\u00bb.<\/p>\n<p>A l&#8217;acte tamb\u00e9 han assistit la consellera de Just\u00edcia, Administraci\u00f3 P\u00fablica, Reformes Democr\u00e0tiques i Llibertats P\u00fabliques, Gabriela Brau, i el conseller d&#8217;Educaci\u00f3, Investigaci\u00f3, Cultura i Esport, Vicent Marz\u00e0.<\/p>\n<p>Bravo ha anunciat que en els pressupostos de 2019 \u00abhabr\u00e1 una s\u00e8rie de subvencions per a finan\u00e7ar als instituts que tinguen inter\u00e9s a con\u00e9ixer la hist\u00f2ria de Mauthausen\u00bb; un pla que es dur\u00e0 a terme junt amb la Conselleria d&#8217;Educaci\u00f3 i que \u00abse materialitzar\u00e0 a trav\u00e9s de la Federaci\u00f3 Valenciana de Municipis i Provincias\u00bb, ha explicat la consellera.<\/p>\n<p>Per la seua banda Marz\u00e0, en la mateixa l\u00ednia que el president de Generalitat, ha demanat als alumnes i alumnes \u00abcuidar la mem\u00f2ria per a evitar que torne a passar el que va oc\u00f3rrer en Mauthausen\u00bb. El conseller ha donat les gr\u00e0cies a l&#8217;alumnat per \u00abobrir el cam\u00ed a qu\u00e8 altres instituts puguen con\u00e9ixer el que va oc\u00f3rrer en eixe camp de concentraci\u00f3n\u00bb.<\/p>\n<p>Isabel Guaita regidora d&#8217;Educaci\u00f3 del consistori turisense, ha manifestat el seu \u00aborgullo de poder estar junt amb estos alumnes i els seus professors, representant a l&#8217;IES de la localitat, en un tema tan transcendental en el que estan demostrant una gran implicaci\u00f3, no sols per a mantindre viva la mem\u00f2ria sin\u00f3 tamb\u00e9 per a intentar reparar el greuge que va suposar aquell horror amb un gran treball d&#8217;investigaci\u00f3 i estudi que ha posat en contacte a familiars de Vicent Vidrier de Tur\u00eds i Barcelona que no sabien de la seua exist\u00e8ncia mutua\u00bb<\/p>\n","protected":false},"excerpt":{"rendered":"<div class=\"mh-excerpt\">El president de la Generalitat, Ximo Puig, ha reivindicat la uni\u00f3 de tots i totes \u00abfrente a l&#8217;odi i la xenofobia\u00bb que recorre Europa i ha afegit que \u00abcal treballar perqu\u00e8 se s\u00e0pia el que <a class=\"mh-excerpt-more\" href=\"https:\/\/www.tucomarca.com\/wordpress\/segunda\/ca\/puig-rep-als-alumnes-dels-ies-de-turis-i-bunyol-que-van-viatjar-a-mauthausen\/\" title=\"Puig rep als alumnes dels IES de Tur\u00eds i Bunyol que van viatjar a Mauthausen\">[+] <\/a><\/div>\n","protected":false},"author":2,"featured_media":75423,"comment_status":"open","ping_status":"open","sticky":false,"template":"","format":"standard","meta":{"footnotes":""},"categories":[10911,10898,10894,10912,10902,10896,11047],"tags":[9906,11219,11220],"class_list":{"0":"post-75433","1":"post","2":"type-post","3":"status-publish","4":"format-standard","5":"has-post-thumbnail","7":"category-bunol-ca","8":"category-ventana-ca","9":"category-la-comarca-ca","10":"category-la-hoya-ca","11":"category-la-ribera-ca","12":"category-seccion-ca","13":"category-turis-ca","14":"tag-bunyol","15":"tag-ies-la-hoya-de-bunol-ca","16":"tag-ies-turis-ca"},"_links":{"self":[{"href":"https:\/\/www.tucomarca.com\/wordpress\/segunda\/ca\/wp-json\/wp\/v2\/posts\/75433","targetHints":{"allow":["GET"]}}],"collection":[{"href":"https:\/\/www.tucomarca.com\/wordpress\/segunda\/ca\/wp-json\/wp\/v2\/posts"}],"about":[{"href":"https:\/\/www.tucomarca.com\/wordpress\/segunda\/ca\/wp-json\/wp\/v2\/types\/post"}],"author":[{"embeddable":true,"href":"https:\/\/www.tucomarca.com\/wordpress\/segunda\/ca\/wp-json\/wp\/v2\/users\/2"}],"replies":[{"embeddable":true,"href":"https:\/\/www.tucomarca.com\/wordpress\/segunda\/ca\/wp-json\/wp\/v2\/comments?post=75433"}],"version-history":[{"count":0,"href":"https:\/\/www.tucomarca.com\/wordpress\/segunda\/ca\/wp-json\/wp\/v2\/posts\/75433\/revisions"}],"wp:featuredmedia":[{"embeddable":true,"href":"https:\/\/www.tucomarca.com\/wordpress\/segunda\/ca\/wp-json\/wp\/v2\/media\/75423"}],"wp:attachment":[{"href":"https:\/\/www.tucomarca.com\/wordpress\/segunda\/ca\/wp-json\/wp\/v2\/media?parent=75433"}],"wp:term":[{"taxonomy":"category","embeddable":true,"href":"https:\/\/www.tucomarca.com\/wordpress\/segunda\/ca\/wp-json\/wp\/v2\/categories?post=75433"},{"taxonomy":"post_tag","embeddable":true,"href":"https:\/\/www.tucomarca.com\/wordpress\/segunda\/ca\/wp-json\/wp\/v2\/tags?post=75433"}],"curies":[{"name":"wp","href":"https:\/\/api.w.org\/{rel}","templated":true}]}}