{"id":75445,"date":"2018-10-04T01:15:16","date_gmt":"2018-10-03T23:15:16","guid":{"rendered":"http:\/\/www.tucomarca.com\/wordpress\/segunda\/?p=75445"},"modified":"2018-10-04T01:15:16","modified_gmt":"2018-10-03T23:15:16","slug":"jose-antonio-murgui-presenta-les-seves-novel%c2%b7les-a-san-antonio-de-benageber","status":"publish","type":"post","link":"https:\/\/www.tucomarca.com\/wordpress\/segunda\/ca\/jose-antonio-murgui-presenta-les-seves-novel%c2%b7les-a-san-antonio-de-benageber\/","title":{"rendered":"Jos\u00e9 Antonio Murgui presenta les seves novel\u00b7les a San Antonio de Benag\u00e9ber"},"content":{"rendered":"<div dir=\"ltr\">\n<figure id=\"attachment_75442\" aria-describedby=\"caption-attachment-75442\" style=\"width: 437px\" class=\"wp-caption alignleft\"><img loading=\"lazy\" decoding=\"async\" class=\" wp-image-75442\" src=\"http:\/\/www.tucomarca.com\/wordpress\/segunda\/wp-content\/uploads\/2018\/10\/MurguiBenageber-e1538608352955.jpg\" alt=\"Presentaci\u00f3n de los libros de Murgui en San Antonio de Benag\u00e9ber.\" width=\"437\" height=\"583\" srcset=\"https:\/\/www.tucomarca.com\/wordpress\/segunda\/wp-content\/uploads\/2018\/10\/MurguiBenageber-e1538608352955.jpg 3024w, https:\/\/www.tucomarca.com\/wordpress\/segunda\/wp-content\/uploads\/2018\/10\/MurguiBenageber-e1538608352955-225x300.jpg 225w, https:\/\/www.tucomarca.com\/wordpress\/segunda\/wp-content\/uploads\/2018\/10\/MurguiBenageber-e1538608352955-768x1024.jpg 768w, https:\/\/www.tucomarca.com\/wordpress\/segunda\/wp-content\/uploads\/2018\/10\/MurguiBenageber-e1538608352955-1024x1365.jpg 1024w\" sizes=\"auto, (max-width: 437px) 100vw, 437px\" \/><figcaption id=\"caption-attachment-75442\" class=\"wp-caption-text\">Presentaci\u00f3n de los libros de Murgui en San Antonio de Benag\u00e9ber.<\/figcaption><\/figure>\n<p>Sant Antoni de Benag\u00e9ber ha acollit la presentaci\u00f3 de les dues novel\u00b7les de l&#8217;escriptor valenci\u00e0 natural de la Pobla Llarga, Jos\u00e9 Antonio Murgui.<\/p>\n<p>Un acte presentat per vicesecretari del Partit Popular al municipi, Kike Celda Gallud, i que va comptar amb l&#8217;assist\u00e8ncia de nombrosos representants pol\u00edtics de la direcci\u00f3 local del partit i de ve\u00efns de Sant Antoni i de la comarca del Camp de T\u00faria.<\/p>\n<p>Aix\u00ed mateix, el regidor de l&#8217;Ajuntament de Benaguasil Stephane Soriano qui tamb\u00e9 va assistir a l&#8217;esdeveniment i va donar suport a l&#8217;autor.<\/p>\n<p>Durant l&#8217;acte es van presentar les novel\u00b7les \u00abDual, la psicosi t\u00e9 doble direcci\u00f3\u00bb i \u00abNom\u00e9s \u00e9s la fi de la soledat\u00bb, ambdues pertanyents a una saga que s&#8217;enquadren en el g\u00e8nere de novel\u00b7la polic\u00edaca amb certs tons de novel\u00b7la negra. Per Murgui (llicenciat en Dret i expert en tributari), es tracta d &#8216; \u00abun thriller que combina el suspens amb l&#8217;acci\u00f3 policial i un toc d&#8217;immersi\u00f3 en la ment humana\u00bb.<\/p>\n<p>La primera versa sobre uns assassinats ocorreguts a Val\u00e8ncia el 2013, en plenes Falles. En el segon llibre adquireixen m\u00e9s protagonisme les trames i els personatges. L&#8217;autor va introduir un protagonista basat en el subinspector de Policia assassinat a Val\u00e8ncia el 2017, Blas G\u00f3mez, com a homenatge a la seva dedicaci\u00f3 i vida de servei.<\/p>\n<\/div>\n","protected":false},"excerpt":{"rendered":"<div class=\"mh-excerpt\">Sant Antoni de Benag\u00e9ber ha acollit la presentaci\u00f3 de les dues novel\u00b7les de l&#8217;escriptor valenci\u00e0 natural de la Pobla Llarga, Jos\u00e9 Antonio Murgui. Un acte presentat per vicesecretari del Partit Popular al municipi, Kike Celda <a class=\"mh-excerpt-more\" href=\"https:\/\/www.tucomarca.com\/wordpress\/segunda\/ca\/jose-antonio-murgui-presenta-les-seves-novel%c2%b7les-a-san-antonio-de-benageber\/\" title=\"Jos\u00e9 Antonio Murgui presenta les seves novel\u00b7les a San Antonio de Benag\u00e9ber\">[+] <\/a><\/div>\n","protected":false},"author":1,"featured_media":75442,"comment_status":"open","ping_status":"open","sticky":false,"template":"","format":"standard","meta":{"footnotes":""},"categories":[10892,10894,11007,10934,10896],"tags":[10899],"class_list":{"0":"post-75445","1":"post","2":"type-post","3":"status-publish","4":"format-standard","5":"has-post-thumbnail","7":"category-camp-de-turia-ca","8":"category-la-comarca-ca","9":"category-ocio-y-cultura-ca","10":"category-san-antonio-de-benageber-ca","11":"category-seccion-ca","12":"tag-camp-de-turia-ca"},"_links":{"self":[{"href":"https:\/\/www.tucomarca.com\/wordpress\/segunda\/ca\/wp-json\/wp\/v2\/posts\/75445","targetHints":{"allow":["GET"]}}],"collection":[{"href":"https:\/\/www.tucomarca.com\/wordpress\/segunda\/ca\/wp-json\/wp\/v2\/posts"}],"about":[{"href":"https:\/\/www.tucomarca.com\/wordpress\/segunda\/ca\/wp-json\/wp\/v2\/types\/post"}],"author":[{"embeddable":true,"href":"https:\/\/www.tucomarca.com\/wordpress\/segunda\/ca\/wp-json\/wp\/v2\/users\/1"}],"replies":[{"embeddable":true,"href":"https:\/\/www.tucomarca.com\/wordpress\/segunda\/ca\/wp-json\/wp\/v2\/comments?post=75445"}],"version-history":[{"count":0,"href":"https:\/\/www.tucomarca.com\/wordpress\/segunda\/ca\/wp-json\/wp\/v2\/posts\/75445\/revisions"}],"wp:featuredmedia":[{"embeddable":true,"href":"https:\/\/www.tucomarca.com\/wordpress\/segunda\/ca\/wp-json\/wp\/v2\/media\/75442"}],"wp:attachment":[{"href":"https:\/\/www.tucomarca.com\/wordpress\/segunda\/ca\/wp-json\/wp\/v2\/media?parent=75445"}],"wp:term":[{"taxonomy":"category","embeddable":true,"href":"https:\/\/www.tucomarca.com\/wordpress\/segunda\/ca\/wp-json\/wp\/v2\/categories?post=75445"},{"taxonomy":"post_tag","embeddable":true,"href":"https:\/\/www.tucomarca.com\/wordpress\/segunda\/ca\/wp-json\/wp\/v2\/tags?post=75445"}],"curies":[{"name":"wp","href":"https:\/\/api.w.org\/{rel}","templated":true}]}}