{"id":75461,"date":"2018-10-04T01:42:40","date_gmt":"2018-10-03T23:42:40","guid":{"rendered":"http:\/\/www.tucomarca.com\/wordpress\/segunda\/?p=75461"},"modified":"2018-10-04T01:42:40","modified_gmt":"2018-10-03T23:42:40","slug":"la-guardia-civil-dete-a-3-persones-implicades-en-mes-de-50-robatoris-en-cases-de-camp-properes-a-requena","status":"publish","type":"post","link":"https:\/\/www.tucomarca.com\/wordpress\/segunda\/ca\/la-guardia-civil-dete-a-3-persones-implicades-en-mes-de-50-robatoris-en-cases-de-camp-properes-a-requena\/","title":{"rendered":"La Gu\u00e0rdia Civil det\u00e9 a 3 persones implicades en m\u00e9s de 50 robatoris en cases de camp properes a Requena"},"content":{"rendered":"<figure id=\"attachment_75437\" aria-describedby=\"caption-attachment-75437\" style=\"width: 528px\" class=\"wp-caption alignleft\"><img loading=\"lazy\" decoding=\"async\" class=\" wp-image-75437\" src=\"http:\/\/www.tucomarca.com\/wordpress\/segunda\/wp-content\/uploads\/2018\/10\/RequenaGC.jpg\" alt=\"Los responsables de los robos comet\u00edan los hechos de madrugada, camuflando lo sustra\u00eddo en el veh\u00edculo que utilizaban o lo escond\u00edan en los caminos de tierra para al siguiente d\u00eda ir a por ellos.\" width=\"528\" height=\"396\" srcset=\"https:\/\/www.tucomarca.com\/wordpress\/segunda\/wp-content\/uploads\/2018\/10\/RequenaGC.jpg 1024w, https:\/\/www.tucomarca.com\/wordpress\/segunda\/wp-content\/uploads\/2018\/10\/RequenaGC-300x225.jpg 300w, https:\/\/www.tucomarca.com\/wordpress\/segunda\/wp-content\/uploads\/2018\/10\/RequenaGC-768x576.jpg 768w\" sizes=\"auto, (max-width: 528px) 100vw, 528px\" \/><figcaption id=\"caption-attachment-75437\" class=\"wp-caption-text\">Els responsables dels robatoris cometien els fets de matinada, camuflant el sostret en el vehicle que utilitzaven o el s&#8217;amagaven als camins de terra per al seg\u00fcent dia anar a per ells.<\/figcaption><\/figure>\n<p>La Gu\u00e0rdia Civil, dins dels serveis establerts de forma permanent en el marc del pla d&#8217;actuacions per a la prevenci\u00f3 de robatoris amb for\u00e7a en cases de camp, ha detingut tres persones per la seva implicaci\u00f3 en m\u00e9s de 50 robatoris a en cases de camp.<\/p>\n<p>La Gu\u00e0rdia Civil de Requena inici dues operacions conjuntes iniciades el passat mes de gener d&#8217;aquest any &#8220;PANIKUL&#8221; i &#8220;ONIB\u00c1S&#8221; a fi de poder identificar i detenir l&#8217;autor o autors de fets delictius ocorreguts en cases de camp de la poblaci\u00f3 de Requena.<\/p>\n<p>Fruit de les gestions realitzades pels responsables d&#8217;aquest operatiu es va aconseguir aclarir aquests fets i procedir contra els presumptes autors<\/p>\n<p>La fase d&#8217;explotaci\u00f3 d&#8217;aquestes dues operacions va culminar el passat 21 de setembre amb la detenci\u00f3 de tres persones, tres homes de nacionalitat espanyola i d&#8217;edats compreses entre els 20 i 42 anys.<\/p>\n<p>A aquestes persones se&#8217;ls atribueixen a m\u00e9s dels delictes de robatori, delictes de receptaci\u00f3 ja que molts dels objectes robats eren venuts en botigues de segona m\u00e0 i un delicte de tinen\u00e7a il\u00b7l\u00edcita d&#8217;armes que se li va localitzar a un dels detinguts.<\/p>\n<p>modus operandi<\/p>\n<p>Els robatoris eren comesos principalment a la nit, valent-se de liternas frontals o en total foscor i aprofitant el seu coneixement dels camins de terra per aix\u00f2. Estacionaven el seu vehicle als voltants per aconseguir guardar el robat o fins i tot ho ocultaven tot en laterals dels camins per al dia seg\u00fcent recollir el sostrets.<\/p>\n<p>Els agents fins al moment han aconseguit aclarir m\u00e9s de 50 robatoris ocorreguts en casetes de camp als voltants de la localitat de Requena, donada la gran alarma social entre els ve\u00efns de la localitat de Requena per la quantitat de robatoris en tan poc temps.<\/p>\n","protected":false},"excerpt":{"rendered":"<div class=\"mh-excerpt\">La Gu\u00e0rdia Civil, dins dels serveis establerts de forma permanent en el marc del pla d&#8217;actuacions per a la prevenci\u00f3 de robatoris amb for\u00e7a en cases de camp, ha detingut tres persones per la seva <a class=\"mh-excerpt-more\" href=\"https:\/\/www.tucomarca.com\/wordpress\/segunda\/ca\/la-guardia-civil-dete-a-3-persones-implicades-en-mes-de-50-robatoris-en-cases-de-camp-properes-a-requena\/\" title=\"La Gu\u00e0rdia Civil det\u00e9 a 3 persones implicades en m\u00e9s de 50 robatoris en cases de camp properes a Requena\">[+] <\/a><\/div>\n","protected":false},"author":1,"featured_media":75438,"comment_status":"open","ping_status":"open","sticky":false,"template":"","format":"standard","meta":{"footnotes":""},"categories":[10898,10894,10904,10895,10908,10909,10897],"tags":[10910],"class_list":{"0":"post-75461","1":"post","2":"type-post","3":"status-publish","4":"format-standard","5":"has-post-thumbnail","7":"category-ventana-ca","8":"category-la-comarca-ca","9":"category-sin-categorizar-ca","10":"category-premsavalenciana-ca","11":"category-requena-ca","12":"category-requena-utiel-ca","13":"category-sucesos-la-comarca-ca","14":"tag-requena-utiel-ca"},"_links":{"self":[{"href":"https:\/\/www.tucomarca.com\/wordpress\/segunda\/ca\/wp-json\/wp\/v2\/posts\/75461","targetHints":{"allow":["GET"]}}],"collection":[{"href":"https:\/\/www.tucomarca.com\/wordpress\/segunda\/ca\/wp-json\/wp\/v2\/posts"}],"about":[{"href":"https:\/\/www.tucomarca.com\/wordpress\/segunda\/ca\/wp-json\/wp\/v2\/types\/post"}],"author":[{"embeddable":true,"href":"https:\/\/www.tucomarca.com\/wordpress\/segunda\/ca\/wp-json\/wp\/v2\/users\/1"}],"replies":[{"embeddable":true,"href":"https:\/\/www.tucomarca.com\/wordpress\/segunda\/ca\/wp-json\/wp\/v2\/comments?post=75461"}],"version-history":[{"count":0,"href":"https:\/\/www.tucomarca.com\/wordpress\/segunda\/ca\/wp-json\/wp\/v2\/posts\/75461\/revisions"}],"wp:featuredmedia":[{"embeddable":true,"href":"https:\/\/www.tucomarca.com\/wordpress\/segunda\/ca\/wp-json\/wp\/v2\/media\/75438"}],"wp:attachment":[{"href":"https:\/\/www.tucomarca.com\/wordpress\/segunda\/ca\/wp-json\/wp\/v2\/media?parent=75461"}],"wp:term":[{"taxonomy":"category","embeddable":true,"href":"https:\/\/www.tucomarca.com\/wordpress\/segunda\/ca\/wp-json\/wp\/v2\/categories?post=75461"},{"taxonomy":"post_tag","embeddable":true,"href":"https:\/\/www.tucomarca.com\/wordpress\/segunda\/ca\/wp-json\/wp\/v2\/tags?post=75461"}],"curies":[{"name":"wp","href":"https:\/\/api.w.org\/{rel}","templated":true}]}}