{"id":75478,"date":"2018-10-04T11:40:29","date_gmt":"2018-10-04T09:40:29","guid":{"rendered":"http:\/\/www.tucomarca.com\/wordpress\/segunda\/?p=75478"},"modified":"2018-10-05T22:02:20","modified_gmt":"2018-10-05T20:02:20","slug":"video-reportatge-primera-fira-del-moscatell-fivamos-a-godelleta","status":"publish","type":"post","link":"https:\/\/www.tucomarca.com\/wordpress\/segunda\/ca\/video-reportatge-primera-fira-del-moscatell-fivamos-a-godelleta\/","title":{"rendered":"V\u00eddeo reportatge: Primera Fira del moscatell, Fivamos, a Godelleta"},"content":{"rendered":"<p>V\u00eddeo reportatge elaborat per tucomarca televisi\u00f3 de la primera edici\u00f3 de la Fira del moscatell, Fivamos, que ha acollit la localitat de Godelleta.<\/p>\n","protected":false},"excerpt":{"rendered":"<div class=\"mh-excerpt\">V\u00eddeo reportatge elaborat per tucomarca televisi\u00f3 de la primera edici\u00f3 de la Fira del moscatell, Fivamos, que ha acollit la localitat de Godelleta.<\/div>\n","protected":false},"author":1,"featured_media":75479,"comment_status":"open","ping_status":"open","sticky":false,"template":"","format":"standard","meta":{"footnotes":""},"categories":[10905,11006,10898,10977,10894,10904,10912,10903,11007,10895,10896,11062,10974,10975],"tags":[11071,11087,11108,10914,11109],"class_list":{"0":"post-75478","1":"post","2":"type-post","3":"status-publish","4":"format-standard","5":"has-post-thumbnail","7":"category-agricultura-la-comarca-ca","8":"category-canal-vinos","9":"category-ventana-ca","10":"category-godelleta-ca","11":"category-la-comarca-ca","12":"category-sin-categorizar-ca","13":"category-la-hoya-ca","14":"category-medio-ambiente-la-comarca-ca","15":"category-ocio-y-cultura-ca","16":"category-premsavalenciana-ca","17":"category-seccion-ca","18":"category-videos","19":"category-cheste-ca","20":"category-chiva-ca","21":"tag-cheste","22":"tag-godelleta-ca","23":"tag-la-foia-de-bunyol-xiva","24":"tag-la-hoya-de-bunol-chiva-ca","25":"tag-xest"},"_links":{"self":[{"href":"https:\/\/www.tucomarca.com\/wordpress\/segunda\/ca\/wp-json\/wp\/v2\/posts\/75478","targetHints":{"allow":["GET"]}}],"collection":[{"href":"https:\/\/www.tucomarca.com\/wordpress\/segunda\/ca\/wp-json\/wp\/v2\/posts"}],"about":[{"href":"https:\/\/www.tucomarca.com\/wordpress\/segunda\/ca\/wp-json\/wp\/v2\/types\/post"}],"author":[{"embeddable":true,"href":"https:\/\/www.tucomarca.com\/wordpress\/segunda\/ca\/wp-json\/wp\/v2\/users\/1"}],"replies":[{"embeddable":true,"href":"https:\/\/www.tucomarca.com\/wordpress\/segunda\/ca\/wp-json\/wp\/v2\/comments?post=75478"}],"version-history":[{"count":0,"href":"https:\/\/www.tucomarca.com\/wordpress\/segunda\/ca\/wp-json\/wp\/v2\/posts\/75478\/revisions"}],"wp:featuredmedia":[{"embeddable":true,"href":"https:\/\/www.tucomarca.com\/wordpress\/segunda\/ca\/wp-json\/wp\/v2\/media\/75479"}],"wp:attachment":[{"href":"https:\/\/www.tucomarca.com\/wordpress\/segunda\/ca\/wp-json\/wp\/v2\/media?parent=75478"}],"wp:term":[{"taxonomy":"category","embeddable":true,"href":"https:\/\/www.tucomarca.com\/wordpress\/segunda\/ca\/wp-json\/wp\/v2\/categories?post=75478"},{"taxonomy":"post_tag","embeddable":true,"href":"https:\/\/www.tucomarca.com\/wordpress\/segunda\/ca\/wp-json\/wp\/v2\/tags?post=75478"}],"curies":[{"name":"wp","href":"https:\/\/api.w.org\/{rel}","templated":true}]}}