{"id":75494,"date":"2018-10-05T20:41:15","date_gmt":"2018-10-05T18:41:15","guid":{"rendered":"http:\/\/www.tucomarca.com\/wordpress\/segunda\/?p=75494"},"modified":"2018-10-05T20:41:15","modified_gmt":"2018-10-05T18:41:15","slug":"el-consell-concedeix-per-el-9-doctubre-la-alta-distincio-de-la-generalitat-al-dispositiu-de-laquarius-i-carmen-alborch","status":"publish","type":"post","link":"https:\/\/www.tucomarca.com\/wordpress\/segunda\/ca\/el-consell-concedeix-per-el-9-doctubre-la-alta-distincio-de-la-generalitat-al-dispositiu-de-laquarius-i-carmen-alborch\/","title":{"rendered":"El Consell concedeix per el 9 d&#8217;octubre la Alta distinci\u00f3 de la Generalitat al dispositiu de l&#8217;Aquarius i Carmen Alborch"},"content":{"rendered":"<figure id=\"attachment_75491\" aria-describedby=\"caption-attachment-75491\" style=\"width: 407px\" class=\"wp-caption alignleft\"><img loading=\"lazy\" decoding=\"async\" class=\" wp-image-75491\" src=\"http:\/\/www.tucomarca.com\/wordpress\/segunda\/wp-content\/uploads\/2018\/10\/MonicaOltra.jpg\" alt=\"La vicepresidenta y portavoz del Consell, M\u00f3nica Oltra.\" width=\"407\" height=\"271\" srcset=\"https:\/\/www.tucomarca.com\/wordpress\/segunda\/wp-content\/uploads\/2018\/10\/MonicaOltra.jpg 1575w, https:\/\/www.tucomarca.com\/wordpress\/segunda\/wp-content\/uploads\/2018\/10\/MonicaOltra-300x200.jpg 300w, https:\/\/www.tucomarca.com\/wordpress\/segunda\/wp-content\/uploads\/2018\/10\/MonicaOltra-768x512.jpg 768w, https:\/\/www.tucomarca.com\/wordpress\/segunda\/wp-content\/uploads\/2018\/10\/MonicaOltra-1024x683.jpg 1024w\" sizes=\"auto, (max-width: 407px) 100vw, 407px\" \/><figcaption id=\"caption-attachment-75491\" class=\"wp-caption-text\">La vicepresidenta y portavoz del Consell, M\u00f3nica Oltra.<\/figcaption><\/figure>\n<p>El Consell ha concedit l&#8217;Alta distinci\u00f3 de la Generalitat dels Premis 9 d&#8217;octubre a Carmen Alborch i al dispositiu de l&#8217;Aquarius.<\/p>\n<p>La vicepresidenta i portaveu del Consell, M\u00f3nica Oltra, ha detallat, a la roda de premsa posterior a la reuni\u00f3 setmanal del Govern valenci\u00e0, les distincions i m\u00e8rits que s&#8217;atorgaran el proper 9 d&#8217;octubre en un acte institucional amb motiu del Dia de la Comunitat Valenciana.<\/p>\n<p>Oltra ha explicat que el Consell ha concedit l&#8217;Alta Distinci\u00f3 de la Generalitat al dispositiu de l&#8217;Aquarius per l&#8217;operaci\u00f3 &#8220;Esperan\u00e7a Mediterr\u00e0nia&#8221;, a trav\u00e9s de la qual &#8220;la Generaltiat, el Govern central, institucions i ONGs, coordinats per la Generalitat, van acollir a 629 persones migrants que van arribar al territori valenci\u00e0 en els vaixells Datilo, Aquarius i Orione &#8220;.<\/p>\n<p>La vicepresidenta ha recordat que &#8220;2.320 professionals, voluntaris de Creu Roja i d&#8217;altres ONGs, traductors i traductores, policies, personal sanitari, gu\u00e0rdia civil ?? van participar en aquest dispositiu que va ser reflex que el valenci\u00e0 \u00e9s un territori obert, solidari i hospitalari &#8220;.<\/p>\n<p>L&#8217;altra Alta distinci\u00f3 de la Generalitat ha recaigut en aquesta ocasi\u00f3 a Carmen Alborch per la seva traject\u00f2ria professional. Primera degana de la Facultat de Dret de la Universitat de Val\u00e8ncia, &#8220;en uns anys on no era f\u00e0cil ser una dona al capdavant de la Facultat de Dret&#8221;, va ser tamb\u00e9, segons ha explicat Oltra, la primera ministra valenciana, en aquest cas de cultura, i &#8220;moltes primeres coses&#8221;.<\/p>\n<p>La vicepresidenta ha fet \u00e8mfasi que Carmen Alborch, &#8220;escriptora d&#8217;\u00e8xit i feminista de refer\u00e8ncia&#8221;, &#8220;transitar camins que altres dones hem transitat darrere d&#8217;ella perqu\u00e8 alguna dona ens va obrir el cam\u00ed&#8221;.<\/p>\n<p><strong>Distincions i m\u00e8rits de la Generalitat<\/strong><\/p>\n<p>Aix\u00ed mateix, el Consell ha concedit la Distinci\u00f3 de la Generalitat als tennistes David Ferrer i Anabel Medina, al Jutjat Privatiu d&#8217;Aig\u00fces d&#8217;Orihuela, a les rectores Mavi Mestre i Eva Alc\u00f3n i al Val\u00e8ncia Cf.<\/p>\n<p>El M\u00e8rit Cultural ha recaigut en el Cor Sant Yago pel seu 50 aniversari; en els cantants Paco Mu\u00f1oz, Merxe Banyuls i Llu\u00eds Miquel Campos; la poeta Francisca Aguirre; la il\u00b7lustradora Paula Bonet; la historiadora Isabel Morant; la Reial Acad\u00e8mia de Belles Arts de Sant Carles per la seva 250 aniversari i el pintor Salvador Montesa.<\/p>\n<p>D&#8217;altra banda, la Generalitat ha atorgat el M\u00e8rit cient\u00edfic a la investigadora Guillermina L\u00f3pez. El M\u00e8rit empresarial i social ha recaigut en la Fundaci\u00f3 Ca\u00f1ada Blanch; en l&#8217;Associaci\u00f3 d&#8217;Empres\u00e0ries i Professionals de Val\u00e8ncia (EVAP); en l&#8217;empresari valenci\u00e0 Francisco Pons, a t\u00edtol p\u00f2stum, i en la Cooperativa El\u00e8ctrica de Vinalesa.<\/p>\n<p>El M\u00e8rit esportiu s&#8217;ha concedit al Trinquet El Zurdo; a l&#8217;esportista d&#8217;hoquei herba Lola Riera; a la pionera de la pilota femenina Emilia G\u00f3mez; al referent de la pilota valenciana Josep Sanvenancio; i al jugador de b\u00e0squet Jos\u00e9 Ignacio Rodilla.<\/p>\n<p>El M\u00e8rit per accions a favor de la igualtat i per una societat inclusiva ha recaigut en la Xarxa Europea de Lluita contra la Pobresa i l&#8217;Exclusi\u00f3 Social; la delegaci\u00f3 territorial de l&#8217;ONCE per la seva 80 aniversari i en Alexandrina d\u00f3na Fonseca Maia, referent hist\u00f2rica de la lluita feminista gitana.<\/p>\n<p>El distintiu d&#8217;ambaixadora de la Comunitat Valenciana ha estat atorgat a la il\u00b7lustradora Ana Juan. El Premi de les Lletres, de car\u00e0cter bianual, es va a lliurar al novel\u00b7lista Vicente Mu\u00f1oz Puelles i el Premi Llu\u00eds Vives a la pol\u00edtica sueca Cecilia Malmstr\u00f6m.<\/p>\n","protected":false},"excerpt":{"rendered":"<div class=\"mh-excerpt\">El Consell ha concedit l&#8217;Alta distinci\u00f3 de la Generalitat dels Premis 9 d&#8217;octubre a Carmen Alborch i al dispositiu de l&#8217;Aquarius. La vicepresidenta i portaveu del Consell, M\u00f3nica Oltra, ha detallat, a la roda de <a class=\"mh-excerpt-more\" href=\"https:\/\/www.tucomarca.com\/wordpress\/segunda\/ca\/el-consell-concedeix-per-el-9-doctubre-la-alta-distincio-de-la-generalitat-al-dispositiu-de-laquarius-i-carmen-alborch\/\" title=\"El Consell concedeix per el 9 d&#8217;octubre la Alta distinci\u00f3 de la Generalitat al dispositiu de l&#8217;Aquarius i Carmen Alborch\">[+] <\/a><\/div>\n","protected":false},"author":1,"featured_media":75492,"comment_status":"open","ping_status":"open","sticky":false,"template":"","format":"standard","meta":{"footnotes":""},"categories":[10898,10894,10904,10947,10896],"tags":[5944],"class_list":{"0":"post-75494","1":"post","2":"type-post","3":"status-publish","4":"format-standard","5":"has-post-thumbnail","7":"category-ventana-ca","8":"category-la-comarca-ca","9":"category-sin-categorizar-ca","10":"category-politica","11":"category-seccion-ca","12":"tag-9-doctubre"},"_links":{"self":[{"href":"https:\/\/www.tucomarca.com\/wordpress\/segunda\/ca\/wp-json\/wp\/v2\/posts\/75494","targetHints":{"allow":["GET"]}}],"collection":[{"href":"https:\/\/www.tucomarca.com\/wordpress\/segunda\/ca\/wp-json\/wp\/v2\/posts"}],"about":[{"href":"https:\/\/www.tucomarca.com\/wordpress\/segunda\/ca\/wp-json\/wp\/v2\/types\/post"}],"author":[{"embeddable":true,"href":"https:\/\/www.tucomarca.com\/wordpress\/segunda\/ca\/wp-json\/wp\/v2\/users\/1"}],"replies":[{"embeddable":true,"href":"https:\/\/www.tucomarca.com\/wordpress\/segunda\/ca\/wp-json\/wp\/v2\/comments?post=75494"}],"version-history":[{"count":0,"href":"https:\/\/www.tucomarca.com\/wordpress\/segunda\/ca\/wp-json\/wp\/v2\/posts\/75494\/revisions"}],"wp:featuredmedia":[{"embeddable":true,"href":"https:\/\/www.tucomarca.com\/wordpress\/segunda\/ca\/wp-json\/wp\/v2\/media\/75492"}],"wp:attachment":[{"href":"https:\/\/www.tucomarca.com\/wordpress\/segunda\/ca\/wp-json\/wp\/v2\/media?parent=75494"}],"wp:term":[{"taxonomy":"category","embeddable":true,"href":"https:\/\/www.tucomarca.com\/wordpress\/segunda\/ca\/wp-json\/wp\/v2\/categories?post=75494"},{"taxonomy":"post_tag","embeddable":true,"href":"https:\/\/www.tucomarca.com\/wordpress\/segunda\/ca\/wp-json\/wp\/v2\/tags?post=75494"}],"curies":[{"name":"wp","href":"https:\/\/api.w.org\/{rel}","templated":true}]}}