{"id":75648,"date":"2018-10-08T10:32:01","date_gmt":"2018-10-08T08:32:01","guid":{"rendered":"http:\/\/www.tucomarca.com\/wordpress\/segunda\/?p=75648"},"modified":"2018-10-08T10:32:01","modified_gmt":"2018-10-08T08:32:01","slug":"la-ud-iatova-goleja-el-joventut-manisense-5-0-el-cd-xest-guanya-per-la-minima-el-mislata-a-domicili-i-el-safranar-i-el-cd-turis-empaten-a-3-gols","status":"publish","type":"post","link":"https:\/\/www.tucomarca.com\/wordpress\/segunda\/ca\/la-ud-iatova-goleja-el-joventut-manisense-5-0-el-cd-xest-guanya-per-la-minima-el-mislata-a-domicili-i-el-safranar-i-el-cd-turis-empaten-a-3-gols\/","title":{"rendered":"La UD I\u00e0tova goleja el Joventut Manisense (5-0); el CD Xest guanya per la m\u00ednima el Mislata a domicili; i el Safranar i el CD Tur\u00eds empaten a 3 gols"},"content":{"rendered":"<div dir=\"auto\">\n<figure id=\"attachment_75631\" aria-describedby=\"caption-attachment-75631\" style=\"width: 369px\" class=\"wp-caption alignleft\"><img loading=\"lazy\" decoding=\"async\" class=\" wp-image-75631\" src=\"http:\/\/www.tucomarca.com\/wordpress\/segunda\/wp-content\/uploads\/2018\/10\/TURISCD15.jpg\" alt=\"Partido de infarto de los turisanos que les permite sumar 1 punto.\" width=\"369\" height=\"246\" srcset=\"https:\/\/www.tucomarca.com\/wordpress\/segunda\/wp-content\/uploads\/2018\/10\/TURISCD15.jpg 787w, https:\/\/www.tucomarca.com\/wordpress\/segunda\/wp-content\/uploads\/2018\/10\/TURISCD15-300x200.jpg 300w, https:\/\/www.tucomarca.com\/wordpress\/segunda\/wp-content\/uploads\/2018\/10\/TURISCD15-768x512.jpg 768w\" sizes=\"auto, (max-width: 369px) 100vw, 369px\" \/><figcaption id=\"caption-attachment-75631\" class=\"wp-caption-text\">Partido de infarto de los turisanos que les permite sumar un\u00a0punto.<\/figcaption><\/figure>\n<div dir=\"auto\">\n<p>A Primera Regional, tot just van necessitar els de Tom\u00e1s abril 10 minuts per obrir el marcador i desmantellar un joc que els anava a donar relativament &#8216;f\u00e0cil&#8217; la vict\u00f2ria, quan Guillam\u00f3n va obrir el llumin\u00f3s i va comen\u00e7ar un gran partit dels yatoveros, m\u00e9s valu\u00f3s si cap al jugar-se davant el seu p\u00fablic al Municipal de Y\u00e1tova.<\/p>\n<p>Entrant a la recta final de la primera meitat, dos gols m\u00e9s, doblet de Pedro Fern\u00e1ndez, van donar un cop d&#8217;autoritat sobre la taula ara donar pas al descans. El setge no acabaria aqu\u00ed, res m\u00e9s lluny de la realitat, als primers passos, Hector Cifre posava el 4-0.<\/p>\n<p>Despr\u00e9s dels 4, hi va haver un buit de joc en qu\u00e8 cap equip aconseguia manar. Per\u00f2 poc a poc el Y\u00e1tova va poder anar fent-se de nou amb el joc i per aix\u00f2 en el 70 &#8216;es va sentenciar encara m\u00e9s amb el cinqu\u00e8 gol per als yatoveros.<\/p>\n<p>La nota negativa de la trobada per als de la Foia seria l&#8217;expulsi\u00f3 de Carlos Ortega per doble groga (l&#8217;anterior al 46 &#8216;), per\u00f2 amb la vict\u00f2ria com a \u00fanica cosa en ment.<\/p>\n<p>Despr\u00e9s de la vict\u00f2ria, els yatoveros queden segons amb 9 punts. Informa, Ra\u00fal Miralles Lacalle @raulmks<\/p>\n<p><strong>Empat entre el CD Tur\u00eds i Zafranar<\/strong><\/p>\n<p>Partit d&#8217;infart per als turisanos que els ha perm\u00e8s sumar 1 punt. Els de vermell van saber colpejar els primers, per\u00f2 no per m\u00e9s vegades, en el minut 6 ja es van posar per davant gr\u00e0cies al bon joc ia la punteria d&#8217;Ignacio Franch, el que els va permetre evidentment tenir una visi\u00f3 del partit des de molt d&#8217;hora que es podria sumar punts aquesta jornada.<br \/>\nTots dos equips intentaven combinar, per\u00f2 rondant el descans dels locals van donar una encaixada final per intentar anar-se&#8217;n al descans amb empat al marcador. I aix\u00ed ho va voler Antonio Mazcu\u00f1\u00e1n, que al 40 &#8216;va posar l&#8217;equilibri de nou al marcador.<\/p>\n<p>El pitjor glop del partit havia de venir al poc de comen\u00e7ar la segona meitat, ja que els locals van comen\u00e7ar m\u00e9s forts i en el 49 &#8216;, Francisco Garc\u00eda comen\u00e7ava la remuntada. Gerro d&#8217;aigua freda que fins al 83 &#8216;els de Tur\u00eds no podrien arreglar amb l&#8217;empat a 2.<\/p>\n<p>Va ser en el tram final del partit on tots dos equips van donar els seus \u00faltims cops de l&#8217;\u00faltim &#8216;round&#8217;: en el 85 els de Tor\u00eds i en el 89 &#8216;els locals per posar el cop de gr\u00e0cia a un partit de molts gols i ocasions i que el m\u00e9s o menys just va ser l&#8217;empat. El CD Tur\u00eds despr\u00e9s del punt aconseguit es classifica cinqu\u00e8 amb 7 punts.<\/p>\n<p><strong>Vict\u00f2ria del CD Xest<\/strong><\/p>\n<p>El CD Xest de Juan S\u00e1nchez sabien que tenien davant una prova dif\u00edcil, en un camp complicat, el de Mislata, i que qualsevol difer\u00e8ncia podria decantar la balan\u00e7a per un o altre costat.<\/p>\n<p>La primera part va ser una constant d&#8217;atacs in\u00fatils i est\u00e8rils, en qu\u00e8 cada equip va intentar utilitzar les seves armes, per\u00f2 sense suficient perill, i conforme anava arribant el descans, els chestamos van donar una lleu millora, amb sensaci\u00f3 de for\u00e7a, per donar pas a la segona meitat.<\/p>\n<p>A la represa del partit, els locals van comen\u00e7ar a veure superats en diferents facetes del joc, pel que van comen\u00e7ar a veure amonestacions i en una de les jugades, amb un toc de sup\u00e8rbia, Antonio Torregrosa finalitzava a la perfecci\u00f3 per posar els blaus per davant .<\/p>\n<p>Cop dif\u00edcil de digerir per als de Mislata, veient per darrere en el marcador jugant a casa.<\/p>\n<p>D&#8217;acord anaven passant els minuts, els locals van intentar donar cops per igualar el marcador, per\u00f2 un bon equip posicionat correctament i que no va concedir gaireb\u00e9 res va aconseguir sumar els 3 punts, per la m\u00ednima, en un camp dif\u00edcil.<\/p>\n<p>El CD Xest suma aix\u00ed 7 punts, col\u00b7locant-sis\u00e8 a falta de la resta de la jornada. Informa, Ra\u00fal Miralles Lacalle @raulmks<\/p>\n<\/div>\n<\/div>\n","protected":false},"excerpt":{"rendered":"<div class=\"mh-excerpt\">A Primera Regional, tot just van necessitar els de Tom\u00e1s abril 10 minuts per obrir el marcador i desmantellar un joc que els anava a donar relativament &#8216;f\u00e0cil&#8217; la vict\u00f2ria, quan Guillam\u00f3n va obrir el <a class=\"mh-excerpt-more\" href=\"https:\/\/www.tucomarca.com\/wordpress\/segunda\/ca\/la-ud-iatova-goleja-el-joventut-manisense-5-0-el-cd-xest-guanya-per-la-minima-el-mislata-a-domicili-i-el-safranar-i-el-cd-turis-empaten-a-3-gols\/\" title=\"La UD I\u00e0tova goleja el Joventut Manisense (5-0); el CD Xest guanya per la m\u00ednima el Mislata a domicili; i el Safranar i el CD Tur\u00eds empaten a 3 gols\">[+] <\/a><\/div>\n","protected":false},"author":1,"featured_media":75632,"comment_status":"open","ping_status":"open","sticky":false,"template":"","format":"standard","meta":{"footnotes":""},"categories":[11015,11003,10898,10980,10912,10902,10896,11047,10974],"tags":[11142,11108,11077,11109],"class_list":{"0":"post-75648","1":"post","2":"type-post","3":"status-publish","4":"format-standard","5":"has-post-thumbnail","7":"category-canal-futbol","8":"category-sports","9":"category-ventana-ca","10":"category-yatova-ca","11":"category-la-hoya-ca","12":"category-la-ribera-ca","13":"category-seccion-ca","14":"category-turis-ca","15":"category-cheste-ca","16":"tag-iatova","17":"tag-la-foia-de-bunyol-xiva","18":"tag-la-ribera-alta-ca","19":"tag-xest"},"_links":{"self":[{"href":"https:\/\/www.tucomarca.com\/wordpress\/segunda\/ca\/wp-json\/wp\/v2\/posts\/75648","targetHints":{"allow":["GET"]}}],"collection":[{"href":"https:\/\/www.tucomarca.com\/wordpress\/segunda\/ca\/wp-json\/wp\/v2\/posts"}],"about":[{"href":"https:\/\/www.tucomarca.com\/wordpress\/segunda\/ca\/wp-json\/wp\/v2\/types\/post"}],"author":[{"embeddable":true,"href":"https:\/\/www.tucomarca.com\/wordpress\/segunda\/ca\/wp-json\/wp\/v2\/users\/1"}],"replies":[{"embeddable":true,"href":"https:\/\/www.tucomarca.com\/wordpress\/segunda\/ca\/wp-json\/wp\/v2\/comments?post=75648"}],"version-history":[{"count":0,"href":"https:\/\/www.tucomarca.com\/wordpress\/segunda\/ca\/wp-json\/wp\/v2\/posts\/75648\/revisions"}],"wp:featuredmedia":[{"embeddable":true,"href":"https:\/\/www.tucomarca.com\/wordpress\/segunda\/ca\/wp-json\/wp\/v2\/media\/75632"}],"wp:attachment":[{"href":"https:\/\/www.tucomarca.com\/wordpress\/segunda\/ca\/wp-json\/wp\/v2\/media?parent=75648"}],"wp:term":[{"taxonomy":"category","embeddable":true,"href":"https:\/\/www.tucomarca.com\/wordpress\/segunda\/ca\/wp-json\/wp\/v2\/categories?post=75648"},{"taxonomy":"post_tag","embeddable":true,"href":"https:\/\/www.tucomarca.com\/wordpress\/segunda\/ca\/wp-json\/wp\/v2\/tags?post=75648"}],"curies":[{"name":"wp","href":"https:\/\/api.w.org\/{rel}","templated":true}]}}