{"id":75724,"date":"2018-10-09T11:35:39","date_gmt":"2018-10-09T09:35:39","guid":{"rendered":"http:\/\/www.tucomarca.com\/wordpress\/segunda\/?p=75724"},"modified":"2018-10-09T11:35:39","modified_gmt":"2018-10-09T09:35:39","slug":"article-9-doctubre-del-president-de-la-generalitat-ximo-puig-loportunitat-valenciana","status":"publish","type":"post","link":"https:\/\/www.tucomarca.com\/wordpress\/segunda\/ca\/article-9-doctubre-del-president-de-la-generalitat-ximo-puig-loportunitat-valenciana\/","title":{"rendered":"Article 9 d\u2019Octubre del President de la Generalitat, Ximo Puig: &#8220;L\u2019Oportunitat valenciana&#8221;"},"content":{"rendered":"<figure id=\"attachment_75737\" aria-describedby=\"caption-attachment-75737\" style=\"width: 327px\" class=\"wp-caption alignleft\"><img loading=\"lazy\" decoding=\"async\" class=\" wp-image-75737\" src=\"http:\/\/www.tucomarca.com\/wordpress\/segunda\/wp-content\/uploads\/2018\/10\/XIMOPUIG2.jpg\" alt=\"El President de la Generalitat, Ximo Puig.\" width=\"327\" height=\"412\" srcset=\"https:\/\/www.tucomarca.com\/wordpress\/segunda\/wp-content\/uploads\/2018\/10\/XIMOPUIG2.jpg 726w, https:\/\/www.tucomarca.com\/wordpress\/segunda\/wp-content\/uploads\/2018\/10\/XIMOPUIG2-238x300.jpg 238w\" sizes=\"auto, (max-width: 327px) 100vw, 327px\" \/><figcaption id=\"caption-attachment-75737\" class=\"wp-caption-text\">El President de la Generalitat, Ximo Puig.<\/figcaption><\/figure>\n<p align=\"justify\"><span style=\"font-family: 'Liberation Serif', serif;\"><span style=\"font-size: medium;\"><span style=\"font-family: Arial, serif;\"><span style=\"font-size: large;\"><span lang=\"ca-ES\">El 9 d\u2019Octubre \u00e9s la conviv\u00e8ncia d\u2019arrels i futur. Un dia que assenyala la fundaci\u00f3 d\u2019un poble hist\u00f2ric, divers i plural que els \u00faltims anys ha demostrat la capacitat d\u2019unir-se sense caure en el t\u00f2pic regionalisme ni en la uniformitat.<\/span><\/span><\/span><\/span><\/span><\/p>\n<p align=\"justify\"><span style=\"font-family: 'Liberation Serif', serif;\"><span style=\"font-size: medium;\"><span style=\"font-family: Arial, serif;\"><span style=\"font-size: large;\"><span lang=\"ca-ES\">Des d\u2019eixa ciutadania compartida, si fem un balan\u00e7 rigor\u00f3s de la tasca feta, podem concloure, malgrat el que queda per fer, que la Comunitat Valenciana est\u00e0 hui millor. <\/span><\/span><\/span><\/span><\/span><\/p>\n<p align=\"justify\"><span style=\"font-family: 'Liberation Serif', serif;\"><span style=\"font-size: medium;\"><span style=\"font-family: Arial, serif;\"><span style=\"font-size: large;\"><span lang=\"ca-ES\">Ha canviat el paradigma valenci\u00e0. <\/span><\/span><\/span><\/span><\/span><\/p>\n<p><span style=\"font-family: 'Liberation Serif', serif;\"><span style=\"font-size: medium;\"><span style=\"font-family: Arial, serif;\"><span style=\"font-size: large;\"><span lang=\"ca-ES\">De la corrupci\u00f3 a la solidaritat. De la par\u00e0lisi al desenvolupament. De la exclusi\u00f3 a la igualtat. Eixe \u00e9s el renaixement valenci\u00e0 que ha comen\u00e7at. <\/span><\/span><\/span><\/span><\/span><\/p>\n<p align=\"justify\"><span style=\"font-family: 'Liberation Serif', serif;\"><span style=\"font-size: medium;\"><span style=\"font-family: Arial, serif;\"><span style=\"font-size: large;\"><span lang=\"ca-ES\">El m\u00e8rit d\u2019estos fets no correspon al Consell; \u00e9s el producte de l\u2019ambici\u00f3 compartida. El paper de la Generalitat ha estat establir un marc de confian\u00e7a. Un marc d\u2019estabilitat, d\u2019honradesa i di\u00e0leg fonamental per propiciar l\u2019esperan\u00e7a. \u00c9s el moment valenci\u00e0. Ara, m\u00e9s que una fotografia fixa, \u00e9s una oportunitat. <\/span><\/span><\/span><\/span><\/span><\/p>\n<p align=\"justify\"><span style=\"font-family: 'Liberation Serif', serif;\"><span style=\"font-size: medium;\"><span style=\"font-family: Arial, serif;\"><span style=\"font-size: large;\"><span lang=\"ca-ES\">Ning\u00fa mai ens ha regalat res, ha estat l\u2019esfor\u00e7 immens per superar les dificultats all\u00f2 que ho ha fet possible. Ha estat la rebel\u00b7lia del poble valenci\u00e0 front les injust\u00edcies, la resili\u00e8ncia per donar la volta als pitjors indicadors malgrat la invisibilitat discriminat\u00f2ria. <\/span><\/span><\/span><\/span><\/span><\/p>\n<p align=\"justify\"><span style=\"font-family: 'Liberation Serif', serif;\"><span style=\"font-size: medium;\"><span style=\"font-family: Arial, serif;\"><span style=\"font-size: large;\"><span lang=\"ca-ES\">I, per fer del moment valenci\u00e0 la oportunitat valenciana, propose un nou contracte social amb tres idees: un desenvolupament sostenible per tal d\u2019aconseguir una economia de salaris dignes, la igualtat de drets i d\u2019oportunitats i la defensa dels valors democr\u00e0tics front a la regressi\u00f3 incitada pels populismes conservadors.<\/span><\/span><\/span><\/span><\/span><\/p>\n<p align=\"justify\"><span style=\"font-family: 'Liberation Serif', serif;\"><span style=\"font-size: medium;\"><span style=\"font-family: Arial, serif;\"><span style=\"font-size: large;\"><span lang=\"ca-ES\">Es tracta de la determinaci\u00f3 per contestar anticipadament els reptes quan estem aconseguint canviar el present.<\/span><\/span><\/span><\/span><\/span><\/p>\n<p align=\"justify\"><span style=\"font-family: 'Liberation Serif', serif;\"><span style=\"font-size: medium;\"><span style=\"font-family: Arial, serif;\"><span style=\"font-size: large;\"><span lang=\"ca-ES\">El problema valenci\u00e0 que ens situa a la cua en finan\u00e7ament i inversions \u00e9s un problema d\u2019Espanya. Un desequilibri que hem de superar. Des de la lleialtat reivindicativa i amb tota la for\u00e7\u00e0 dels arguments que ens dona demanar all\u00f2 que \u00e9s just.<\/span><\/span><\/span><\/span><\/span><\/p>\n<p align=\"justify\"><span style=\"font-family: 'Liberation Serif', serif;\"><span style=\"font-size: medium;\"><span style=\"font-family: Arial, serif;\"><span style=\"font-size: large;\"><span lang=\"ca-ES\">Hem recuperat la nostra veu. Per primera vegada en molts anys, som interlocutors fiables, ens mereixem seure a la taula de negociaci\u00f3. Ara, afortunadament, no hem canviat un mil\u00b7l\u00edmetre el nostre plantejament, per\u00f2 ha canviat el Govern d\u2019Espanya per a dialogar i acordar.<\/span><\/span><\/span><\/span><\/span><\/p>\n<p align=\"justify\"><span style=\"font-family: 'Liberation Serif', serif;\"><span style=\"font-size: medium;\"><span style=\"font-family: Arial, serif;\"><span style=\"font-size: large;\"><span lang=\"ca-ES\">Els valencians fem propostes que s\u00f3n escoltades, discutides i tingudes en compte. Arribem a acords sense ren\u00fancies. Aconseguim avan\u00e7os, per a apropar-nos a una fita de la qual estem cada dia m\u00e9s prop.<\/span><\/span><\/span><\/span><\/span><\/p>\n<p align=\"justify\"><span style=\"font-family: 'Liberation Serif', serif;\"><span style=\"font-size: medium;\"><span style=\"font-family: Arial, serif;\"><span style=\"font-size: large;\"><span lang=\"ca-ES\">Estem fent els deures tant en all\u00f2 que dep\u00e8n de nosaltres com exigint all\u00f2 que ens correspon. Aprofitant el moment valenci\u00e0, per construir un nou contracte social valenci\u00e0. <\/span><\/span><\/span><\/span><\/span><\/p>\n<p align=\"justify\"><span style=\"font-family: 'Liberation Serif', serif;\"><span style=\"font-size: medium;\"><span style=\"font-family: Arial, serif;\"><span style=\"font-size: large;\"><span lang=\"ca-ES\">Tinc una confian\u00e7a enorme en la capacitat del poble valenci\u00e0, en les seues institucions d\u2019autogovern, en la nostra voluntat d\u2019unir-nos, de fer-nos respectar. <\/span><\/span><\/span><\/span><\/span><\/p>\n<p align=\"justify\"><span style=\"font-family: 'Liberation Serif', serif;\"><span style=\"font-size: medium;\"><span style=\"font-family: Arial, serif;\"><span style=\"font-size: large;\"><span lang=\"ca-ES\">Este any, quan commemorem 600 anys dels principis de la Generalitat, les valencianes i els valencians ens hem guanyat dir el futur que dep\u00e8n de nosaltres. <\/span><\/span><\/span><\/span><\/span><\/p>\n<p align=\"justify\"><span style=\"font-family: 'Liberation Serif', serif;\"><span style=\"font-size: medium;\"><span style=\"font-family: Arial, serif;\"><span style=\"font-size: large;\"><span lang=\"ca-ES\">Sabem on anem i on no volem tornar. Aprofitem l\u2019oportunitat valenciana.<\/span><\/span><\/span><\/span><\/span><\/p>\n","protected":false},"excerpt":{"rendered":"<div class=\"mh-excerpt\">El 9 d\u2019Octubre \u00e9s la conviv\u00e8ncia d\u2019arrels i futur. Un dia que assenyala la fundaci\u00f3 d\u2019un poble hist\u00f2ric, divers i plural que els \u00faltims anys ha demostrat la capacitat d\u2019unir-se sense caure en el t\u00f2pic <a class=\"mh-excerpt-more\" href=\"https:\/\/www.tucomarca.com\/wordpress\/segunda\/ca\/article-9-doctubre-del-president-de-la-generalitat-ximo-puig-loportunitat-valenciana\/\" title=\"Article 9 d\u2019Octubre del President de la Generalitat, Ximo Puig: &#8220;L\u2019Oportunitat valenciana&#8221;\">[+] <\/a><\/div>\n","protected":false},"author":1,"featured_media":75739,"comment_status":"open","ping_status":"open","sticky":false,"template":"","format":"standard","meta":{"footnotes":""},"categories":[10898,10948,10894,10904,10947,10896],"tags":[5944],"class_list":{"0":"post-75724","1":"post","2":"type-post","3":"status-publish","4":"format-standard","5":"has-post-thumbnail","7":"category-ventana-ca","8":"category-infraestructuras-ca","9":"category-la-comarca-ca","10":"category-sin-categorizar-ca","11":"category-politica","12":"category-seccion-ca","13":"tag-9-doctubre"},"_links":{"self":[{"href":"https:\/\/www.tucomarca.com\/wordpress\/segunda\/ca\/wp-json\/wp\/v2\/posts\/75724","targetHints":{"allow":["GET"]}}],"collection":[{"href":"https:\/\/www.tucomarca.com\/wordpress\/segunda\/ca\/wp-json\/wp\/v2\/posts"}],"about":[{"href":"https:\/\/www.tucomarca.com\/wordpress\/segunda\/ca\/wp-json\/wp\/v2\/types\/post"}],"author":[{"embeddable":true,"href":"https:\/\/www.tucomarca.com\/wordpress\/segunda\/ca\/wp-json\/wp\/v2\/users\/1"}],"replies":[{"embeddable":true,"href":"https:\/\/www.tucomarca.com\/wordpress\/segunda\/ca\/wp-json\/wp\/v2\/comments?post=75724"}],"version-history":[{"count":0,"href":"https:\/\/www.tucomarca.com\/wordpress\/segunda\/ca\/wp-json\/wp\/v2\/posts\/75724\/revisions"}],"wp:featuredmedia":[{"embeddable":true,"href":"https:\/\/www.tucomarca.com\/wordpress\/segunda\/ca\/wp-json\/wp\/v2\/media\/75739"}],"wp:attachment":[{"href":"https:\/\/www.tucomarca.com\/wordpress\/segunda\/ca\/wp-json\/wp\/v2\/media?parent=75724"}],"wp:term":[{"taxonomy":"category","embeddable":true,"href":"https:\/\/www.tucomarca.com\/wordpress\/segunda\/ca\/wp-json\/wp\/v2\/categories?post=75724"},{"taxonomy":"post_tag","embeddable":true,"href":"https:\/\/www.tucomarca.com\/wordpress\/segunda\/ca\/wp-json\/wp\/v2\/tags?post=75724"}],"curies":[{"name":"wp","href":"https:\/\/api.w.org\/{rel}","templated":true}]}}