{"id":75770,"date":"2018-10-10T23:10:10","date_gmt":"2018-10-10T21:10:10","guid":{"rendered":"http:\/\/www.tucomarca.com\/wordpress\/segunda\/?p=75770"},"modified":"2018-10-10T23:10:10","modified_gmt":"2018-10-10T21:10:10","slug":"lajuntament-dalboraig-redueix-un-65-el-seu-deute-viu","status":"publish","type":"post","link":"https:\/\/www.tucomarca.com\/wordpress\/segunda\/ca\/lajuntament-dalboraig-redueix-un-65-el-seu-deute-viu\/","title":{"rendered":"L&#8217;Ajuntament d&#8217;Alboraig redueix un 65% el seu \u00abdeute viu\u00bb"},"content":{"rendered":"<figure id=\"attachment_75766\" aria-describedby=\"caption-attachment-75766\" style=\"width: 379px\" class=\"wp-caption alignleft\"><img loading=\"lazy\" decoding=\"async\" class=\" wp-image-75766\" src=\"http:\/\/www.tucomarca.com\/wordpress\/segunda\/wp-content\/uploads\/2018\/10\/AyuntAlborache.jpg\" alt=\"Una imagen de la casa consistorial de Alborache.\" width=\"379\" height=\"284\" srcset=\"https:\/\/www.tucomarca.com\/wordpress\/segunda\/wp-content\/uploads\/2018\/10\/AyuntAlborache.jpg 945w, https:\/\/www.tucomarca.com\/wordpress\/segunda\/wp-content\/uploads\/2018\/10\/AyuntAlborache-300x225.jpg 300w, https:\/\/www.tucomarca.com\/wordpress\/segunda\/wp-content\/uploads\/2018\/10\/AyuntAlborache-768x576.jpg 768w\" sizes=\"auto, (max-width: 379px) 100vw, 379px\" \/><figcaption id=\"caption-attachment-75766\" class=\"wp-caption-text\">Una imatge de la casa de la vila d&#8217;Alborache.<\/figcaption><\/figure>\n<p>L&#8217;Ajuntament d&#8217;Alboraig ha redu\u00eft el seu \u00abdeute viu\u00bb en un 65% respecte a l&#8217;2017, segons les dades publicades pel Ministeri d&#8217;Hisenda. Aquest terme es refereix al deute contret pels municipis amb les entitats banc\u00e0ries com poden ser cr\u00e8dits financers, pr\u00e9stecs o cr\u00e8dits a tercers o valors de renda fixa.<\/p>\n<p>La \u00abdeute viu\u00bb d&#8217;Alboraig se situa avui dia en 275.000 euros, fet que suposa uns 241 euros per habitant i una rebaixa de 146.000 euros. Alborache ha encadenat tres exercicis fiscals de reducci\u00f3 de deute amb els bancs des de l&#8217;inici de la legislatura de l&#8217;alcaldessa, Paqui Collado en 2015, quan en aquells dies es situava per sobre dels 527.000 euros, \u00e9s a dir, m\u00e9s de 420 euros de deute per c\u00e0pita.<\/p>\n<p>L&#8217;equip de govern d&#8217;Alboraig vol posar l&#8217;accent en el \u00abesfor\u00e7 que s&#8217;ha dut a terme per arribar a aquest punt en qu\u00e8 ha baixat la &#8216;deute viu&#8217;, s&#8217;han amortitzat dos pr\u00e9stecs i s&#8217;ha generat un super\u00e0vit que s&#8217;invertir\u00e0 en actuacions a la via p\u00fablica \u00bb, segons fonts municipals.<\/p>\n<p>\u00abAquesta reducci\u00f3 del d\u00e8ficit continuada al llarg dels \u00faltims anys possibilita que l&#8217;Ajuntament tingui m\u00e9s capacitat i m\u00e9s recursos per afrontar inversions de primera necessitat per al poble. En aquest sentit, l&#8217;Ajuntament es compromet a resoldre la problem\u00e0tica de la llum pel benestar dels ve\u00efns ia la possibilitat d&#8217;allargar la Ruta dels Molins, un agradable passeig per la fascinant naturalesa i la gran hist\u00f2ria d&#8217;Alboraig \u00bb, segons les mateixes fonts.<\/p>\n","protected":false},"excerpt":{"rendered":"<div class=\"mh-excerpt\">L&#8217;Ajuntament d&#8217;Alboraig ha redu\u00eft el seu \u00abdeute viu\u00bb en un 65% respecte a l&#8217;2017, segons les dades publicades pel Ministeri d&#8217;Hisenda. Aquest terme es refereix al deute contret pels municipis amb les entitats banc\u00e0ries com <a class=\"mh-excerpt-more\" href=\"https:\/\/www.tucomarca.com\/wordpress\/segunda\/ca\/lajuntament-dalboraig-redueix-un-65-el-seu-deute-viu\/\" title=\"L&#8217;Ajuntament d&#8217;Alboraig redueix un 65% el seu \u00abdeute viu\u00bb\">[+] <\/a><\/div>\n","protected":false},"author":1,"featured_media":75767,"comment_status":"open","ping_status":"open","sticky":false,"template":"","format":"standard","meta":{"footnotes":""},"categories":[10973,10898,10948,10894,10912,10947,10896],"tags":[11153,11108],"class_list":{"0":"post-75770","1":"post","2":"type-post","3":"status-publish","4":"format-standard","5":"has-post-thumbnail","7":"category-alborache-ca","8":"category-ventana-ca","9":"category-infraestructuras-ca","10":"category-la-comarca-ca","11":"category-la-hoya-ca","12":"category-politica","13":"category-seccion-ca","14":"tag-alboraig","15":"tag-la-foia-de-bunyol-xiva"},"_links":{"self":[{"href":"https:\/\/www.tucomarca.com\/wordpress\/segunda\/ca\/wp-json\/wp\/v2\/posts\/75770","targetHints":{"allow":["GET"]}}],"collection":[{"href":"https:\/\/www.tucomarca.com\/wordpress\/segunda\/ca\/wp-json\/wp\/v2\/posts"}],"about":[{"href":"https:\/\/www.tucomarca.com\/wordpress\/segunda\/ca\/wp-json\/wp\/v2\/types\/post"}],"author":[{"embeddable":true,"href":"https:\/\/www.tucomarca.com\/wordpress\/segunda\/ca\/wp-json\/wp\/v2\/users\/1"}],"replies":[{"embeddable":true,"href":"https:\/\/www.tucomarca.com\/wordpress\/segunda\/ca\/wp-json\/wp\/v2\/comments?post=75770"}],"version-history":[{"count":0,"href":"https:\/\/www.tucomarca.com\/wordpress\/segunda\/ca\/wp-json\/wp\/v2\/posts\/75770\/revisions"}],"wp:featuredmedia":[{"embeddable":true,"href":"https:\/\/www.tucomarca.com\/wordpress\/segunda\/ca\/wp-json\/wp\/v2\/media\/75767"}],"wp:attachment":[{"href":"https:\/\/www.tucomarca.com\/wordpress\/segunda\/ca\/wp-json\/wp\/v2\/media?parent=75770"}],"wp:term":[{"taxonomy":"category","embeddable":true,"href":"https:\/\/www.tucomarca.com\/wordpress\/segunda\/ca\/wp-json\/wp\/v2\/categories?post=75770"},{"taxonomy":"post_tag","embeddable":true,"href":"https:\/\/www.tucomarca.com\/wordpress\/segunda\/ca\/wp-json\/wp\/v2\/tags?post=75770"}],"curies":[{"name":"wp","href":"https:\/\/api.w.org\/{rel}","templated":true}]}}