{"id":75805,"date":"2018-10-10T23:28:51","date_gmt":"2018-10-10T21:28:51","guid":{"rendered":"http:\/\/www.tucomarca.com\/wordpress\/segunda\/?p=75805"},"modified":"2018-10-10T23:28:51","modified_gmt":"2018-10-10T21:28:51","slug":"fotogaleria-xest-reviu-les-seves-tradicions-en-lacte-de-la-pisa-del-raim","status":"publish","type":"post","link":"https:\/\/www.tucomarca.com\/wordpress\/segunda\/ca\/fotogaleria-xest-reviu-les-seves-tradicions-en-lacte-de-la-pisa-del-raim\/","title":{"rendered":"Fotogaleria: Xest reviu les seves tradicions en l&#8217;acte de la \u00abpis\u00e1\u00bb del ra\u00efm"},"content":{"rendered":"<figure id=\"attachment_75771\" aria-describedby=\"caption-attachment-75771\" style=\"width: 430px\" class=\"wp-caption alignleft\"><img loading=\"lazy\" decoding=\"async\" class=\" wp-image-75771\" src=\"http:\/\/www.tucomarca.com\/wordpress\/segunda\/wp-content\/uploads\/2018\/10\/Pisa2.jpg\" alt=\"\u00abLa Pis\u00e1 de la uva\u00bb es el arranque de la Fiestas de la Vendimia de Cheste.\" width=\"430\" height=\"287\" srcset=\"https:\/\/www.tucomarca.com\/wordpress\/segunda\/wp-content\/uploads\/2018\/10\/Pisa2.jpg 5472w, https:\/\/www.tucomarca.com\/wordpress\/segunda\/wp-content\/uploads\/2018\/10\/Pisa2-300x200.jpg 300w, https:\/\/www.tucomarca.com\/wordpress\/segunda\/wp-content\/uploads\/2018\/10\/Pisa2-768x512.jpg 768w, https:\/\/www.tucomarca.com\/wordpress\/segunda\/wp-content\/uploads\/2018\/10\/Pisa2-1024x683.jpg 1024w\" sizes=\"auto, (max-width: 430px) 100vw, 430px\" \/><figcaption id=\"caption-attachment-75771\" class=\"wp-caption-text\"><span title=\"\">\u00ab<\/span><span title=\"\">La Pis\u00e1<\/span>\u00a0<span title=\"\">del ra\u00efm<\/span><span title=\"\">\u00bb<\/span> <span title=\"\">\u00e9s<\/span> <span title=\"\">l&#8217;arrencada de la<\/span> <span title=\"\">Festes de la<\/span> <span title=\"\">Verema de<\/span> <span class=\"\" title=\"\">Xest<\/span><span class=\"\" title=\"\">.<\/span><\/figcaption><\/figure>\n<p>Coincidint amb Dia de la Comunitat Valenciana, ahir, 9 d&#8217;octubre, Xest va celebrar el concurs de carrers engalanats i la tradicional trepitja del ra\u00efm, un dels actes m\u00e9s emblem\u00e0tics de les festes de la Verema que, en aquesta edici\u00f3, va comptar amb una mostra de balls folkl\u00f2rics chestanos.<\/p>\n<p>Com cada any, la jornada va arrencar amb una cercavila en qu\u00e8 els nois i noies de la Verema, acompanyats per la Banda La Lira, van visitar les cinc carrers que van participar al concurs: Colom, Rei En Jaume, Calder\u00f3n, Pizarro i Sant Crist\u00f2fol . En acabar el recorregut, els ve\u00efns i ve\u00efnes de Xest es van donar cita a la pla\u00e7a Doctor Cajal per con\u00e8ixer la decisi\u00f3 del jurat i celebrar l&#8217;acte de la trepitja del ra\u00efm. &#8220;Des de l&#8217;Ajuntament agra\u00efm la participaci\u00f3 dels ve\u00efns i ve\u00efnes que s&#8217;han esfor\u00e7at per adornar els seus carrers i la de les persones que han estat jurat&#8221;, apuntava Carmen Delgado, regidora de Festes.<\/p>\n<p><strong>Carrers premiades<\/strong><\/p>\n<p>El carrer Pizarro, adornada per la Falla de l&#8217;Alegria, va ser la guanyadora del concurs, amb una dotaci\u00f3 de 400 euros. El va seguir, en el segon lloc i amb un premi de 300 euros, el carrer Rei En Jaume, decorada amb productes de la terra i on un grup de puntaires estava teixint les seves puntes. El tercer lloc, amb un premi de 200 euros, el va ocupar el carrer Colom, que presentava un disseny amb motius orientals; i el quart premi va ser per al carrer Calder\u00f3n, ambientada al circ. Per la seva banda, els nois i noies de la Prevendimia, encarregats de decorar el carrer Sant Crist\u00f2fol convertint-la en una de les pantalles del fam\u00f3s videojoc de &#8216;Super Mario Bros&#8217;, van rebre el premi de participaci\u00f3, dotat de 200 euros.<\/p>\n<p><strong>Recuperaci\u00f3 del folklore popular chestano<\/strong><\/p>\n<p>Despr\u00e9s del lliurament de premis i abans de comen\u00e7ar amb la trepitja, va tenir lloc una mostra de folklore popular chestano, a c\u00e0rrec del Grup de Danses de Xest, sota la direcci\u00f3 de Nacho Rodrigo, amb veus de les corals locals Sant Lluc i Cant\u00e1bile i les veus i guitarres de Chelo S\u00e1nchez, Ana Pilar Rives, Mari Carmen Palomino i Pau Casad\u00f3. A m\u00e9s, els va acompanyar la Rondalla del Pil\u00f3 de Burjassot, dirigida per Mario Muriana.<\/p>\n<p>&#8220;Avui \u00e9s un dia que evoca les nostres arrels, per\u00f2 tamb\u00e9 el nostre futur i els nostres agricultors, al seu ardu treball durant tot l&#8217;any. Avui representem al\u00b7leg\u00f2ricament el final d&#8217;un cicle: quan, un cop recollida del ra\u00efm, es trepitjava, es ficava en premses manuals, en b\u00f3tes de fusta, etc\u00e8tera. I qu\u00e8 millor que un dia com aquest per recuperar m\u00e9s tradicions &#8220;, declarava l&#8217;alcalde de Xest, Jos\u00e9 Morell. &#8220;Per aix\u00f2 avui assistim a la recuperaci\u00f3 de les nostres danses, de la nostra tradici\u00f3 i de la m\u00fasica popular de Xest, que amb el temps han estat a punt d&#8217;oblidar-se. Vull recon\u00e8ixer la voluntat de les persones que en aquest poble no han volgut que aix\u00f2 passi: integrants de les corals Cant\u00e1bile i Sant Lluc i del Grup de Danses de Xest. Tamb\u00e9 vull agrair a Rosa Alemany i Maruja Fortea que hagin aportat els seus records perqu\u00e8 aix\u00f2 sigui possible, perqu\u00e8 han assessorat al grup de dansa perqu\u00e8 es representessin els balls tal com elles ho van fer al seu dia. A m\u00e9s, agrair a la regidoria de Cultura que hagi cedit la indument\u00e0ria, confeccionada per la dissenyadora chestana Zurh&#8221;.<\/p>\n<p>Aix\u00ed, davant d&#8217;una pla\u00e7a plena de gent, el Grup de Danses va interpretar la Nadala de Xest, la Jota de Xest i la Dansa del Ram.<\/p>\n<p><strong>\u00abPis\u00e1\u00bb\u00a0del ra\u00efm<\/strong><\/p>\n<p>Finalment, els nois i noies de la Verema 2018 van ser cridats a l&#8217;escenari per dipositar el ra\u00efm de les seves cistelles en una premsa antiga i procedir a l&#8217;acte de la trepitja, que van dur a terme els nens Leo Garc\u00eda Mirasol i Leo Mart\u00ednez Cort\u00e9s. &#8220;Aquest \u00e9s un acte molt especial, perqu\u00e8 es recorda la tradici\u00f3 del conreu de la vinya i la fabricaci\u00f3 de vi que tan important \u00e9s en aquest poble&#8221;, apuntava Prim. Tot seguit, la reina d&#8217;aquesta XLV Festa de la Verema, Eva P\u00e9rez Vidal i el seu acompanyant, Noel Mar\u00edn Fortea, van recollir el primer most per oferir-despr\u00e9s al patr\u00f3 de Xest, Sant Lluc Evangelista. Per tancar l&#8217;acte, la Cooperativa Xest Agr\u00e0ria i l&#8217;Ajuntament de Xest van oferir una degustaci\u00f3 de vins locals i un aperitiu. A la tarda, el teatre Liceu va acollir un espectacle de &#8220;ballables&#8221;, a c\u00e0rrec de la Banda Juvenil La Lira de Xest i amb la col\u00b7laboraci\u00f3 de cantants locals. Danses de Xest El Nadala de Xest va ser compost pel mestre Enrique Ort\u00ed amb motiu d&#8217;un concurs de Nadales i Danses de la Secci\u00f3 Femenina, on va obtenir el primer premi. Dins el projecte de recuperaci\u00f3 del folklore de Xest ha estat la primera pe\u00e7a en representar-se i ja es va interpretar davant de la fa\u00e7ana de l&#8217;Esgl\u00e9sia Sant Lluc Evangelista en la passada Nadal. Segons expliquen les persones m\u00e9s longeves de la localitat, la Jota de Xest es ballava els diumenges. Nodrides quadrilles de mossos i mosses organitzaven en les eres i en les seves pr\u00f2pies cases aquest ball, sent la principal diversi\u00f3 tant per a joves com per a majors en casaments i batejos.<\/p>\n<p><span class=\"\" title=\"\">Quant als<\/span> <span title=\"\">or\u00edgens<\/span> <span class=\"\" title=\"\">de la Dansa<\/span> <span title=\"\">del Ram<\/span><span title=\"\">, es desconeix<\/span> <span title=\"\">la seva antiguitat<\/span><span title=\"\">;<\/span> <span class=\"\" title=\"\">les<\/span> <span class=\"\" title=\"\">persones<\/span> <span class=\"\" title=\"\">majors de<\/span> <span class=\"\" title=\"\">Xest<\/span> <span title=\"\">afirmen<\/span> <span title=\"\">que ja<\/span> <span title=\"\">ho van aprendre<\/span> <span class=\"\" title=\"\">dels seus avis.<\/span> <span title=\"\">Aquest ball<\/span> <span title=\"\">es realitzava el<\/span> <span title=\"\">dia<\/span> <span title=\"\">de la festa<\/span> <span title=\"\">de la Creu<\/span> <span title=\"\">de Maig<\/span><span title=\"\">, quan els<\/span> <span class=\"\" title=\"\">clavaris<\/span> <span title=\"\">bene\u00efen<\/span> <span title=\"\">els rams que<\/span> <span title=\"\">es<\/span> <span title=\"\">repartien<\/span> <span title=\"\">per fer la primera<\/span> <span class=\"\" title=\"\">recol\u00b7lecta<\/span> <span title=\"\">per a les<\/span> <span title=\"\">festes de la<\/span> <span title=\"\">Mare de D\u00e9u de<\/span> <span title=\"\">la Soledat<\/span><span title=\"\">.<\/span> <span title=\"\">La dansa<\/span> <span title=\"\">es ballava<\/span> <span class=\"\" title=\"\">en pres\u00e8ncia de la<\/span> <span title=\"\">primera autoritat de<\/span> <span title=\"\">Xest<\/span><span title=\"\">, l&#8217;alcalde,<\/span> <span title=\"\">a qui se li<\/span> <span title=\"\">lliurava el<\/span> <span class=\"\" title=\"\">primer ram<\/span> <span title=\"\">a canvi<\/span> <span title=\"\">de la seva aportaci\u00f3<\/span> <span title=\"\">econ\u00f2mica.<\/span> <span title=\"\">Despr\u00e9s<\/span><span title=\"\">,<\/span> <span title=\"\">es<\/span> <span class=\"\" title=\"\">repartien<\/span> <span title=\"\">rams<\/span> <span title=\"\">entre la resta<\/span> <span title=\"\">de les<\/span> <span title=\"\">autoritats<\/span><span title=\"\">, n\u00favies<\/span> <span title=\"\">i<\/span> <span title=\"\">persones<\/span> <span class=\"\" title=\"\">que volien<\/span> <span title=\"\">col\u00b7laborar<\/span> <span title=\"\">amb la seva<\/span> <span title=\"\">aportaci\u00f3<\/span> <span title=\"\">per a la<\/span> <span title=\"\">festa de la<\/span> <span title=\"\">patrona.<\/span><\/p>\n<div id='gallery-1' class='gallery galleryid-75805 gallery-columns-3 gallery-size-medium'><figure class='gallery-item'>\n\t\t\t<div class='gallery-icon landscape'>\n\t\t\t\t<a href='https:\/\/www.tucomarca.com\/wordpress\/segunda\/ca\/fotogaleria-xest-reviu-les-seves-tradicions-en-lacte-de-la-pisa-del-raim\/pisa3-2\/'><img loading=\"lazy\" decoding=\"async\" width=\"300\" height=\"200\" src=\"https:\/\/www.tucomarca.com\/wordpress\/segunda\/wp-content\/uploads\/2018\/10\/Pisa3-300x200.jpg\" class=\"attachment-medium size-medium\" alt=\"\" srcset=\"https:\/\/www.tucomarca.com\/wordpress\/segunda\/wp-content\/uploads\/2018\/10\/Pisa3-300x200.jpg 300w, https:\/\/www.tucomarca.com\/wordpress\/segunda\/wp-content\/uploads\/2018\/10\/Pisa3-768x512.jpg 768w, https:\/\/www.tucomarca.com\/wordpress\/segunda\/wp-content\/uploads\/2018\/10\/Pisa3-1024x683.jpg 1024w\" sizes=\"auto, (max-width: 300px) 100vw, 300px\" \/><\/a>\n\t\t\t<\/div><\/figure><figure class='gallery-item'>\n\t\t\t<div class='gallery-icon landscape'>\n\t\t\t\t<a href='https:\/\/www.tucomarca.com\/wordpress\/segunda\/ca\/fotogaleria-xest-reviu-les-seves-tradicions-en-lacte-de-la-pisa-del-raim\/pisa2-2-2\/'><img loading=\"lazy\" decoding=\"async\" width=\"300\" height=\"200\" src=\"https:\/\/www.tucomarca.com\/wordpress\/segunda\/wp-content\/uploads\/2018\/10\/Pisa2-1-300x200.jpg\" class=\"attachment-medium size-medium\" alt=\"\" srcset=\"https:\/\/www.tucomarca.com\/wordpress\/segunda\/wp-content\/uploads\/2018\/10\/Pisa2-1-300x200.jpg 300w, https:\/\/www.tucomarca.com\/wordpress\/segunda\/wp-content\/uploads\/2018\/10\/Pisa2-1-768x512.jpg 768w, https:\/\/www.tucomarca.com\/wordpress\/segunda\/wp-content\/uploads\/2018\/10\/Pisa2-1-1024x683.jpg 1024w\" sizes=\"auto, (max-width: 300px) 100vw, 300px\" \/><\/a>\n\t\t\t<\/div><\/figure><figure class='gallery-item'>\n\t\t\t<div class='gallery-icon landscape'>\n\t\t\t\t<a href='https:\/\/www.tucomarca.com\/wordpress\/segunda\/ca\/fotogaleria-xest-reviu-les-seves-tradicions-en-lacte-de-la-pisa-del-raim\/pisa-2-2\/'><img loading=\"lazy\" decoding=\"async\" width=\"300\" height=\"200\" src=\"https:\/\/www.tucomarca.com\/wordpress\/segunda\/wp-content\/uploads\/2018\/10\/Pisa-300x200.jpg\" class=\"attachment-medium size-medium\" alt=\"\" srcset=\"https:\/\/www.tucomarca.com\/wordpress\/segunda\/wp-content\/uploads\/2018\/10\/Pisa-300x200.jpg 300w, https:\/\/www.tucomarca.com\/wordpress\/segunda\/wp-content\/uploads\/2018\/10\/Pisa-768x512.jpg 768w, https:\/\/www.tucomarca.com\/wordpress\/segunda\/wp-content\/uploads\/2018\/10\/Pisa-1024x683.jpg 1024w\" sizes=\"auto, (max-width: 300px) 100vw, 300px\" \/><\/a>\n\t\t\t<\/div><\/figure><figure class='gallery-item'>\n\t\t\t<div class='gallery-icon landscape'>\n\t\t\t\t<a href='https:\/\/www.tucomarca.com\/wordpress\/segunda\/ca\/fotogaleria-xest-reviu-les-seves-tradicions-en-lacte-de-la-pisa-del-raim\/pasacalles2-2\/'><img loading=\"lazy\" decoding=\"async\" width=\"300\" height=\"200\" src=\"https:\/\/www.tucomarca.com\/wordpress\/segunda\/wp-content\/uploads\/2018\/10\/Pasacalles2-300x200.jpg\" class=\"attachment-medium size-medium\" alt=\"\" srcset=\"https:\/\/www.tucomarca.com\/wordpress\/segunda\/wp-content\/uploads\/2018\/10\/Pasacalles2-300x200.jpg 300w, https:\/\/www.tucomarca.com\/wordpress\/segunda\/wp-content\/uploads\/2018\/10\/Pasacalles2-768x512.jpg 768w, https:\/\/www.tucomarca.com\/wordpress\/segunda\/wp-content\/uploads\/2018\/10\/Pasacalles2-1024x683.jpg 1024w\" sizes=\"auto, (max-width: 300px) 100vw, 300px\" \/><\/a>\n\t\t\t<\/div><\/figure><figure class='gallery-item'>\n\t\t\t<div class='gallery-icon landscape'>\n\t\t\t\t<a href='https:\/\/www.tucomarca.com\/wordpress\/segunda\/ca\/fotogaleria-xest-reviu-les-seves-tradicions-en-lacte-de-la-pisa-del-raim\/pasacalles1-2\/'><img loading=\"lazy\" decoding=\"async\" width=\"300\" height=\"200\" src=\"https:\/\/www.tucomarca.com\/wordpress\/segunda\/wp-content\/uploads\/2018\/10\/Pasacalles1-300x200.jpg\" class=\"attachment-medium size-medium\" alt=\"\" srcset=\"https:\/\/www.tucomarca.com\/wordpress\/segunda\/wp-content\/uploads\/2018\/10\/Pasacalles1-300x200.jpg 300w, https:\/\/www.tucomarca.com\/wordpress\/segunda\/wp-content\/uploads\/2018\/10\/Pasacalles1-768x512.jpg 768w, https:\/\/www.tucomarca.com\/wordpress\/segunda\/wp-content\/uploads\/2018\/10\/Pasacalles1-1024x683.jpg 1024w\" sizes=\"auto, (max-width: 300px) 100vw, 300px\" \/><\/a>\n\t\t\t<\/div><\/figure><figure class='gallery-item'>\n\t\t\t<div class='gallery-icon landscape'>\n\t\t\t\t<a href='https:\/\/www.tucomarca.com\/wordpress\/segunda\/ca\/fotogaleria-xest-reviu-les-seves-tradicions-en-lacte-de-la-pisa-del-raim\/josemorell-9-2\/'><img loading=\"lazy\" decoding=\"async\" width=\"300\" height=\"200\" src=\"https:\/\/www.tucomarca.com\/wordpress\/segunda\/wp-content\/uploads\/2018\/10\/JoseMorell-300x200.jpg\" class=\"attachment-medium size-medium\" alt=\"\" srcset=\"https:\/\/www.tucomarca.com\/wordpress\/segunda\/wp-content\/uploads\/2018\/10\/JoseMorell-300x200.jpg 300w, https:\/\/www.tucomarca.com\/wordpress\/segunda\/wp-content\/uploads\/2018\/10\/JoseMorell-768x512.jpg 768w, https:\/\/www.tucomarca.com\/wordpress\/segunda\/wp-content\/uploads\/2018\/10\/JoseMorell-1024x683.jpg 1024w\" sizes=\"auto, (max-width: 300px) 100vw, 300px\" \/><\/a>\n\t\t\t<\/div><\/figure><figure class='gallery-item'>\n\t\t\t<div class='gallery-icon landscape'>\n\t\t\t\t<a href='https:\/\/www.tucomarca.com\/wordpress\/segunda\/ca\/fotogaleria-xest-reviu-les-seves-tradicions-en-lacte-de-la-pisa-del-raim\/danzaschestanasjpg-2\/'><img loading=\"lazy\" decoding=\"async\" width=\"300\" height=\"200\" src=\"https:\/\/www.tucomarca.com\/wordpress\/segunda\/wp-content\/uploads\/2018\/10\/DanzaschestanasJPG-300x200.jpg\" class=\"attachment-medium size-medium\" alt=\"\" srcset=\"https:\/\/www.tucomarca.com\/wordpress\/segunda\/wp-content\/uploads\/2018\/10\/DanzaschestanasJPG-300x200.jpg 300w, https:\/\/www.tucomarca.com\/wordpress\/segunda\/wp-content\/uploads\/2018\/10\/DanzaschestanasJPG-768x512.jpg 768w, https:\/\/www.tucomarca.com\/wordpress\/segunda\/wp-content\/uploads\/2018\/10\/DanzaschestanasJPG-1024x683.jpg 1024w\" sizes=\"auto, (max-width: 300px) 100vw, 300px\" \/><\/a>\n\t\t\t<\/div><\/figure><figure class='gallery-item'>\n\t\t\t<div class='gallery-icon landscape'>\n\t\t\t\t<a href='https:\/\/www.tucomarca.com\/wordpress\/segunda\/ca\/fotogaleria-xest-reviu-les-seves-tradicions-en-lacte-de-la-pisa-del-raim\/carmendelgado-4-2\/'><img loading=\"lazy\" decoding=\"async\" width=\"300\" height=\"200\" src=\"https:\/\/www.tucomarca.com\/wordpress\/segunda\/wp-content\/uploads\/2018\/10\/CarmenDelgado-300x200.jpg\" class=\"attachment-medium size-medium\" alt=\"\" srcset=\"https:\/\/www.tucomarca.com\/wordpress\/segunda\/wp-content\/uploads\/2018\/10\/CarmenDelgado-300x200.jpg 300w, https:\/\/www.tucomarca.com\/wordpress\/segunda\/wp-content\/uploads\/2018\/10\/CarmenDelgado-768x512.jpg 768w, https:\/\/www.tucomarca.com\/wordpress\/segunda\/wp-content\/uploads\/2018\/10\/CarmenDelgado-1024x683.jpg 1024w\" sizes=\"auto, (max-width: 300px) 100vw, 300px\" \/><\/a>\n\t\t\t<\/div><\/figure><figure class='gallery-item'>\n\t\t\t<div class='gallery-icon landscape'>\n\t\t\t\t<a href='https:\/\/www.tucomarca.com\/wordpress\/segunda\/ca\/fotogaleria-xest-reviu-les-seves-tradicions-en-lacte-de-la-pisa-del-raim\/callesan-cristobal-2\/'><img loading=\"lazy\" decoding=\"async\" width=\"300\" height=\"200\" src=\"https:\/\/www.tucomarca.com\/wordpress\/segunda\/wp-content\/uploads\/2018\/10\/CalleSan-Cristobal-300x200.jpg\" class=\"attachment-medium size-medium\" alt=\"\" srcset=\"https:\/\/www.tucomarca.com\/wordpress\/segunda\/wp-content\/uploads\/2018\/10\/CalleSan-Cristobal-300x200.jpg 300w, https:\/\/www.tucomarca.com\/wordpress\/segunda\/wp-content\/uploads\/2018\/10\/CalleSan-Cristobal-768x512.jpg 768w, https:\/\/www.tucomarca.com\/wordpress\/segunda\/wp-content\/uploads\/2018\/10\/CalleSan-Cristobal-1024x683.jpg 1024w\" sizes=\"auto, (max-width: 300px) 100vw, 300px\" \/><\/a>\n\t\t\t<\/div><\/figure><figure class='gallery-item'>\n\t\t\t<div class='gallery-icon landscape'>\n\t\t\t\t<a href='https:\/\/www.tucomarca.com\/wordpress\/segunda\/ca\/fotogaleria-xest-reviu-les-seves-tradicions-en-lacte-de-la-pisa-del-raim\/callereydonjaime-2\/'><img loading=\"lazy\" decoding=\"async\" width=\"300\" height=\"200\" src=\"https:\/\/www.tucomarca.com\/wordpress\/segunda\/wp-content\/uploads\/2018\/10\/CalleReyDonJaime-300x200.jpg\" class=\"attachment-medium size-medium\" alt=\"\" srcset=\"https:\/\/www.tucomarca.com\/wordpress\/segunda\/wp-content\/uploads\/2018\/10\/CalleReyDonJaime-300x200.jpg 300w, https:\/\/www.tucomarca.com\/wordpress\/segunda\/wp-content\/uploads\/2018\/10\/CalleReyDonJaime-768x512.jpg 768w, https:\/\/www.tucomarca.com\/wordpress\/segunda\/wp-content\/uploads\/2018\/10\/CalleReyDonJaime-1024x683.jpg 1024w\" sizes=\"auto, (max-width: 300px) 100vw, 300px\" \/><\/a>\n\t\t\t<\/div><\/figure><figure class='gallery-item'>\n\t\t\t<div class='gallery-icon landscape'>\n\t\t\t\t<a href='https:\/\/www.tucomarca.com\/wordpress\/segunda\/ca\/fotogaleria-xest-reviu-les-seves-tradicions-en-lacte-de-la-pisa-del-raim\/callepizarro-2\/'><img loading=\"lazy\" decoding=\"async\" width=\"300\" height=\"200\" src=\"https:\/\/www.tucomarca.com\/wordpress\/segunda\/wp-content\/uploads\/2018\/10\/CallePizarro-300x200.jpg\" class=\"attachment-medium size-medium\" alt=\"\" srcset=\"https:\/\/www.tucomarca.com\/wordpress\/segunda\/wp-content\/uploads\/2018\/10\/CallePizarro-300x200.jpg 300w, https:\/\/www.tucomarca.com\/wordpress\/segunda\/wp-content\/uploads\/2018\/10\/CallePizarro-768x512.jpg 768w, https:\/\/www.tucomarca.com\/wordpress\/segunda\/wp-content\/uploads\/2018\/10\/CallePizarro-1024x683.jpg 1024w\" sizes=\"auto, (max-width: 300px) 100vw, 300px\" \/><\/a>\n\t\t\t<\/div><\/figure><figure class='gallery-item'>\n\t\t\t<div class='gallery-icon landscape'>\n\t\t\t\t<a href='https:\/\/www.tucomarca.com\/wordpress\/segunda\/ca\/fotogaleria-xest-reviu-les-seves-tradicions-en-lacte-de-la-pisa-del-raim\/callecolon-2\/'><img loading=\"lazy\" decoding=\"async\" width=\"300\" height=\"200\" src=\"https:\/\/www.tucomarca.com\/wordpress\/segunda\/wp-content\/uploads\/2018\/10\/CalleColon-300x200.jpg\" class=\"attachment-medium size-medium\" alt=\"\" srcset=\"https:\/\/www.tucomarca.com\/wordpress\/segunda\/wp-content\/uploads\/2018\/10\/CalleColon-300x200.jpg 300w, https:\/\/www.tucomarca.com\/wordpress\/segunda\/wp-content\/uploads\/2018\/10\/CalleColon-768x512.jpg 768w, https:\/\/www.tucomarca.com\/wordpress\/segunda\/wp-content\/uploads\/2018\/10\/CalleColon-1024x683.jpg 1024w\" sizes=\"auto, (max-width: 300px) 100vw, 300px\" \/><\/a>\n\t\t\t<\/div><\/figure><figure class='gallery-item'>\n\t\t\t<div class='gallery-icon landscape'>\n\t\t\t\t<a href='https:\/\/www.tucomarca.com\/wordpress\/segunda\/ca\/fotogaleria-xest-reviu-les-seves-tradicions-en-lacte-de-la-pisa-del-raim\/callecalderon-2\/'><img loading=\"lazy\" decoding=\"async\" width=\"300\" height=\"200\" src=\"https:\/\/www.tucomarca.com\/wordpress\/segunda\/wp-content\/uploads\/2018\/10\/CalleCalderon-300x200.jpg\" class=\"attachment-medium size-medium\" alt=\"\" srcset=\"https:\/\/www.tucomarca.com\/wordpress\/segunda\/wp-content\/uploads\/2018\/10\/CalleCalderon-300x200.jpg 300w, https:\/\/www.tucomarca.com\/wordpress\/segunda\/wp-content\/uploads\/2018\/10\/CalleCalderon-768x512.jpg 768w, https:\/\/www.tucomarca.com\/wordpress\/segunda\/wp-content\/uploads\/2018\/10\/CalleCalderon-1024x683.jpg 1024w\" sizes=\"auto, (max-width: 300px) 100vw, 300px\" \/><\/a>\n\t\t\t<\/div><\/figure><figure class='gallery-item'>\n\t\t\t<div class='gallery-icon landscape'>\n\t\t\t\t<a href='https:\/\/www.tucomarca.com\/wordpress\/segunda\/ca\/fotogaleria-xest-reviu-les-seves-tradicions-en-lacte-de-la-pisa-del-raim\/bailables-2-2\/'><img loading=\"lazy\" decoding=\"async\" width=\"300\" height=\"168\" src=\"https:\/\/www.tucomarca.com\/wordpress\/segunda\/wp-content\/uploads\/2018\/10\/Bailables-300x168.jpg\" class=\"attachment-medium size-medium\" alt=\"\" srcset=\"https:\/\/www.tucomarca.com\/wordpress\/segunda\/wp-content\/uploads\/2018\/10\/Bailables-300x168.jpg 300w, https:\/\/www.tucomarca.com\/wordpress\/segunda\/wp-content\/uploads\/2018\/10\/Bailables-768x431.jpg 768w, https:\/\/www.tucomarca.com\/wordpress\/segunda\/wp-content\/uploads\/2018\/10\/Bailables-1024x575.jpg 1024w, https:\/\/www.tucomarca.com\/wordpress\/segunda\/wp-content\/uploads\/2018\/10\/Bailables.jpg 1600w\" sizes=\"auto, (max-width: 300px) 100vw, 300px\" \/><\/a>\n\t\t\t<\/div><\/figure>\n\t\t<\/div>\n\n","protected":false},"excerpt":{"rendered":"<div class=\"mh-excerpt\">Coincidint amb Dia de la Comunitat Valenciana, ahir, 9 d&#8217;octubre, Xest va celebrar el concurs de carrers engalanats i la tradicional trepitja del ra\u00efm, un dels actes m\u00e9s emblem\u00e0tics de les festes de la Verema <a class=\"mh-excerpt-more\" href=\"https:\/\/www.tucomarca.com\/wordpress\/segunda\/ca\/fotogaleria-xest-reviu-les-seves-tradicions-en-lacte-de-la-pisa-del-raim\/\" title=\"Fotogaleria: Xest reviu les seves tradicions en l&#8217;acte de la \u00abpis\u00e1\u00bb del ra\u00efm\">[+] <\/a><\/div>\n","protected":false},"author":1,"featured_media":75772,"comment_status":"open","ping_status":"open","sticky":false,"template":"","format":"standard","meta":{"footnotes":""},"categories":[10898,10912,11004,11008,10896,10974],"tags":[11226,11071,11108,10914],"class_list":{"0":"post-75805","1":"post","2":"type-post","3":"status-publish","4":"format-standard","5":"has-post-thumbnail","7":"category-ventana-ca","8":"category-la-hoya-ca","9":"category-la-semana-en-imagenes-ca","10":"category-pueblos-en-fiestas-ca","11":"category-seccion-ca","12":"category-cheste-ca","13":"tag-ajuntament-de-xest-ca","14":"tag-cheste","15":"tag-la-foia-de-bunyol-xiva","16":"tag-la-hoya-de-bunol-chiva-ca"},"_links":{"self":[{"href":"https:\/\/www.tucomarca.com\/wordpress\/segunda\/ca\/wp-json\/wp\/v2\/posts\/75805","targetHints":{"allow":["GET"]}}],"collection":[{"href":"https:\/\/www.tucomarca.com\/wordpress\/segunda\/ca\/wp-json\/wp\/v2\/posts"}],"about":[{"href":"https:\/\/www.tucomarca.com\/wordpress\/segunda\/ca\/wp-json\/wp\/v2\/types\/post"}],"author":[{"embeddable":true,"href":"https:\/\/www.tucomarca.com\/wordpress\/segunda\/ca\/wp-json\/wp\/v2\/users\/1"}],"replies":[{"embeddable":true,"href":"https:\/\/www.tucomarca.com\/wordpress\/segunda\/ca\/wp-json\/wp\/v2\/comments?post=75805"}],"version-history":[{"count":0,"href":"https:\/\/www.tucomarca.com\/wordpress\/segunda\/ca\/wp-json\/wp\/v2\/posts\/75805\/revisions"}],"wp:featuredmedia":[{"embeddable":true,"href":"https:\/\/www.tucomarca.com\/wordpress\/segunda\/ca\/wp-json\/wp\/v2\/media\/75772"}],"wp:attachment":[{"href":"https:\/\/www.tucomarca.com\/wordpress\/segunda\/ca\/wp-json\/wp\/v2\/media?parent=75805"}],"wp:term":[{"taxonomy":"category","embeddable":true,"href":"https:\/\/www.tucomarca.com\/wordpress\/segunda\/ca\/wp-json\/wp\/v2\/categories?post=75805"},{"taxonomy":"post_tag","embeddable":true,"href":"https:\/\/www.tucomarca.com\/wordpress\/segunda\/ca\/wp-json\/wp\/v2\/tags?post=75805"}],"curies":[{"name":"wp","href":"https:\/\/api.w.org\/{rel}","templated":true}]}}