{"id":75865,"date":"2018-10-11T02:48:51","date_gmt":"2018-10-11T00:48:51","guid":{"rendered":"http:\/\/www.tucomarca.com\/wordpress\/segunda\/?p=75865"},"modified":"2018-10-11T02:48:51","modified_gmt":"2018-10-11T00:48:51","slug":"sara-larrazabal-bernal-una-nova-fallera-major-infantil-de-valencia-amb-profundes-arrels-bunoleras","status":"publish","type":"post","link":"https:\/\/www.tucomarca.com\/wordpress\/segunda\/ca\/sara-larrazabal-bernal-una-nova-fallera-major-infantil-de-valencia-amb-profundes-arrels-bunoleras\/","title":{"rendered":"Sara Larraz\u00e1bal Bernal, una nova Fallera Major Infantil de Val\u00e8ncia amb profundes arrels \u00abbu\u00f1oleras\u00bb"},"content":{"rendered":"<figure id=\"attachment_75861\" aria-describedby=\"caption-attachment-75861\" style=\"width: 416px\" class=\"wp-caption alignleft\"><img loading=\"lazy\" decoding=\"async\" class=\" wp-image-75861\" src=\"http:\/\/www.tucomarca.com\/wordpress\/segunda\/wp-content\/uploads\/2018\/10\/43706283_548840708891973_451334177283899392_n.jpg\" alt=\"Sara, Fallera Mayor Infantil de Valencia junto a su familia.\" width=\"416\" height=\"274\" srcset=\"https:\/\/www.tucomarca.com\/wordpress\/segunda\/wp-content\/uploads\/2018\/10\/43706283_548840708891973_451334177283899392_n.jpg 768w, https:\/\/www.tucomarca.com\/wordpress\/segunda\/wp-content\/uploads\/2018\/10\/43706283_548840708891973_451334177283899392_n-300x198.jpg 300w\" sizes=\"auto, (max-width: 416px) 100vw, 416px\" \/><figcaption id=\"caption-attachment-75861\" class=\"wp-caption-text\">Sara Larraz\u00e1bal Bernal, Fallera Major Infantil de Val\u00e8ncia 2019, junt amb la seua fam\u00edlia.<\/figcaption><\/figure>\n<p>Des d&#8217;este dimecres a la vesprada que ha rebut la crida de l&#8217;alcalde de Val\u00e8ncia, Joan Rib\u00f3, la xicoteta Sara Larraz\u00e1bal Bernal ja \u00e9s la nova fallera major infantil de Val\u00e8ncia, not\u00edcia que ha alegrat molt\u00edssim a la fam\u00edlia fallera de Bunyol que ha inundat les xarxes socials dels seus pares, Gerva i Rossana per a fer-los arribar la major de les seues enhorabones.<\/p>\n<p>Sara, de la Falla Bayarri-Los Isidros, ama profundament Bunyol, poble natal dels seus iaios materns, de sa mare i d&#8217;estiueig de la fam\u00edlia de son pare. Compartix este sentiment amb la seua germana Adriana i tots junts podran disfrutar d&#8217;este son fet realitat i viure un any tan especial en l&#8217;ambient faller amb qu\u00e8 ha conviscut des que va n\u00e0ixer, ja que la tradici\u00f3 fallera que hi ha en la seua fam\u00edlia no li ve de nou.<\/p>\n","protected":false},"excerpt":{"rendered":"<div class=\"mh-excerpt\">Des d&#8217;este dimecres a la vesprada que ha rebut la crida de l&#8217;alcalde de Val\u00e8ncia, Joan Rib\u00f3, la xicoteta Sara Larraz\u00e1bal Bernal ja \u00e9s la nova fallera major infantil de Val\u00e8ncia, not\u00edcia que ha alegrat <a class=\"mh-excerpt-more\" href=\"https:\/\/www.tucomarca.com\/wordpress\/segunda\/ca\/sara-larrazabal-bernal-una-nova-fallera-major-infantil-de-valencia-amb-profundes-arrels-bunoleras\/\" title=\"Sara Larraz\u00e1bal Bernal, una nova Fallera Major Infantil de Val\u00e8ncia amb profundes arrels \u00abbu\u00f1oleras\u00bb\">[+] <\/a><\/div>\n","protected":false},"author":2,"featured_media":75862,"comment_status":"open","ping_status":"open","sticky":false,"template":"","format":"standard","meta":{"footnotes":""},"categories":[10911,10898,10904,10912,11007,11008,10896],"tags":[11158,11229,11165],"class_list":{"0":"post-75865","1":"post","2":"type-post","3":"status-publish","4":"format-standard","5":"has-post-thumbnail","7":"category-bunol-ca","8":"category-ventana-ca","9":"category-sin-categorizar-ca","10":"category-la-hoya-ca","11":"category-ocio-y-cultura-ca","12":"category-pueblos-en-fiestas-ca","13":"category-seccion-ca","14":"tag-ayuntamiento-de-bunol-ca","15":"tag-fallera-mayor-infantil-de-valencia-2019-ca","16":"tag-junta-local-fallera-de-bunol-ca"},"_links":{"self":[{"href":"https:\/\/www.tucomarca.com\/wordpress\/segunda\/ca\/wp-json\/wp\/v2\/posts\/75865","targetHints":{"allow":["GET"]}}],"collection":[{"href":"https:\/\/www.tucomarca.com\/wordpress\/segunda\/ca\/wp-json\/wp\/v2\/posts"}],"about":[{"href":"https:\/\/www.tucomarca.com\/wordpress\/segunda\/ca\/wp-json\/wp\/v2\/types\/post"}],"author":[{"embeddable":true,"href":"https:\/\/www.tucomarca.com\/wordpress\/segunda\/ca\/wp-json\/wp\/v2\/users\/2"}],"replies":[{"embeddable":true,"href":"https:\/\/www.tucomarca.com\/wordpress\/segunda\/ca\/wp-json\/wp\/v2\/comments?post=75865"}],"version-history":[{"count":0,"href":"https:\/\/www.tucomarca.com\/wordpress\/segunda\/ca\/wp-json\/wp\/v2\/posts\/75865\/revisions"}],"wp:featuredmedia":[{"embeddable":true,"href":"https:\/\/www.tucomarca.com\/wordpress\/segunda\/ca\/wp-json\/wp\/v2\/media\/75862"}],"wp:attachment":[{"href":"https:\/\/www.tucomarca.com\/wordpress\/segunda\/ca\/wp-json\/wp\/v2\/media?parent=75865"}],"wp:term":[{"taxonomy":"category","embeddable":true,"href":"https:\/\/www.tucomarca.com\/wordpress\/segunda\/ca\/wp-json\/wp\/v2\/categories?post=75865"},{"taxonomy":"post_tag","embeddable":true,"href":"https:\/\/www.tucomarca.com\/wordpress\/segunda\/ca\/wp-json\/wp\/v2\/tags?post=75865"}],"curies":[{"name":"wp","href":"https:\/\/api.w.org\/{rel}","templated":true}]}}