{"id":75891,"date":"2018-10-12T11:15:26","date_gmt":"2018-10-12T09:15:26","guid":{"rendered":"http:\/\/www.tucomarca.com\/wordpress\/segunda\/?p=75891"},"modified":"2018-10-12T11:15:26","modified_gmt":"2018-10-12T09:15:26","slug":"lequip-de-futbol-femeni-de-xest-juga-el-seu-primer-partit-de-lliga","status":"publish","type":"post","link":"https:\/\/www.tucomarca.com\/wordpress\/segunda\/ca\/lequip-de-futbol-femeni-de-xest-juga-el-seu-primer-partit-de-lliga\/","title":{"rendered":"L&#8217;equip de futbol femen\u00ed de Xest juga el seu primer partit de lliga"},"content":{"rendered":"<div class=\"\">\n<figure id=\"attachment_75888\" aria-describedby=\"caption-attachment-75888\" style=\"width: 588px\" class=\"wp-caption alignleft\"><img loading=\"lazy\" decoding=\"async\" class=\" wp-image-75888\" src=\"http:\/\/www.tucomarca.com\/wordpress\/segunda\/wp-content\/uploads\/2018\/10\/Chestefemenino.jpg\" alt=\"El equipo est\u00e1 formado por 15 ni\u00f1as, entre ellas tres bu\u00f1olenses, que jugar\u00e1n todos los viernes a las 18,30 horas en el Campo La Vi\u00f1a.\" width=\"588\" height=\"392\" srcset=\"https:\/\/www.tucomarca.com\/wordpress\/segunda\/wp-content\/uploads\/2018\/10\/Chestefemenino.jpg 960w, https:\/\/www.tucomarca.com\/wordpress\/segunda\/wp-content\/uploads\/2018\/10\/Chestefemenino-300x200.jpg 300w, https:\/\/www.tucomarca.com\/wordpress\/segunda\/wp-content\/uploads\/2018\/10\/Chestefemenino-768x512.jpg 768w\" sizes=\"auto, (max-width: 588px) 100vw, 588px\" \/><figcaption id=\"caption-attachment-75888\" class=\"wp-caption-text\">El equipo est\u00e1 formado por 15 ni\u00f1as, entre ellas tres bu\u00f1olenses, que jugar\u00e1n todos los viernes a las 18,30 horas en el Campo La Vi\u00f1a.<\/figcaption><\/figure>\n<p>L&#8217;equip de futbol 8 femen\u00ed de Xest comen\u00e7a la lliga aquest divendres, 12 d&#8217;octubre, jugant a casa contra el Benet\u00fasser, a dos quarts de la tarda. Despr\u00e9s d&#8217;un any sencer de preparaci\u00f3 i adhesi\u00f3 de noves jugadores, l&#8217;equip femen\u00ed de Xest est\u00e0 preparat per consolidar-se jugant aquesta lliga i la posterior copa que organitza la Federaci\u00f3 de Futbol.<\/p>\n<p>&#8220;Tots els implicats en aquest projecte estem entusiasmats: els monitors i monitores, els coordinadors, els pares i mares, el regidor d&#8217;Esports i, sobretot, les futbolistes, que estan desitjant millorar i gaudir d&#8217;aquest esport&#8221;, apunta Vicente Garc\u00eda, coordinador de l&#8217;Escola Esportiva de Futbol de Xest.<\/p>\n<p>L&#8217;equip est\u00e0 format per 15 nenes, entre elles tres bu\u00f1olenses, que jugaran tots els divendres a les 18:30 hores al Camp La Vinya, fins al final de la lliga, contra els altres dotze equips que hi participen.<\/p>\n<p>&#8220;Hem aconseguit conformar un grup de nenes a qui els apassiona jugar a futbol, \u200b\u200bque han estat capa\u00e7os de trencar el gel a la zona dient que elles poden jugar a futbol igual que els nens i que ho fan molt b\u00e9, que gaudeixen jugant i ho transmeten als altres; d\u00f3na gust veure-les al camp, aix\u00ed que animo a tothom a que vingui a arroparlas en el seu primer partit a casa, perqu\u00e8 val la pena &#8220;, afegia Garc\u00eda. &#8220;El meu missatge per a elles \u00e9s que segueixin igual de unides, que gaudeixin jugant com fins ara, que aconsegueixin consolidar l&#8217;equip i que continu\u00efn donant exemple perqu\u00e8 puguem tenir futbol femen\u00ed per sempre a Xest&#8221;.<\/p>\n<p>Actualment, a la E.D.M. de Futbol tamb\u00e9 juguen juliol nenes en l&#8217;equip mixt Infantil B. Per aix\u00f2, l&#8217;objectiu \u00e9s formar un equip femen\u00ed sub-12 i un altre sub-16 de cara a la propera temporada.<\/p>\n<p>&#8220;Xest ja \u00e9s un referent de futbol femen\u00ed a la zona per a totes aquelles noies que vulguin jugar&#8221;, assenyala en regidor d&#8217;Esports, Francisco Llorens. &#8220;Apostem per elles i per la seva consolidaci\u00f3 com a equip; aquestes noies es recordaran com les primeres futbolistes que van formar equip a Xest, s\u00f3n unes pioneres en aquesta zona &#8220;.<\/p>\n<\/div>\n","protected":false},"excerpt":{"rendered":"<div class=\"mh-excerpt\">L&#8217;equip de futbol 8 femen\u00ed de Xest comen\u00e7a la lliga aquest divendres, 12 d&#8217;octubre, jugant a casa contra el Benet\u00fasser, a dos quarts de la tarda. Despr\u00e9s d&#8217;un any sencer de preparaci\u00f3 i adhesi\u00f3 de <a class=\"mh-excerpt-more\" href=\"https:\/\/www.tucomarca.com\/wordpress\/segunda\/ca\/lequip-de-futbol-femeni-de-xest-juga-el-seu-primer-partit-de-lliga\/\" title=\"L&#8217;equip de futbol femen\u00ed de Xest juga el seu primer partit de lliga\">[+] <\/a><\/div>\n","protected":false},"author":1,"featured_media":75889,"comment_status":"open","ping_status":"open","sticky":false,"template":"","format":"standard","meta":{"footnotes":""},"categories":[11015,11003,10898,10912,10896,10974],"tags":[11108,11109],"class_list":{"0":"post-75891","1":"post","2":"type-post","3":"status-publish","4":"format-standard","5":"has-post-thumbnail","7":"category-canal-futbol","8":"category-sports","9":"category-ventana-ca","10":"category-la-hoya-ca","11":"category-seccion-ca","12":"category-cheste-ca","13":"tag-la-foia-de-bunyol-xiva","14":"tag-xest"},"_links":{"self":[{"href":"https:\/\/www.tucomarca.com\/wordpress\/segunda\/ca\/wp-json\/wp\/v2\/posts\/75891","targetHints":{"allow":["GET"]}}],"collection":[{"href":"https:\/\/www.tucomarca.com\/wordpress\/segunda\/ca\/wp-json\/wp\/v2\/posts"}],"about":[{"href":"https:\/\/www.tucomarca.com\/wordpress\/segunda\/ca\/wp-json\/wp\/v2\/types\/post"}],"author":[{"embeddable":true,"href":"https:\/\/www.tucomarca.com\/wordpress\/segunda\/ca\/wp-json\/wp\/v2\/users\/1"}],"replies":[{"embeddable":true,"href":"https:\/\/www.tucomarca.com\/wordpress\/segunda\/ca\/wp-json\/wp\/v2\/comments?post=75891"}],"version-history":[{"count":0,"href":"https:\/\/www.tucomarca.com\/wordpress\/segunda\/ca\/wp-json\/wp\/v2\/posts\/75891\/revisions"}],"wp:featuredmedia":[{"embeddable":true,"href":"https:\/\/www.tucomarca.com\/wordpress\/segunda\/ca\/wp-json\/wp\/v2\/media\/75889"}],"wp:attachment":[{"href":"https:\/\/www.tucomarca.com\/wordpress\/segunda\/ca\/wp-json\/wp\/v2\/media?parent=75891"}],"wp:term":[{"taxonomy":"category","embeddable":true,"href":"https:\/\/www.tucomarca.com\/wordpress\/segunda\/ca\/wp-json\/wp\/v2\/categories?post=75891"},{"taxonomy":"post_tag","embeddable":true,"href":"https:\/\/www.tucomarca.com\/wordpress\/segunda\/ca\/wp-json\/wp\/v2\/tags?post=75891"}],"curies":[{"name":"wp","href":"https:\/\/api.w.org\/{rel}","templated":true}]}}