{"id":75926,"date":"2018-10-13T00:58:49","date_gmt":"2018-10-12T22:58:49","guid":{"rendered":"http:\/\/www.tucomarca.com\/wordpress\/segunda\/?p=75926"},"modified":"2018-10-13T00:58:49","modified_gmt":"2018-10-12T22:58:49","slug":"el-cd-xest-rep-lxirivella-mentre-el-cd-turis-visita-a-lmanises-i-la-ud-iatova-a-aldaia","status":"publish","type":"post","link":"https:\/\/www.tucomarca.com\/wordpress\/segunda\/ca\/el-cd-xest-rep-lxirivella-mentre-el-cd-turis-visita-a-lmanises-i-la-ud-iatova-a-aldaia\/","title":{"rendered":"El CD Xest rep l&#8217;Xirivella mentre el CD Tur\u00eds visita a l&#8217;Manises i la UD I\u00e0tova a Aldaia"},"content":{"rendered":"<p>Despr\u00e9s de l&#8217;empat en la passada jornada, el CD Tur\u00eds viatjar\u00e0 a Manises per enfrontar-se a Joventut Manisense. En principi semblar\u00e0 dif\u00edcil fer-los mal a casa, per\u00f2 si hi ha un moment idoni per a fer-ho, \u00e9s ara amb la reciene derrota dels manisenses front Y\u00e1tova.<\/p>\n<p>L&#8217;objectiu segur \u00e9s superar el rival, m\u00e9s si est\u00e0 per sota a la taula i amb aquests 3 punts seguir lluitant i ficant pressi\u00f3 a la resta per estar situat a la zona alta de la classificaci\u00f3.<\/p>\n<p>CD Xest i Xirivella es veuran les cares despr\u00e9s d&#8217;haver sumat els seus \u00faltims possibles 3 punts i amb din\u00e0mica positiva, a m\u00e9s a difer\u00e8ncia entre ells \u00e9s de 2 punts, de manera que els chestanos segur volen rebre&#8217;ls amb vict\u00f2ria que els permeti avan\u00e7ar als seus rivals i pujar llocs, ja que entre altres coses, el primer lloc est\u00e0 &#8220;a 3&#8221;.<\/p>\n<p>La UD I\u00e0tova s&#8217;enfrontar\u00e0 al Aldaia B, els actuals cuers, de manera que no pensen els de Tom\u00e1s en una altra cosa que no sigui la vict\u00f2ria, m\u00e9s comptant que els yatoveros s\u00f3n els actuals segons del grup, separats per nom\u00e9s un punt (l\u00edders 10 i ells 9), per la qual cosa guanyar un rival en teoria f\u00e0cil i un possible resval\u00f3n dels l\u00edders podria donar-los acc\u00e8s autom\u00e0tic al liderat, res relativament important ara per ara, per si imatge de for\u00e7a de cara a la galeria. Informa, Ra\u00fal Miralles Lacalle @raulmks<\/p>\n","protected":false},"excerpt":{"rendered":"<div class=\"mh-excerpt\">Despr\u00e9s de l&#8217;empat en la passada jornada, el CD Tur\u00eds viatjar\u00e0 a Manises per enfrontar-se a Joventut Manisense. En principi semblar\u00e0 dif\u00edcil fer-los mal a casa, per\u00f2 si hi ha un moment idoni per a <a class=\"mh-excerpt-more\" href=\"https:\/\/www.tucomarca.com\/wordpress\/segunda\/ca\/el-cd-xest-rep-lxirivella-mentre-el-cd-turis-visita-a-lmanises-i-la-ud-iatova-a-aldaia\/\" title=\"El CD Xest rep l&#8217;Xirivella mentre el CD Tur\u00eds visita a l&#8217;Manises i la UD I\u00e0tova a Aldaia\">[+] <\/a><\/div>\n","protected":false},"author":1,"featured_media":75921,"comment_status":"open","ping_status":"open","sticky":false,"template":"","format":"standard","meta":{"footnotes":""},"categories":[11015,11003,10898,10980,10912,10902,10896,11047,10974],"tags":[11075],"class_list":{"0":"post-75926","1":"post","2":"type-post","3":"status-publish","4":"format-standard","5":"has-post-thumbnail","7":"category-canal-futbol","8":"category-sports","9":"category-ventana-ca","10":"category-yatova-ca","11":"category-la-hoya-ca","12":"category-la-ribera-ca","13":"category-seccion-ca","14":"category-turis-ca","15":"category-cheste-ca","16":"tag-futbol-ca"},"_links":{"self":[{"href":"https:\/\/www.tucomarca.com\/wordpress\/segunda\/ca\/wp-json\/wp\/v2\/posts\/75926","targetHints":{"allow":["GET"]}}],"collection":[{"href":"https:\/\/www.tucomarca.com\/wordpress\/segunda\/ca\/wp-json\/wp\/v2\/posts"}],"about":[{"href":"https:\/\/www.tucomarca.com\/wordpress\/segunda\/ca\/wp-json\/wp\/v2\/types\/post"}],"author":[{"embeddable":true,"href":"https:\/\/www.tucomarca.com\/wordpress\/segunda\/ca\/wp-json\/wp\/v2\/users\/1"}],"replies":[{"embeddable":true,"href":"https:\/\/www.tucomarca.com\/wordpress\/segunda\/ca\/wp-json\/wp\/v2\/comments?post=75926"}],"version-history":[{"count":0,"href":"https:\/\/www.tucomarca.com\/wordpress\/segunda\/ca\/wp-json\/wp\/v2\/posts\/75926\/revisions"}],"wp:featuredmedia":[{"embeddable":true,"href":"https:\/\/www.tucomarca.com\/wordpress\/segunda\/ca\/wp-json\/wp\/v2\/media\/75921"}],"wp:attachment":[{"href":"https:\/\/www.tucomarca.com\/wordpress\/segunda\/ca\/wp-json\/wp\/v2\/media?parent=75926"}],"wp:term":[{"taxonomy":"category","embeddable":true,"href":"https:\/\/www.tucomarca.com\/wordpress\/segunda\/ca\/wp-json\/wp\/v2\/categories?post=75926"},{"taxonomy":"post_tag","embeddable":true,"href":"https:\/\/www.tucomarca.com\/wordpress\/segunda\/ca\/wp-json\/wp\/v2\/tags?post=75926"}],"curies":[{"name":"wp","href":"https:\/\/api.w.org\/{rel}","templated":true}]}}