{"id":76231,"date":"2018-10-17T23:44:42","date_gmt":"2018-10-17T21:44:42","guid":{"rendered":"http:\/\/www.tucomarca.com\/wordpress\/segunda\/?p=76231"},"modified":"2018-10-17T23:44:42","modified_gmt":"2018-10-17T21:44:42","slug":"la-diputacio-activa-el-dispositiu-especial-demergencies-en-carreteres-davant-lalerta-per-pluges-intenses","status":"publish","type":"post","link":"https:\/\/www.tucomarca.com\/wordpress\/segunda\/ca\/la-diputacio-activa-el-dispositiu-especial-demergencies-en-carreteres-davant-lalerta-per-pluges-intenses\/","title":{"rendered":"La Diputaci\u00f3 activa el dispositiu especial d&#8217;emerg\u00e8ncies en carreteres davant l&#8217;alerta per pluges intenses"},"content":{"rendered":"<figure id=\"attachment_76228\" aria-describedby=\"caption-attachment-76228\" style=\"width: 312px\" class=\"wp-caption alignleft\"><img loading=\"lazy\" decoding=\"async\" class=\" wp-image-76228\" src=\"http:\/\/www.tucomarca.com\/wordpress\/segunda\/wp-content\/uploads\/2018\/10\/CarreteraMillares.jpg\" alt=\"Esta situaci\u00f3n climatol\u00f3gica adversa puede provocar desprendimientos de tierra.\" width=\"312\" height=\"189\" srcset=\"https:\/\/www.tucomarca.com\/wordpress\/segunda\/wp-content\/uploads\/2018\/10\/CarreteraMillares.jpg 1254w, https:\/\/www.tucomarca.com\/wordpress\/segunda\/wp-content\/uploads\/2018\/10\/CarreteraMillares-300x182.jpg 300w, https:\/\/www.tucomarca.com\/wordpress\/segunda\/wp-content\/uploads\/2018\/10\/CarreteraMillares-768x465.jpg 768w, https:\/\/www.tucomarca.com\/wordpress\/segunda\/wp-content\/uploads\/2018\/10\/CarreteraMillares-1024x621.jpg 1024w\" sizes=\"auto, (max-width: 312px) 100vw, 312px\" \/><figcaption id=\"caption-attachment-76228\" class=\"wp-caption-text\">Aquesta situaci\u00f3 climatol\u00f2gica adversa pot provocar despreniments de terra.<\/figcaption><\/figure>\n<p><strong>Segu\u00ed adverteix que les fortes precipitacions podrien causar despreniments, inundacions puntuals i caiguda d&#8217;arbres, de manera que no es descarta tallar la circulaci\u00f3 en trams de diverses vies<\/strong><\/p>\n<p>L&#8217;\u00e0rea de Carreteres de la Diputaci\u00f3 de Val\u00e8ncia ha activat aquest dimecres el dispositiu especial per emerg\u00e8ncies, davant l&#8217;episodi de pluges intenses que, segons ha alertat el Centre de Coordinaci\u00f3 de la Generalitat, s&#8217;espera que afecti la Comunitat Valenciana a partir de dijous .<\/p>\n<p>En el cas que la persist\u00e8ncia i extensi\u00f3 de les precipitacions anunciades arrib\u00e9s a assolir els volums anunciats, en alguns casos fins a 200 litres per metre quadrat, la xarxa provincial de carreteres es podria veure afectada per inundacions puntuals o generalitzades, el que comportaria el tall de determinades carreteres al llarg del cap de setmana.<\/p>\n<p>En paraules del diputat de Carreteres, Pablo Segu\u00ed, &#8220;aquesta situaci\u00f3 climatol\u00f2gica adversa pot provocar despreniments de terra i blocs i caiguda d&#8217;arbres, de manera que la recomanaci\u00f3 general \u00e9s evitar en la mesura del possible l&#8217;\u00fas del vehicle durant el temps que dure el fenomen i que, en el cas d&#8217;haver de fer-ho, els usuaris extremen al m\u00e0xim la precauci\u00f3 &#8220;.<\/p>\n<p>Les zones m\u00e9s sensibles s\u00f3n aquelles carreteres que creuen llits o barrancs o se situen pr\u00f2ximes a aquests, ja que es podrien veure desbordats i causar inundacions a la via. Especial risc presenten tamb\u00e9 les zones de talussos, on les pluges poden provocar arrossegaments i despreniments a la cal\u00e7ada. &#8220;Aquesta circumst\u00e0ncia es considera cr\u00edtica per a la seguretat vi\u00e0ria per l&#8217;inesperat de la seva aparici\u00f3, i podria obligar, amb car\u00e0cter preventiu i per minimitzar al m\u00e0xim els riscos per als usuaris de les vies, a senyalitzar el tall de diverses carreteres&#8221;, ha detallat, ha detallado Segu\u00ed.<\/p>\n<p><strong>Dispositiu mobilitzat<\/strong><\/p>\n<p>El titular de Carreteres ha afegit que el protocol d&#8217;actuaci\u00f3 preveu, per tal de garantir la seguretat de les persones, que tan aviat es constate la necessitat d&#8217;impedir la circulaci\u00f3 de vehicles per algun tram de carretera es procedir\u00e0, per part de les brigades d&#8217;emerg\u00e8ncies, a la senyalitzaci\u00f3 del tall de la carretera i del possible desviament. En aquest sentit, ha explicat que &#8220;mentres dure la situaci\u00f3 d&#8217;alerta, tot el personal de Conservaci\u00f3 romandr\u00e0 mobilitzat de manera que les decisions sobre els talls o senyalitzacions es prenguen tan prompte es considere necessari, a fi d&#8217;evitar conseq\u00fc\u00e8ncies tr\u00e0giques&#8221;.<\/p>\n<p>A m\u00e9s del personal de l&#8217;\u00e0rea de Carreteres, romandran mobilitzats tamb\u00e9 durant tot l&#8217;episodi el personal de Divalterra, les brigades han rebut la instrucci\u00f3 de posar-se al servici dels ajuntaments per a ajudar en aquelles emerg\u00e8ncies que pogueren produir-se en els municipis, i el personal del Consorci de Bombers, dependent tamb\u00e9 de la Diputaci\u00f3 de Val\u00e8ncia.<\/p>\n","protected":false},"excerpt":{"rendered":"<div class=\"mh-excerpt\">Segu\u00ed adverteix que les fortes precipitacions podrien causar despreniments, inundacions puntuals i caiguda d&#8217;arbres, de manera que no es descarta tallar la circulaci\u00f3 en trams de diverses vies L&#8217;\u00e0rea de Carreteres de la Diputaci\u00f3 de <a class=\"mh-excerpt-more\" href=\"https:\/\/www.tucomarca.com\/wordpress\/segunda\/ca\/la-diputacio-activa-el-dispositiu-especial-demergencies-en-carreteres-davant-lalerta-per-pluges-intenses\/\" title=\"La Diputaci\u00f3 activa el dispositiu especial d&#8217;emerg\u00e8ncies en carreteres davant l&#8217;alerta per pluges intenses\">[+] <\/a><\/div>\n","protected":false},"author":2,"featured_media":76229,"comment_status":"open","ping_status":"open","sticky":false,"template":"","format":"standard","meta":{"footnotes":""},"categories":[10890,10951,10892,11046,10898,10948,10963,10912,10902,10903,10909,10896],"tags":[11246,11247],"class_list":{"0":"post-76231","1":"post","2":"type-post","3":"status-publish","4":"format-standard","5":"has-post-thumbnail","7":"category-ademus","8":"category-ayora-cofrentes-ca","9":"category-camp-de-turia-ca","10":"category-los-serranos-ca","11":"category-ventana-ca","12":"category-infraestructuras-ca","13":"category-la-canal-de-navarres-ca","14":"category-la-hoya-ca","15":"category-la-ribera-ca","16":"category-medio-ambiente-la-comarca-ca","17":"category-requena-utiel-ca","18":"category-seccion-ca","19":"tag-diputacio-de-valencia-ca","20":"tag-emergencias-ca"},"_links":{"self":[{"href":"https:\/\/www.tucomarca.com\/wordpress\/segunda\/ca\/wp-json\/wp\/v2\/posts\/76231","targetHints":{"allow":["GET"]}}],"collection":[{"href":"https:\/\/www.tucomarca.com\/wordpress\/segunda\/ca\/wp-json\/wp\/v2\/posts"}],"about":[{"href":"https:\/\/www.tucomarca.com\/wordpress\/segunda\/ca\/wp-json\/wp\/v2\/types\/post"}],"author":[{"embeddable":true,"href":"https:\/\/www.tucomarca.com\/wordpress\/segunda\/ca\/wp-json\/wp\/v2\/users\/2"}],"replies":[{"embeddable":true,"href":"https:\/\/www.tucomarca.com\/wordpress\/segunda\/ca\/wp-json\/wp\/v2\/comments?post=76231"}],"version-history":[{"count":0,"href":"https:\/\/www.tucomarca.com\/wordpress\/segunda\/ca\/wp-json\/wp\/v2\/posts\/76231\/revisions"}],"wp:featuredmedia":[{"embeddable":true,"href":"https:\/\/www.tucomarca.com\/wordpress\/segunda\/ca\/wp-json\/wp\/v2\/media\/76229"}],"wp:attachment":[{"href":"https:\/\/www.tucomarca.com\/wordpress\/segunda\/ca\/wp-json\/wp\/v2\/media?parent=76231"}],"wp:term":[{"taxonomy":"category","embeddable":true,"href":"https:\/\/www.tucomarca.com\/wordpress\/segunda\/ca\/wp-json\/wp\/v2\/categories?post=76231"},{"taxonomy":"post_tag","embeddable":true,"href":"https:\/\/www.tucomarca.com\/wordpress\/segunda\/ca\/wp-json\/wp\/v2\/tags?post=76231"}],"curies":[{"name":"wp","href":"https:\/\/api.w.org\/{rel}","templated":true}]}}